{"id":9948,"date":"2025-08-30T00:15:28","date_gmt":"2025-08-29T22:15:28","guid":{"rendered":"https:\/\/www.farakostolna.sk\/?p=9948"},"modified":"2025-08-30T00:15:28","modified_gmt":"2025-08-29T22:15:28","slug":"farske-oznamy-a-zamyslenie-31-08-2025","status":"publish","type":"post","link":"https:\/\/www.farakostolna.sk\/?p=9948","title":{"rendered":"Farsk\u00e9 oznamy a zamyslenie (31.08.2025)"},"content":{"rendered":"\n<figure class=\"wp-block-image size-full\"><img loading=\"lazy\" decoding=\"async\" width=\"800\" height=\"418\" src=\"https:\/\/www.farakostolna.sk\/wp-content\/uploads\/2025\/08\/WhatsApp-Image-2025-08-29-at-23.41.32_0c15799a.jpg\" alt=\"\" class=\"wp-image-9949\" srcset=\"https:\/\/www.farakostolna.sk\/wp-content\/uploads\/2025\/08\/WhatsApp-Image-2025-08-29-at-23.41.32_0c15799a.jpg 800w, https:\/\/www.farakostolna.sk\/wp-content\/uploads\/2025\/08\/WhatsApp-Image-2025-08-29-at-23.41.32_0c15799a-300x157.jpg 300w, https:\/\/www.farakostolna.sk\/wp-content\/uploads\/2025\/08\/WhatsApp-Image-2025-08-29-at-23.41.32_0c15799a-768x401.jpg 768w\" sizes=\"auto, (max-width: 800px) 100vw, 800px\" \/><\/figure>\n\n\n\n<p><\/p>\n\n\n\n<p>VIP miesta na sedenie, parkovanie, stolovanie, modlenie\u2026 tak\u00ed sme. Pre Boha sme v\u0161etci VIP, preto sa rozhodol n\u00e1m sl\u00fa\u017ei\u0165. Pom\u00f4\u017eeme mu s t\u00fdm?<\/p>\n\n\n\n<!--more-->\n\n\n\n<p><strong>Sv\u00e4t\u00e9 om\u0161e u n\u00e1s:<\/strong><\/p>\n\n\n\n<p><strong>sobota \u2013 30. augusta (s nede\u013enou platnos\u0165ou)<\/strong><\/p>\n\n\n\n<ul class=\"wp-block-list\">\n<li><strong>17:00 \u2013 Hrub\u00e1 Bor\u0161a (slov.\/ma\u010f.)<\/strong><\/li>\n\n\n\n<li><strong>18:00 \u2013 Kostoln\u00e1 (slov.)<\/strong><\/li>\n<\/ul>\n\n\n\n<p><strong>nede\u013ea \u2013 31. augusta<\/strong><\/p>\n\n\n\n<ul class=\"wp-block-list\">\n<li><strong>8:00 \u2013 Hrub\u00fd \u0160\u00far (ma\u010f.)<\/strong><\/li>\n\n\n\n<li><strong>9:30 \u2013 Kostoln\u00e1 (ma\u010f.)<\/strong><\/li>\n\n\n\n<li><strong>11:00 \u2013 Kostoln\u00e1 (slov.)<\/strong><\/li>\n<\/ul>\n\n\n\n<p>V t\u00fato nede\u013eu budeme ma\u0165 tzv. \u201cVeni Sancte\u201d, to znamen\u00e1, \u017ee sa budeme modli\u0165 k Duchu Sv\u00e4t\u00e9mu o jeho dary pre na\u0161ich \u017eiakov, \u0161tudentov, pedag\u00f3gov i rodi\u010dov. <strong>Na v\u0161etk\u00fdch troch sv\u00e4t\u00fdch om\u0161iach (8:00, 9:30 a 11:00) budem po\u017eehn\u00e1va\u0165 \u0161kolsk\u00e9 ta\u0161ky.<\/strong> O 11:00 bude tzv. \u201crodinn\u00e1\u201d sv\u00e4t\u00e1 om\u0161a. Poz\u00fdvame v\u0161etky deti spolu s rodi\u010dmi.<\/p>\n\n\n\n<p>Tento t\u00fd\u017ede\u0148 sa bude sviatos\u0165 zmierenia vysluhova\u0165 v Kostolnej iba vo \u0161tvrtok a piatok od 17:00 do 18:00. V tom \u010dase bude v kostole ador\u00e1cia.<\/p>\n\n\n\n<p>Zhrnutie sv\u00e4t\u00fdch om\u0161\u00ed v nasleduj\u00faci t\u00fd\u017ede\u0148 v Kostolnej:<\/p>\n\n\n\n<ul class=\"wp-block-list\">\n<li>pondelok \u2013 NEBUDE<\/li>\n\n\n\n<li>utorok \u2013 NEBUDE<\/li>\n\n\n\n<li>streda \u2013 NEBUDE<\/li>\n\n\n\n<li>\u0161tvrtok \u2013 18:00 (slov.\/ma\u010f.)<\/li>\n\n\n\n<li>piatok \u2013 18:00 (slov.\/ma\u010f.)<\/li>\n\n\n\n<li>sobota \u2013 r\u00e1no nebude<\/li>\n<\/ul>\n\n\n\n<p>\u00damysly sv\u00e4t\u00fdch om\u0161\u00ed, ktor\u00e9 tento t\u00fd\u017ede\u0148 nebud\u00fa odsl\u00fa\u017een\u00e9, bud\u00fa po dohode presunut\u00e9 na in\u00fd d\u00e1tum.<\/p>\n\n\n\n<p>S \u00factou, <br>Pavol Gajdo\u0161,\u00a0v\u00e1\u0161\u00a0far\u00e1r<\/p>\n","protected":false},"excerpt":{"rendered":"<p>VIP miesta na sedenie, parkovanie, stolovanie, modlenie\u2026 tak\u00ed sme. Pre Boha sme v\u0161etci VIP, preto sa rozhodol n\u00e1m sl\u00fa\u017ei\u0165. Pom\u00f4\u017eeme mu s t\u00fdm?<\/p>\n","protected":false},"author":7,"featured_media":9949,"comment_status":"closed","ping_status":"closed","sticky":false,"template":"","format":"standard","meta":{"footnotes":""},"categories":[13],"tags":[],"class_list":{"0":"entry","1":"post","2":"publish","3":"author-slado89gmail-com","4":"has-more-link","5":"post-9948","7":"format-standard","8":"has-post-thumbnail","9":"category-oznamy"},"_links":{"self":[{"href":"https:\/\/www.farakostolna.sk\/index.php?rest_route=\/wp\/v2\/posts\/9948","targetHints":{"allow":["GET"]}}],"collection":[{"href":"https:\/\/www.farakostolna.sk\/index.php?rest_route=\/wp\/v2\/posts"}],"about":[{"href":"https:\/\/www.farakostolna.sk\/index.php?rest_route=\/wp\/v2\/types\/post"}],"author":[{"embeddable":true,"href":"https:\/\/www.farakostolna.sk\/index.php?rest_route=\/wp\/v2\/users\/7"}],"replies":[{"embeddable":true,"href":"https:\/\/www.farakostolna.sk\/index.php?rest_route=%2Fwp%2Fv2%2Fcomments&post=9948"}],"version-history":[{"count":1,"href":"https:\/\/www.farakostolna.sk\/index.php?rest_route=\/wp\/v2\/posts\/9948\/revisions"}],"predecessor-version":[{"id":9950,"href":"https:\/\/www.farakostolna.sk\/index.php?rest_route=\/wp\/v2\/posts\/9948\/revisions\/9950"}],"wp:featuredmedia":[{"embeddable":true,"href":"https:\/\/www.farakostolna.sk\/index.php?rest_route=\/wp\/v2\/media\/9949"}],"wp:attachment":[{"href":"https:\/\/www.farakostolna.sk\/index.php?rest_route=%2Fwp%2Fv2%2Fmedia&parent=9948"}],"wp:term":[{"taxonomy":"category","embeddable":true,"href":"https:\/\/www.farakostolna.sk\/index.php?rest_route=%2Fwp%2Fv2%2Fcategories&post=9948"},{"taxonomy":"post_tag","embeddable":true,"href":"https:\/\/www.farakostolna.sk\/index.php?rest_route=%2Fwp%2Fv2%2Ftags&post=9948"}],"curies":[{"name":"wp","href":"https:\/\/api.w.org\/{rel}","templated":true}]}}