{"id":9941,"date":"2025-08-22T22:35:06","date_gmt":"2025-08-22T20:35:06","guid":{"rendered":"https:\/\/www.farakostolna.sk\/?p=9941"},"modified":"2025-08-22T22:35:06","modified_gmt":"2025-08-22T20:35:06","slug":"farske-oznamy-a-zamyslenie-24-08-2025","status":"publish","type":"post","link":"https:\/\/www.farakostolna.sk\/?p=9941","title":{"rendered":"Farsk\u00e9 oznamy a zamyslenie (24.08.2025)"},"content":{"rendered":"\n<figure class=\"wp-block-image size-full\"><img loading=\"lazy\" decoding=\"async\" width=\"864\" height=\"432\" src=\"https:\/\/www.farakostolna.sk\/wp-content\/uploads\/2025\/08\/5663ee3e-a72c-474d-ba21-dbb107df6b41.jpeg\" alt=\"\" class=\"wp-image-9942\" srcset=\"https:\/\/www.farakostolna.sk\/wp-content\/uploads\/2025\/08\/5663ee3e-a72c-474d-ba21-dbb107df6b41.jpeg 864w, https:\/\/www.farakostolna.sk\/wp-content\/uploads\/2025\/08\/5663ee3e-a72c-474d-ba21-dbb107df6b41-300x150.jpeg 300w, https:\/\/www.farakostolna.sk\/wp-content\/uploads\/2025\/08\/5663ee3e-a72c-474d-ba21-dbb107df6b41-768x384.jpeg 768w\" sizes=\"auto, (max-width: 864px) 100vw, 864px\" \/><\/figure>\n\n\n\n<p><\/p>\n\n\n\n<p>Ale ve\u010f ja som ni\u010d zl\u00e9 neurobil! A \u010do dobr\u00e9 si urobil? Boh od n\u00e1s nechce len, aby sme nerobili ni\u010d zl\u00e9. Ve\u010f za to ani v zamestnan\u00ed nie sme platen\u00ed. Chce od n\u00e1s, aby sme naplnili svoje poslanie.<\/p>\n\n\n\n<!--more-->\n\n\n\n<p><strong>Sv\u00e4t\u00e9 om\u0161e u n\u00e1s:<\/strong><\/p>\n\n\n\n<p><strong>sobota \u2013 23. augusta (s nede\u013enou platnos\u0165ou)<\/strong><\/p>\n\n\n\n<ul class=\"wp-block-list\">\n<li><strong>17:00 \u2013 Hrub\u00e1 Bor\u0161a (slov.\/ma\u010f.)<\/strong><\/li>\n\n\n\n<li><strong>18:00 \u2013 Kostoln\u00e1 (slov.)<\/strong><\/li>\n<\/ul>\n\n\n\n<p><strong>nede\u013ea \u2013 24. augusta<\/strong><\/p>\n\n\n\n<ul class=\"wp-block-list\">\n<li><strong>8:00 \u2013 Hrub\u00fd \u0160\u00far (ma\u010f.)<\/strong><\/li>\n\n\n\n<li><strong>9:30 \u2013 Kostoln\u00e1 (ma\u010f.)<\/strong><\/li>\n\n\n\n<li><strong>11:00 \u2013 Kostoln\u00e1 (slov.)<\/strong><\/li>\n<\/ul>\n\n\n\n<p>Tento t\u00fd\u017ede\u0148 budem vysluhova\u0165 sviatos\u0165 zmierenia v Kostolnej v stredu, \u0161tvrtok a piatok od 17:00 do 18:00. V tom \u010dase bude v kostole ador\u00e1cia.<\/p>\n\n\n\n<p><strong>O t\u00fd\u017ede\u0148 v nede\u013eu 31. augusta budeme ma\u0165 tzv. \u201cVeni Sancte\u201d, to znamen\u00e1, \u017ee sa budeme modli\u0165 k Duchu Sv\u00e4t\u00e9mu o jeho dary pre na\u0161ich \u017eiakov, \u0161tudentov, pedag\u00f3gov i rodi\u010dov. Na v\u0161etk\u00fdch troch sv\u00e4t\u00fdch om\u0161iach (8:00, 9:30 a 11:00) budem po\u017eehn\u00e1va\u0165 \u0161kolsk\u00e9 ta\u0161ky. O 11:00 bude tzv. \u201crodinn\u00e1\u201d sv\u00e4t\u00e1 om\u0161a. Poz\u00fdvame v\u0161etky deti spolu s rodi\u010dmi.<\/strong><\/p>\n\n\n\n<p>Minulot\u00fd\u017ed\u0148ov\u00e1 pravideln\u00e1 mesa\u010dn\u00e1 zbierka na kostol a prev\u00e1dzkov\u00e9 n\u00e1klady farnosti vyniesla v Kostolnej 650,97 \u20ac, v Hrubej Bor\u0161i 93,40 \u20ac a v Hrubom \u0160\u00fare na prev\u00e1dzkov\u00e9 n\u00e1klady farnosti a potreby \u0161\u00farskej kaplnky 168,50 \u20ac. \u00daprimne \u010fakujem za va\u0161u \u0161tedros\u0165.<\/p>\n\n\n\n<p>Zhrnutie sv\u00e4t\u00fdch om\u0161\u00ed v nasleduj\u00faci t\u00fd\u017ede\u0148 v Kostolnej:<\/p>\n\n\n\n<ul class=\"wp-block-list\">\n<li>pondelok \u2013 8:30 (slov.\/ma\u010f. )<\/li>\n\n\n\n<li>utorok \u2013 18:00 (slov.\/ma\u010f.)<\/li>\n\n\n\n<li>streda \u2013 18:00 (ma\u010f.) a 19:00 (slov.)<\/li>\n\n\n\n<li>\u0161tvrtok \u2013 18:00 (ma\u010f.) a 19:00 (slov.)<\/li>\n\n\n\n<li>piatok \u2013 18:00 (slov.\/ma\u010f.)<\/li>\n\n\n\n<li>sobota \u2013 r\u00e1no nebude<\/li>\n<\/ul>\n\n\n\n<p>S \u00factou, <br>Pavol Gajdo\u0161, v\u00e1\u0161 far\u00e1r<\/p>\n\n\n\n<p><\/p>\n","protected":false},"excerpt":{"rendered":"<p>Ale ve\u010f ja som ni\u010d zl\u00e9 neurobil! A \u010do dobr\u00e9 si urobil? Boh od n\u00e1s nechce len, aby sme nerobili ni\u010d zl\u00e9. Ve\u010f za to ani v zamestnan\u00ed nie sme platen\u00ed. Chce od n\u00e1s, aby sme naplnili svoje poslanie.<\/p>\n","protected":false},"author":7,"featured_media":9942,"comment_status":"closed","ping_status":"closed","sticky":false,"template":"","format":"standard","meta":{"footnotes":""},"categories":[13],"tags":[],"class_list":{"0":"entry","1":"post","2":"publish","3":"author-slado89gmail-com","4":"has-more-link","5":"post-9941","7":"format-standard","8":"has-post-thumbnail","9":"category-oznamy"},"_links":{"self":[{"href":"https:\/\/www.farakostolna.sk\/index.php?rest_route=\/wp\/v2\/posts\/9941","targetHints":{"allow":["GET"]}}],"collection":[{"href":"https:\/\/www.farakostolna.sk\/index.php?rest_route=\/wp\/v2\/posts"}],"about":[{"href":"https:\/\/www.farakostolna.sk\/index.php?rest_route=\/wp\/v2\/types\/post"}],"author":[{"embeddable":true,"href":"https:\/\/www.farakostolna.sk\/index.php?rest_route=\/wp\/v2\/users\/7"}],"replies":[{"embeddable":true,"href":"https:\/\/www.farakostolna.sk\/index.php?rest_route=%2Fwp%2Fv2%2Fcomments&post=9941"}],"version-history":[{"count":1,"href":"https:\/\/www.farakostolna.sk\/index.php?rest_route=\/wp\/v2\/posts\/9941\/revisions"}],"predecessor-version":[{"id":9943,"href":"https:\/\/www.farakostolna.sk\/index.php?rest_route=\/wp\/v2\/posts\/9941\/revisions\/9943"}],"wp:featuredmedia":[{"embeddable":true,"href":"https:\/\/www.farakostolna.sk\/index.php?rest_route=\/wp\/v2\/media\/9942"}],"wp:attachment":[{"href":"https:\/\/www.farakostolna.sk\/index.php?rest_route=%2Fwp%2Fv2%2Fmedia&parent=9941"}],"wp:term":[{"taxonomy":"category","embeddable":true,"href":"https:\/\/www.farakostolna.sk\/index.php?rest_route=%2Fwp%2Fv2%2Fcategories&post=9941"},{"taxonomy":"post_tag","embeddable":true,"href":"https:\/\/www.farakostolna.sk\/index.php?rest_route=%2Fwp%2Fv2%2Ftags&post=9941"}],"curies":[{"name":"wp","href":"https:\/\/api.w.org\/{rel}","templated":true}]}}