{"id":9933,"date":"2025-08-15T23:48:54","date_gmt":"2025-08-15T21:48:54","guid":{"rendered":"https:\/\/www.farakostolna.sk\/?p=9933"},"modified":"2025-08-16T11:07:12","modified_gmt":"2025-08-16T09:07:12","slug":"farske-oznamy-a-zamyslenie-17-08-2025","status":"publish","type":"post","link":"https:\/\/www.farakostolna.sk\/?p=9933","title":{"rendered":"Farsk\u00e9 oznamy a zamyslenie (17.08.2025)"},"content":{"rendered":"<div class=\"wp-block-image\">\n<figure class=\"aligncenter size-large\"><img loading=\"lazy\" decoding=\"async\" width=\"1024\" height=\"573\" src=\"https:\/\/www.farakostolna.sk\/wp-content\/uploads\/2025\/08\/WhatsApp-Image-2025-08-15-at-22.10.56_e4bc7758-1024x573.jpg\" alt=\"\" class=\"wp-image-9934\" srcset=\"https:\/\/www.farakostolna.sk\/wp-content\/uploads\/2025\/08\/WhatsApp-Image-2025-08-15-at-22.10.56_e4bc7758-1024x573.jpg 1024w, https:\/\/www.farakostolna.sk\/wp-content\/uploads\/2025\/08\/WhatsApp-Image-2025-08-15-at-22.10.56_e4bc7758-300x168.jpg 300w, https:\/\/www.farakostolna.sk\/wp-content\/uploads\/2025\/08\/WhatsApp-Image-2025-08-15-at-22.10.56_e4bc7758-768x430.jpg 768w, https:\/\/www.farakostolna.sk\/wp-content\/uploads\/2025\/08\/WhatsApp-Image-2025-08-15-at-22.10.56_e4bc7758-1536x860.jpg 1536w, https:\/\/www.farakostolna.sk\/wp-content\/uploads\/2025\/08\/WhatsApp-Image-2025-08-15-at-22.10.56_e4bc7758.jpg 1600w\" sizes=\"auto, (max-width: 1024px) 100vw, 1024px\" \/><\/figure>\n<\/div>\n\n\n<p><\/p>\n\n\n\n<p>V \u010dase, ke\u010f t\u00fa\u017eime po mieri a pokoji, n\u00e1m Je\u017ei\u0161 hovor\u00ed o zvrhnut\u00ed oh\u0148a na zem. Jeho ohe\u0148 v\u0161ak nielen p\u00e1li, ale aj o\u010dis\u0165uje. Odde\u013euje dobr\u00e9 od zl\u00e9ho. On m\u00e1 to, \u010do n\u00e1m tak ve\u013emi ch\u00fdba &#8211; dokonal\u00fa milos\u0165 a spravodlivos\u0165 s\u00fa\u010dasne. Nech\u00e1\u0161 sa o\u010disti\u0165 Jeho l\u00e1skou alebo chce\u0161 &#8220;o\u010dis\u0165ova\u0165&#8221; a riedi\u0165 Bo\u017eie slovo?<\/p>\n\n\n\n<!--more-->\n\n\n\n<p><strong>Sv\u00e4t\u00e9 om\u0161e u n\u00e1s:<\/strong><\/p>\n\n\n\n<p><strong>sobota \u2013 16. augusta (s nede\u013enou platnos\u0165ou)<\/strong><\/p>\n\n\n\n<ul class=\"wp-block-list\">\n<li><strong>17:00 \u2013 Hrub\u00e1 Bor\u0161a (slov.\/ma\u010f.)<\/strong><\/li>\n\n\n\n<li><strong>18:00 \u2013 Kostoln\u00e1 (slov.)<\/strong><\/li>\n<\/ul>\n\n\n\n<p><strong>nede\u013ea \u2013 17. augusta<\/strong><\/p>\n\n\n\n<ul class=\"wp-block-list\">\n<li><strong>8:00 \u2013 Hrub\u00fd \u0160\u00far (ma\u010f.)<\/strong><\/li>\n\n\n\n<li><strong>9:30 \u2013 Kostoln\u00e1 (ma\u010f.)<\/strong><\/li>\n\n\n\n<li><strong>11:00 \u2013 Kostoln\u00e1 (slov.)<\/strong><\/li>\n<\/ul>\n\n\n\n<p>Tento t\u00fd\u017ede\u0148 budem vysluhova\u0165 sviatos\u0165 zmierenia v Kostolnej iba v utorok a vo \u0161tvrtok od 17:00 do 18:00. V tom \u010dase bude v kostole ador\u00e1cia.<\/p>\n\n\n\n<p>Tento v\u00edkend m\u00e1me pravideln\u00fa mesa\u010dn\u00fa zbierku na kostol a prev\u00e1dzkov\u00e9 n\u00e1klady farnosti. Vopred \u010fakujem.<\/p>\n\n\n\n<p><span style=\"color:red\"><strong>V t\u00fato nede\u013eu od 9:00 do 12:30 sa kon\u00e1 cyklistick\u00fd pretek. Pelot\u00f3n bude prech\u00e1dza\u0165 v cca 20 minutov\u00fdch intervaloch cez Kostoln\u00fa a pri kostole bude odb\u00e1\u010da\u0165 na Kr\u00e1\u013eov\u00fa. Organiz\u00e1tori prosia o zv\u00fd\u0161en\u00fa opatrnos\u0165 pri parkovan\u00ed a pri odchode z kostola.<\/strong><\/span><\/p>\n\n\n\n<p><strong>V t\u00fato stredu (20. 8.) na sviatok Sv\u00e4t\u00e9ho \u0160tefana organizujeme farsk\u00fa p\u00fa\u0165 na sl\u00e1vnostn\u00fa sv\u00e4t\u00fa om\u0161u o 18:00 do Katedr\u00e1ly sv\u00e4t\u00e9ho Martina v Bratislave. Odchod autobusom bude 16:30 z Kostolnej a 16:35 z Hrub\u00e9ho \u0160\u00faru. Cestovn\u00e9 5 \u20ac. Prihlasujte sa, pros\u00edm, v sakristii.<\/strong><\/p>\n\n\n\n<p><strong>Starosta obce spolu s poslancami obecn\u00e9ho zastupite\u013estva si V\u00e1s dovo\u013euj\u00fa srde\u010dne pozva\u0165 na sl\u00e1vnostn\u00e9 podujatie v r\u00e1mci obecn\u00fdch dn\u00ed, ktor\u00e9 sa uskuto\u010dn\u00ed v piatok 22. augusta 2025 o 17:00 hod. Program sa za\u010dne sl\u00e1vnostnou sv\u00e4tou om\u0161ou vo farskom kostole, po ktorej sa \u00fa\u010dastn\u00edci spolo\u010dne presun\u00fa pod pr\u00edstre\u0161ok na farskom dvore. Tu bud\u00fa hostia priv\u00edtan\u00ed ob\u010derstven\u00edm a sprievodn\u00fdm programom. Srde\u010dne poz\u00fdvame aj na programy\u00a0sobotn\u00e9ho\u00a0d\u0148a.<\/strong><\/p>\n\n\n\n<p>Zhrnutie sv\u00e4t\u00fdch om\u0161\u00ed v nasleduj\u00faci t\u00fd\u017ede\u0148 v Kostolnej:<\/p>\n\n\n\n<ul class=\"wp-block-list\">\n<li>pondelok \u2013 8:30 (slov.\/ma\u010f. )<\/li>\n\n\n\n<li>utorok \u2013 18:00 (slov.\/ma\u010f.)<\/li>\n\n\n\n<li>streda \u2013 8:30 (slov.)<\/li>\n\n\n\n<li>\u0161tvrtok \u2013 18:00 (ma\u010f.) a 19:00 (slov.)<\/li>\n\n\n\n<li>piatok \u2013 17:00 (slov.\/ma\u010f.)<\/li>\n\n\n\n<li>sobota \u2013 r\u00e1no nebude<\/li>\n<\/ul>\n\n\n\n<p>S \u00factou, <br>Pavol Gajdo\u0161, v\u00e1\u0161 far\u00e1r<\/p>\n\n\n\n<p><em><span style=\"text-decoration: underline;\">\u010eal\u0161ie oznamy z arcidiec\u00e9zy:<\/span><\/em><\/p>\n\n\n\n<ul class=\"wp-block-list\">\n<li><strong>Spolo\u010denstvo Ladislava Hanusa poz\u00fdva mlad\u00fdch vo veku 18 a\u017e 30 rokov do svojho forma\u010dno-akademick\u00e9ho programu.<\/strong>&nbsp;Cie\u013eom programu je preh\u013abi\u0165 vieru, posilni\u0165 kritick\u00e9 myslenie a zapoji\u0165 sa do budovania kres\u0165anskej kult\u00fary v spolo\u010dnosti. Nejde o klasick\u00e9 predn\u00e1\u0161ky, ale o moderovan\u00e9 diskusie nad p\u00f4vodn\u00fdmi textami cirkevn\u00fdch otcov, teol\u00f3gov a myslite\u013eov.&nbsp;<strong>Prihl\u00e1si\u0165 sa je mo\u017en\u00e9 do 31. augusta 2025<\/strong>&nbsp;cez webov\u00fa str\u00e1nku:&nbsp;<a href=\"http:\/\/www.slh.sk\/program-ba\"><strong>www.slh.sk\/program-ba<\/strong><\/a><\/li>\n<\/ul>\n\n\n\n<p><\/p>\n","protected":false},"excerpt":{"rendered":"<p>V \u010dase, ke\u010f t\u00fa\u017eime po mieri a pokoji, n\u00e1m Je\u017ei\u0161 hovor\u00ed o zvrhnut\u00ed oh\u0148a na zem. Jeho ohe\u0148 v\u0161ak nielen p\u00e1li, ale aj o\u010dis\u0165uje. Odde\u013euje dobr\u00e9 od zl\u00e9ho. On m\u00e1 to, \u010do n\u00e1m tak ve\u013emi ch\u00fdba &#8211; dokonal\u00fa milos\u0165 a spravodlivos\u0165 s\u00fa\u010dasne. Nech\u00e1\u0161 sa o\u010disti\u0165 Jeho l\u00e1skou alebo chce\u0161 &#8220;o\u010dis\u0165ova\u0165&#8221; a riedi\u0165 Bo\u017eie slovo?<\/p>\n","protected":false},"author":7,"featured_media":9934,"comment_status":"closed","ping_status":"closed","sticky":false,"template":"","format":"standard","meta":{"footnotes":""},"categories":[13],"tags":[],"class_list":{"0":"entry","1":"post","2":"publish","3":"author-slado89gmail-com","4":"has-more-link","5":"post-9933","7":"format-standard","8":"has-post-thumbnail","9":"category-oznamy"},"_links":{"self":[{"href":"https:\/\/www.farakostolna.sk\/index.php?rest_route=\/wp\/v2\/posts\/9933","targetHints":{"allow":["GET"]}}],"collection":[{"href":"https:\/\/www.farakostolna.sk\/index.php?rest_route=\/wp\/v2\/posts"}],"about":[{"href":"https:\/\/www.farakostolna.sk\/index.php?rest_route=\/wp\/v2\/types\/post"}],"author":[{"embeddable":true,"href":"https:\/\/www.farakostolna.sk\/index.php?rest_route=\/wp\/v2\/users\/7"}],"replies":[{"embeddable":true,"href":"https:\/\/www.farakostolna.sk\/index.php?rest_route=%2Fwp%2Fv2%2Fcomments&post=9933"}],"version-history":[{"count":4,"href":"https:\/\/www.farakostolna.sk\/index.php?rest_route=\/wp\/v2\/posts\/9933\/revisions"}],"predecessor-version":[{"id":9938,"href":"https:\/\/www.farakostolna.sk\/index.php?rest_route=\/wp\/v2\/posts\/9933\/revisions\/9938"}],"wp:featuredmedia":[{"embeddable":true,"href":"https:\/\/www.farakostolna.sk\/index.php?rest_route=\/wp\/v2\/media\/9934"}],"wp:attachment":[{"href":"https:\/\/www.farakostolna.sk\/index.php?rest_route=%2Fwp%2Fv2%2Fmedia&parent=9933"}],"wp:term":[{"taxonomy":"category","embeddable":true,"href":"https:\/\/www.farakostolna.sk\/index.php?rest_route=%2Fwp%2Fv2%2Fcategories&post=9933"},{"taxonomy":"post_tag","embeddable":true,"href":"https:\/\/www.farakostolna.sk\/index.php?rest_route=%2Fwp%2Fv2%2Ftags&post=9933"}],"curies":[{"name":"wp","href":"https:\/\/api.w.org\/{rel}","templated":true}]}}