{"id":9927,"date":"2025-08-09T07:32:13","date_gmt":"2025-08-09T05:32:13","guid":{"rendered":"https:\/\/www.farakostolna.sk\/?p=9927"},"modified":"2025-08-09T14:32:04","modified_gmt":"2025-08-09T12:32:04","slug":"farske-oznamy-a-zamyslenie-10-08-2025","status":"publish","type":"post","link":"https:\/\/www.farakostolna.sk\/?p=9927","title":{"rendered":"Farsk\u00e9 oznamy a zamyslenie (10.08.2025)"},"content":{"rendered":"<div class=\"wp-block-image\">\n<figure class=\"aligncenter size-full\"><img loading=\"lazy\" decoding=\"async\" width=\"640\" height=\"366\" src=\"https:\/\/www.farakostolna.sk\/wp-content\/uploads\/2025\/08\/WhatsApp-Image-2025-08-08-at-23.38.19_482fd23d.jpg\" alt=\"\" class=\"wp-image-9928\" srcset=\"https:\/\/www.farakostolna.sk\/wp-content\/uploads\/2025\/08\/WhatsApp-Image-2025-08-08-at-23.38.19_482fd23d.jpg 640w, https:\/\/www.farakostolna.sk\/wp-content\/uploads\/2025\/08\/WhatsApp-Image-2025-08-08-at-23.38.19_482fd23d-300x172.jpg 300w\" sizes=\"auto, (max-width: 640px) 100vw, 640px\" \/><\/figure>\n<\/div>\n\n\n<p><\/p>\n\n\n\n<p>Budova\u0165 a br\u00e1ni\u0165 socialistick\u00fa vlas\u0165\u2026 tak znelo heslo jednej etapy na\u0161ej \u201cbudovate\u013eskej\u201d doby. Boh n\u00e1s ale vyz\u00fdva k inej pripravenosti &#8211; na budovanie Bo\u017eieho kr\u00e1\u013eovstva. Nie v\u0161ak na n\u00e1\u0161 obraz, ale na Bo\u017e\u00ed. Si pripraven\u00fd?<\/p>\n\n\n\n<!--more-->\n\n\n\n<p><strong>Sv\u00e4t\u00e9 om\u0161e u n\u00e1s:<\/strong><\/p>\n\n\n\n<p><strong>sobota \u2013 9. augusta (s nede\u013enou platnos\u0165ou)<\/strong><\/p>\n\n\n\n<ul class=\"wp-block-list\">\n<li><strong>17:00 \u2013 Hrub\u00e1 Bor\u0161a (slov.\/ma\u010f.)<\/strong><\/li>\n\n\n\n<li><strong>18:00 \u2013 Kostoln\u00e1 (slov.)<\/strong><\/li>\n<\/ul>\n\n\n\n<p><strong>nede\u013ea \u2013 10. augusta<\/strong><\/p>\n\n\n\n<ul class=\"wp-block-list\">\n<li><strong>8:00 \u2013 Hrub\u00fd \u0160\u00far (ma\u010f.)<\/strong><\/li>\n\n\n\n<li><strong>9:30 \u2013 Kostoln\u00e1 (ma\u010f.)<\/strong><\/li>\n\n\n\n<li><strong>11:00 \u2013 Kostoln\u00e1 (slov.)<\/strong><\/li>\n<\/ul>\n\n\n\n<p>Tento t\u00fd\u017ede\u0148 budem vysluhova\u0165 sviatos\u0165 zmierenia v Kostolnej iba v utorok a stredu od 17:00 do 18:00. V tom \u010dase bude v kostole ador\u00e1cia.<\/p>\n\n\n\n<p><strong>Tento t\u00fd\u017ede\u0148 m\u00e1me cirkevne prik\u00e1zan\u00fd sviatok Nanebovzatia Panny M\u00e1rie. Sv\u00e4t\u00e9 om\u0161e bud\u00fa nasledovne:<\/strong><\/p>\n\n\n\n<p><strong>\u0161tvrtok &#8211; 14. augusta (v predve\u010der sviatku)<\/strong><\/p>\n\n\n\n<ul class=\"wp-block-list\">\n<li><strong>17:00 \u2013 Hrub\u00e1 Bor\u0161a (slov.\/ma\u010f.)<\/strong><\/li>\n\n\n\n<li><strong>18:00 \u2013 Kostoln\u00e1 (slov.)<\/strong><\/li>\n<\/ul>\n\n\n\n<p><strong>piatok &#8211; 15. augusta<\/strong><\/p>\n\n\n\n<ul class=\"wp-block-list\">\n<li><strong>17:00 \u2013 Kostoln\u00e1 (ma\u010f.)<\/strong><\/li>\n\n\n\n<li><strong>18:00 \u2013 Kostoln\u00e1 (slov.)<\/strong><\/li>\n\n\n\n<li><strong>19:00 \u2013 Hrub\u00fd \u0160\u00far (ma\u010f.)<\/strong><\/li>\n<\/ul>\n\n\n\n<p>Zhrnutie sv\u00e4t\u00fdch om\u0161\u00ed v nasleduj\u00faci t\u00fd\u017ede\u0148 v Kostolnej:<\/p>\n\n\n\n<ul class=\"wp-block-list\">\n<li>pondelok \u2013 8:30 (slov.\/ma\u010f. )<\/li>\n\n\n\n<li>utorok \u2013 18:00 (slov.\/ma\u010f.)<\/li>\n\n\n\n<li>streda \u2013 17:00 (ma\u010f.) a 18:00 (slov.)<\/li>\n\n\n\n<li>\u0161tvrtok \u2013 18:00 (slov.)<\/li>\n\n\n\n<li>piatok \u2013 17:00 (ma\u010f.) a 18:00 (slov.)<\/li>\n\n\n\n<li>sobota \u2013 r\u00e1no nebude<\/li>\n<\/ul>\n\n\n\n<p>S \u00factou, <br>Pavol Gajdo\u0161, v\u00e1\u0161 far\u00e1r<\/p>\n\n\n\n<p><em><span style=\"text-decoration: underline;\">\u010eal\u0161ie oznamy z arcidiec\u00e9zy:<\/span><\/em><\/p>\n\n\n\n<ul class=\"wp-block-list\">\n<li><strong>Spolo\u010denstvo Ladislava Hanusa poz\u00fdva mlad\u00fdch vo veku 18 a\u017e 30 rokov do svojho forma\u010dno-akademick\u00e9ho programu.<\/strong> Cie\u013eom programu je preh\u013abi\u0165 vieru, posilni\u0165 kritick\u00e9 myslenie a zapoji\u0165 sa do budovania kres\u0165anskej kult\u00fary v spolo\u010dnosti. Nejde o klasick\u00e9 predn\u00e1\u0161ky, ale o moderovan\u00e9 diskusie nad p\u00f4vodn\u00fdmi textami cirkevn\u00fdch otcov, teol\u00f3gov a myslite\u013eov. <strong>Prihl\u00e1si\u0165 sa je mo\u017en\u00e9 do 31. augusta 2025<\/strong> cez webov\u00fa str\u00e1nku: <a href=\"http:\/\/www.slh.sk\/program-ba\"><strong>www.slh.sk\/program-ba<\/strong><\/a><\/li>\n<\/ul>\n\n\n\n<p><\/p>\n","protected":false},"excerpt":{"rendered":"<p>Budova\u0165 a br\u00e1ni\u0165 socialistick\u00fa vlas\u0165\u2026 tak znelo heslo jednej etapy na\u0161ej \u201cbudovate\u013eskej\u201d doby. Boh n\u00e1s ale vyz\u00fdva k inej pripravenosti &#8211; na budovanie Bo\u017eieho kr\u00e1\u013eovstva. Nie v\u0161ak na n\u00e1\u0161 obraz, ale na Bo\u017e\u00ed. Si pripraven\u00fd?<\/p>\n","protected":false},"author":7,"featured_media":9928,"comment_status":"closed","ping_status":"closed","sticky":false,"template":"","format":"standard","meta":{"footnotes":""},"categories":[13],"tags":[],"class_list":{"0":"entry","1":"post","2":"publish","3":"author-slado89gmail-com","4":"has-more-link","5":"post-9927","7":"format-standard","8":"has-post-thumbnail","9":"category-oznamy"},"_links":{"self":[{"href":"https:\/\/www.farakostolna.sk\/index.php?rest_route=\/wp\/v2\/posts\/9927","targetHints":{"allow":["GET"]}}],"collection":[{"href":"https:\/\/www.farakostolna.sk\/index.php?rest_route=\/wp\/v2\/posts"}],"about":[{"href":"https:\/\/www.farakostolna.sk\/index.php?rest_route=\/wp\/v2\/types\/post"}],"author":[{"embeddable":true,"href":"https:\/\/www.farakostolna.sk\/index.php?rest_route=\/wp\/v2\/users\/7"}],"replies":[{"embeddable":true,"href":"https:\/\/www.farakostolna.sk\/index.php?rest_route=%2Fwp%2Fv2%2Fcomments&post=9927"}],"version-history":[{"count":2,"href":"https:\/\/www.farakostolna.sk\/index.php?rest_route=\/wp\/v2\/posts\/9927\/revisions"}],"predecessor-version":[{"id":9930,"href":"https:\/\/www.farakostolna.sk\/index.php?rest_route=\/wp\/v2\/posts\/9927\/revisions\/9930"}],"wp:featuredmedia":[{"embeddable":true,"href":"https:\/\/www.farakostolna.sk\/index.php?rest_route=\/wp\/v2\/media\/9928"}],"wp:attachment":[{"href":"https:\/\/www.farakostolna.sk\/index.php?rest_route=%2Fwp%2Fv2%2Fmedia&parent=9927"}],"wp:term":[{"taxonomy":"category","embeddable":true,"href":"https:\/\/www.farakostolna.sk\/index.php?rest_route=%2Fwp%2Fv2%2Fcategories&post=9927"},{"taxonomy":"post_tag","embeddable":true,"href":"https:\/\/www.farakostolna.sk\/index.php?rest_route=%2Fwp%2Fv2%2Ftags&post=9927"}],"curies":[{"name":"wp","href":"https:\/\/api.w.org\/{rel}","templated":true}]}}