{"id":9913,"date":"2025-07-25T22:40:25","date_gmt":"2025-07-25T20:40:25","guid":{"rendered":"https:\/\/www.farakostolna.sk\/?p=9913"},"modified":"2025-07-25T22:41:41","modified_gmt":"2025-07-25T20:41:41","slug":"farske-oznamy-a-zamyslenie-27-07-2025","status":"publish","type":"post","link":"https:\/\/www.farakostolna.sk\/?p=9913","title":{"rendered":"Farsk\u00e9 oznamy a zamyslenie (27.07.2025)"},"content":{"rendered":"<div class=\"wp-block-image\">\n<figure class=\"aligncenter size-full\"><img loading=\"lazy\" decoding=\"async\" width=\"1000\" height=\"667\" src=\"https:\/\/www.farakostolna.sk\/wp-content\/uploads\/2025\/07\/wmremove-transformed.jpeg\" alt=\"\" class=\"wp-image-9914\" srcset=\"https:\/\/www.farakostolna.sk\/wp-content\/uploads\/2025\/07\/wmremove-transformed.jpeg 1000w, https:\/\/www.farakostolna.sk\/wp-content\/uploads\/2025\/07\/wmremove-transformed-300x200.jpeg 300w, https:\/\/www.farakostolna.sk\/wp-content\/uploads\/2025\/07\/wmremove-transformed-768x512.jpeg 768w\" sizes=\"auto, (max-width: 1000px) 100vw, 1000px\" \/><\/figure>\n<\/div>\n\n\n<p><\/p>\n\n\n\n<p>Je\u017ei\u0161 spojil vyu\u010dovanie o modlitbe s vytrvalos\u0165ou. A ako jej najvy\u0161\u0161\u00ed plod n\u00e1m d\u00e1va Ducha Sv\u00e4t\u00e9ho. O \u010do pros\u00edme v na\u0161ich modlitb\u00e1ch? \u010co pova\u017eujeme za to &#8220;naj&#8221;?<\/p>\n\n\n\n<!--more-->\n\n\n\n<p><strong>Sv\u00e4t\u00e9 om\u0161e u n\u00e1s:<\/strong><\/p>\n\n\n\n<p><strong>sobota \u2013 26. j\u00fana (s nede\u013enou platnos\u0165ou)<\/strong><\/p>\n\n\n\n<ul class=\"wp-block-list\">\n<li><strong>17:00 \u2013 Hrub\u00e1 Bor\u0161a (slov.\/ma\u010f.)<\/strong><\/li>\n\n\n\n<li><strong>18:00 \u2013 Kostoln\u00e1 (slov.)<\/strong><\/li>\n<\/ul>\n\n\n\n<p><strong>nede\u013ea \u2013 27. j\u00fana<\/strong><\/p>\n\n\n\n<ul class=\"wp-block-list\">\n<li><strong>8:00 \u2013 Hrub\u00fd \u0160\u00far (ma\u010f.)<\/strong><\/li>\n\n\n\n<li><strong>9:30 \u2013 Kostoln\u00e1 (ma\u010f.)<\/strong><\/li>\n\n\n\n<li><strong>11:00 \u2013 Kostoln\u00e1 (slov.)<\/strong><\/li>\n<\/ul>\n\n\n\n<p>Tento t\u00fd\u017ede\u0148 sa bude vysluhova\u0165 sviatos\u0165 zmierenia v Kostolnej iba v piatok od 17:00 do 18:00. V tom \u010dase bude v kostole ador\u00e1cia. V pr\u00edpade potreby (zaopatrovanie chor\u00fdch, pohreb) volajte, pros\u00edm, na dekansk\u00fd \u00farad v Senci (02 4592 3377).<\/p>\n\n\n\n<p>Sv\u00e4t\u00e9 om\u0161e v nasleduj\u00faci t\u00fd\u017ede\u0148 v Kostolnej:<\/p>\n\n\n\n<ul class=\"wp-block-list\">\n<li>pondelok \u2013 8:30 (slov.\/ma\u010f.)<\/li>\n\n\n\n<li>utorok \u2013 NEBUDE<\/li>\n\n\n\n<li>streda \u2013 NEBUDE<\/li>\n\n\n\n<li>\u0161tvrtok \u2013 NEBUDE<\/li>\n\n\n\n<li>piatok \u2013 18:00 (slov.\/ma\u010f.)<\/li>\n<\/ul>\n\n\n\n<p>V piatok bude v Hrubom \u0160\u00fare o 19:00 sv\u00e4t\u00e1 om\u0161a v ma\u010farskom jazyku.<\/p>\n\n\n\n<p>Minulot\u00fd\u017ed\u0148ov\u00e1 pravideln\u00e1 mesa\u010dn\u00e1 zbierka na kostol a prev\u00e1dzkov\u00e9 n\u00e1klady farnosti vyniesla v Kostolnej 680,55 \u20ac, v Hrubej Bor\u0161i 120 \u20ac a v Hrubom \u0160\u00fare na prev\u00e1dzkov\u00e9 n\u00e1klady farnosti a potreby \u0161\u00farskej kaplnky 153,80 \u20ac. \u00daprimne \u010fakujem.<\/p>\n\n\n\n<p>S \u00factou, <br>Pavol Gajdo\u0161, v\u00e1\u0161 far\u00e1r<\/p>\n\n\n\n<p><em><span style=\"text-decoration: underline;\">\u010eal\u0161ie oznamy z arcidiec\u00e9zy:<\/span><\/em><\/p>\n\n\n\n<ul class=\"wp-block-list\">\n<li><strong>Mo\u017enos\u0165 prihl\u00e1si\u0165 sa na BA\u0160<\/strong>\u00a0\u2013 Poz\u00fdvame mlad\u00fdch, ktor\u00ed chc\u00fa sl\u00fa\u017ei\u0165 vo farnostiach a spolo\u010denstv\u00e1ch, prihl\u00e1si\u0165 sa na Bratislavsk\u00fa anim\u00e1torsk\u00fa \u0161kolu (BA\u0160-ka). U\u017e 16. ro\u010dn\u00edk tejto form\u00e1cie mlad\u00fdch sa za\u010dne v okt\u00f3bri tohto roku. Prihlasovanie trv\u00e1 do 15. septembra 2025. Viac inform\u00e1ci\u00ed o obsahu a priebehu BA\u0160ky, ako aj o sp\u00f4sobe prihl\u00e1senia je na str\u00e1nke\u00a0<strong><a href=\"http:\/\/mladezba.sk\/\">mladezba.sk<\/a><\/strong>. K oznamu s\u00fa k dispoz\u00edcii\u00a0<strong><a href=\"https:\/\/www.mladezba.sk\/app\/uploads\/2025\/06\/Plagat-BAS-16.pdf\">plag\u00e1t<\/a><\/strong>\u00a0a\u00a0<strong><a href=\"https:\/\/docs.google.com\/forms\/d\/e\/1FAIpQLScQFT-roY9pwCQ_7dkGCdedlnZmBUietixu2JbHDVB4ErstmQ\/viewform\">prihl\u00e1\u0161ka<\/a><\/strong>.<\/li>\n<\/ul>\n","protected":false},"excerpt":{"rendered":"<p>Je\u017ei\u0161 spojil vyu\u010dovanie o modlitbe s vytrvalos\u0165ou. A ako jej najvy\u0161\u0161\u00ed plod n\u00e1m d\u00e1va Ducha Sv\u00e4t\u00e9ho. O \u010do pros\u00edme v na\u0161ich modlitb\u00e1ch? \u010co pova\u017eujeme za to &#8220;naj&#8221;?<\/p>\n","protected":false},"author":7,"featured_media":9914,"comment_status":"closed","ping_status":"closed","sticky":false,"template":"","format":"standard","meta":{"footnotes":""},"categories":[13],"tags":[],"class_list":{"0":"entry","1":"post","2":"publish","3":"author-slado89gmail-com","4":"has-more-link","5":"post-9913","7":"format-standard","8":"has-post-thumbnail","9":"category-oznamy"},"_links":{"self":[{"href":"https:\/\/www.farakostolna.sk\/index.php?rest_route=\/wp\/v2\/posts\/9913","targetHints":{"allow":["GET"]}}],"collection":[{"href":"https:\/\/www.farakostolna.sk\/index.php?rest_route=\/wp\/v2\/posts"}],"about":[{"href":"https:\/\/www.farakostolna.sk\/index.php?rest_route=\/wp\/v2\/types\/post"}],"author":[{"embeddable":true,"href":"https:\/\/www.farakostolna.sk\/index.php?rest_route=\/wp\/v2\/users\/7"}],"replies":[{"embeddable":true,"href":"https:\/\/www.farakostolna.sk\/index.php?rest_route=%2Fwp%2Fv2%2Fcomments&post=9913"}],"version-history":[{"count":3,"href":"https:\/\/www.farakostolna.sk\/index.php?rest_route=\/wp\/v2\/posts\/9913\/revisions"}],"predecessor-version":[{"id":9917,"href":"https:\/\/www.farakostolna.sk\/index.php?rest_route=\/wp\/v2\/posts\/9913\/revisions\/9917"}],"wp:featuredmedia":[{"embeddable":true,"href":"https:\/\/www.farakostolna.sk\/index.php?rest_route=\/wp\/v2\/media\/9914"}],"wp:attachment":[{"href":"https:\/\/www.farakostolna.sk\/index.php?rest_route=%2Fwp%2Fv2%2Fmedia&parent=9913"}],"wp:term":[{"taxonomy":"category","embeddable":true,"href":"https:\/\/www.farakostolna.sk\/index.php?rest_route=%2Fwp%2Fv2%2Fcategories&post=9913"},{"taxonomy":"post_tag","embeddable":true,"href":"https:\/\/www.farakostolna.sk\/index.php?rest_route=%2Fwp%2Fv2%2Ftags&post=9913"}],"curies":[{"name":"wp","href":"https:\/\/api.w.org\/{rel}","templated":true}]}}