{"id":9908,"date":"2025-07-18T22:47:00","date_gmt":"2025-07-18T20:47:00","guid":{"rendered":"https:\/\/www.farakostolna.sk\/?p=9908"},"modified":"2025-07-18T22:47:00","modified_gmt":"2025-07-18T20:47:00","slug":"farske-oznamy-a-zamyslenie-20-07-2025","status":"publish","type":"post","link":"https:\/\/www.farakostolna.sk\/?p=9908","title":{"rendered":"Farsk\u00e9 oznamy a zamyslenie (20.07.2025)"},"content":{"rendered":"\n<figure class=\"wp-block-image size-large\"><img loading=\"lazy\" decoding=\"async\" width=\"1024\" height=\"683\" src=\"https:\/\/www.farakostolna.sk\/wp-content\/uploads\/2025\/07\/WhatsApp-Image-2025-07-18-at-22.25.32_17f189ed-1024x683.jpg\" alt=\"\" class=\"wp-image-9909\" srcset=\"https:\/\/www.farakostolna.sk\/wp-content\/uploads\/2025\/07\/WhatsApp-Image-2025-07-18-at-22.25.32_17f189ed-1024x683.jpg 1024w, https:\/\/www.farakostolna.sk\/wp-content\/uploads\/2025\/07\/WhatsApp-Image-2025-07-18-at-22.25.32_17f189ed-300x200.jpg 300w, https:\/\/www.farakostolna.sk\/wp-content\/uploads\/2025\/07\/WhatsApp-Image-2025-07-18-at-22.25.32_17f189ed-768x512.jpg 768w, https:\/\/www.farakostolna.sk\/wp-content\/uploads\/2025\/07\/WhatsApp-Image-2025-07-18-at-22.25.32_17f189ed.jpg 1500w\" sizes=\"auto, (max-width: 1024px) 100vw, 1024px\" \/><\/figure>\n\n\n\n<p><\/p>\n\n\n\n<p>Ora et labora &#8211; modli sa a pracuj. Pr\u00e1cu posv\u00e4cova\u0165 modlitbou a z modlitby \u010derpa\u0165 silu k slu\u017ebe. K tomu sme vyzvan\u00ed priamo od Je\u017ei\u0161a. Po\u010d\u00favame ho?<\/p>\n\n\n\n<!--more-->\n\n\n\n<p><strong>Sv\u00e4t\u00e9 om\u0161e u n\u00e1s:<\/strong><\/p>\n\n\n\n<p><strong>sobota \u2013 19. j\u00fana (s nede\u013enou platnos\u0165ou)<\/strong><\/p>\n\n\n\n<ul class=\"wp-block-list\">\n<li><strong>17:00 \u2013 Hrub\u00e1 Bor\u0161a (slov.\/ma\u010f.)<\/strong><\/li>\n\n\n\n<li><strong>18:00 \u2013 Kostoln\u00e1 (slov.)<\/strong><\/li>\n<\/ul>\n\n\n\n<p><strong>nede\u013ea \u2013 20. j\u00fana<\/strong><\/p>\n\n\n\n<ul class=\"wp-block-list\">\n<li><strong>8:00 \u2013 Hrub\u00fd \u0160\u00far (ma\u010f.)<\/strong><\/li>\n\n\n\n<li><strong>9:30 \u2013 Kostoln\u00e1 (ma\u010f.)<\/strong><\/li>\n\n\n\n<li><strong>11:00 \u2013 Kostoln\u00e1 (slov.)<\/strong><\/li>\n<\/ul>\n\n\n\n<p>Po\u010das j\u00fala a augusta s\u00fa v Kostolnej cez v\u0161edn\u00e9 dni \u010dasy sv\u00e4t\u00fdch om\u0161\u00ed \u010diasto\u010dne zmenen\u00e9.<\/p>\n\n\n\n<p>Tento t\u00fd\u017ede\u0148 pon\u00fakam sviatos\u0165 zmierenia v Kostolnej op\u00e4\u0165 v stredu, \u0161tvrtok a piatok od 17:00 do 18:00. V tom \u010dase bude v kostole ador\u00e1cia.<\/p>\n\n\n\n<p>Sv\u00e4t\u00e9 om\u0161e v nasleduj\u00faci t\u00fd\u017ede\u0148 v Kostolnej:<\/p>\n\n\n\n<ul class=\"wp-block-list\">\n<li>pondelok \u2013 8:30 (slov.\/ma\u010f. )<\/li>\n\n\n\n<li>utorok \u2013 18:00 (slov.\/ma\u010f.)<\/li>\n\n\n\n<li>streda \u2013 18:00 (ma\u010f.) a 19:00 (slov.)<\/li>\n\n\n\n<li>\u0161tvrtok \u2013 18:00 (ma\u010f.) a 19:00 (slov.)<\/li>\n\n\n\n<li>piatok \u2013 18:00 (slov.\/ma\u010f.)<\/li>\n<\/ul>\n\n\n\n<p>V piatok bude v Hrubom \u0160\u00fare o 19:00 sv\u00e4t\u00e1 om\u0161a v ma\u010farskom jazyku.<\/p>\n\n\n\n<p>Tento v\u00edkend bude pravideln\u00e1 mesa\u010dn\u00e1 zbierka na kostol a prev\u00e1dzkov\u00e9 n\u00e1klady farnosti. Vopred \u00faprimne \u010fakujem.<\/p>\n\n\n\n<p>S \u00factou, <br>Pavol Gajdo\u0161, v\u00e1\u0161 far\u00e1r<\/p>\n\n\n\n<p><span style=\"text-decoration: underline;\"><em>\u010eal\u0161ie oznamy z arcidiec\u00e9zy:<\/em><\/span><\/p>\n\n\n\n<ul class=\"wp-block-list\">\n<li><strong>5. Svetov\u00fd de\u0148 star\u00fdch rodi\u010dov a seniorov<\/strong> &#8211; <strong>V nede\u013eu 27. j\u00fala 2025 o 10.30 hod. <\/strong>bude <strong>v Katedr\u00e1le sv. Martina<\/strong> sl\u00e1vi\u0165 sl\u00e1vnostn\u00fa sv\u00e4t\u00fa om\u0161u pri pr\u00edle\u017eitosti D\u0148a star\u00fdch rodi\u010dov a seniorov Mons. Daniel I\u017eold, gener\u00e1lny vik\u00e1r Bratislavskej arcidiec\u00e9zy. Ste srde\u010dne pozvan\u00ed! Z\u00e1rove\u0148 d\u00e1vame do pozornosti, \u017ee <strong>v jubilejnom Kostole sv. Anny v \u0160enkviciach sa v sobotu 26. j\u00fala 2025 o 10.30 hod. bude kona\u0165 p\u00fa\u0165 star\u00fdch rodi\u010dov a seniorov<\/strong>. Na toto podujatie s\u00fa osobitne pozvan\u00ed star\u00ed rodi\u010dia, aby pri\u0161li spolu so svojimi vn\u00fa\u010datami a posilnil sa tak tento medzigenera\u010dn\u00fd vz\u0165ah a odovzd\u00e1vanie viery. Po sv\u00e4tej om\u0161i bude za dobr\u00e9ho po\u010dasia mo\u017enos\u0165 pikniku z vlastn\u00fdch z\u00e1sob pri kostole a tie\u017e z\u00e1bavn\u00e9 pr\u00edle\u017eitosti pre deti.<\/li>\n<\/ul>\n\n\n\n<ul class=\"wp-block-list\">\n<li><strong>Mo\u017enos\u0165 prihl\u00e1si\u0165 sa na BA\u0160<\/strong> &#8211; Poz\u00fdvame mlad\u00fdch, ktor\u00ed chc\u00fa sl\u00fa\u017ei\u0165 vo farnostiach a spolo\u010denstv\u00e1ch, prihl\u00e1si\u0165 sa na Bratislavsk\u00fa anim\u00e1torsk\u00fa \u0161kolu (BA\u0160-ka). U\u017e 16. ro\u010dn\u00edk tejto form\u00e1cie mlad\u00fdch sa za\u010dne v okt\u00f3bri tohto roku. Prihlasovanie trv\u00e1 do 15. septembra 2025. Viac inform\u00e1ci\u00ed o obsahu a priebehu BA\u0160ky, ako aj o sp\u00f4sobe prihl\u00e1senia je na str\u00e1nke <strong><a href=\"http:\/\/mladezba.sk\">mladezba.sk<\/a><\/strong>. K oznamu s\u00fa k dispoz\u00edcii <strong><a href=\"https:\/\/www.mladezba.sk\/app\/uploads\/2025\/06\/Plagat-BAS-16.pdf\">plag\u00e1t<\/a><\/strong> a <strong><a href=\"https:\/\/docs.google.com\/forms\/d\/e\/1FAIpQLScQFT-roY9pwCQ_7dkGCdedlnZmBUietixu2JbHDVB4ErstmQ\/viewform\">prihl\u00e1\u0161ka<\/a><\/strong>.<\/li>\n<\/ul>\n","protected":false},"excerpt":{"rendered":"<p>Ora et labora &#8211; modli sa a pracuj. Pr\u00e1cu posv\u00e4cova\u0165 modlitbou a z modlitby \u010derpa\u0165 silu k slu\u017ebe. K tomu sme vyzvan\u00ed priamo od Je\u017ei\u0161a. Po\u010d\u00favame ho?<\/p>\n","protected":false},"author":7,"featured_media":9909,"comment_status":"closed","ping_status":"closed","sticky":false,"template":"","format":"standard","meta":{"footnotes":""},"categories":[13],"tags":[],"class_list":{"0":"entry","1":"post","2":"publish","3":"author-slado89gmail-com","4":"has-more-link","5":"post-9908","7":"format-standard","8":"has-post-thumbnail","9":"category-oznamy"},"_links":{"self":[{"href":"https:\/\/www.farakostolna.sk\/index.php?rest_route=\/wp\/v2\/posts\/9908","targetHints":{"allow":["GET"]}}],"collection":[{"href":"https:\/\/www.farakostolna.sk\/index.php?rest_route=\/wp\/v2\/posts"}],"about":[{"href":"https:\/\/www.farakostolna.sk\/index.php?rest_route=\/wp\/v2\/types\/post"}],"author":[{"embeddable":true,"href":"https:\/\/www.farakostolna.sk\/index.php?rest_route=\/wp\/v2\/users\/7"}],"replies":[{"embeddable":true,"href":"https:\/\/www.farakostolna.sk\/index.php?rest_route=%2Fwp%2Fv2%2Fcomments&post=9908"}],"version-history":[{"count":1,"href":"https:\/\/www.farakostolna.sk\/index.php?rest_route=\/wp\/v2\/posts\/9908\/revisions"}],"predecessor-version":[{"id":9910,"href":"https:\/\/www.farakostolna.sk\/index.php?rest_route=\/wp\/v2\/posts\/9908\/revisions\/9910"}],"wp:featuredmedia":[{"embeddable":true,"href":"https:\/\/www.farakostolna.sk\/index.php?rest_route=\/wp\/v2\/media\/9909"}],"wp:attachment":[{"href":"https:\/\/www.farakostolna.sk\/index.php?rest_route=%2Fwp%2Fv2%2Fmedia&parent=9908"}],"wp:term":[{"taxonomy":"category","embeddable":true,"href":"https:\/\/www.farakostolna.sk\/index.php?rest_route=%2Fwp%2Fv2%2Fcategories&post=9908"},{"taxonomy":"post_tag","embeddable":true,"href":"https:\/\/www.farakostolna.sk\/index.php?rest_route=%2Fwp%2Fv2%2Ftags&post=9908"}],"curies":[{"name":"wp","href":"https:\/\/api.w.org\/{rel}","templated":true}]}}