{"id":9898,"date":"2025-07-11T22:27:28","date_gmt":"2025-07-11T20:27:28","guid":{"rendered":"https:\/\/www.farakostolna.sk\/?p=9898"},"modified":"2025-07-11T22:30:28","modified_gmt":"2025-07-11T20:30:28","slug":"farske-oznamy-a-zamyslenie-13-07-2025","status":"publish","type":"post","link":"https:\/\/www.farakostolna.sk\/?p=9898","title":{"rendered":"Farsk\u00e9 oznamy a zamyslenie (13.07.2025)"},"content":{"rendered":"<div class=\"wp-block-image\">\n<figure class=\"aligncenter size-full\"><img loading=\"lazy\" decoding=\"async\" width=\"768\" height=\"576\" src=\"https:\/\/www.farakostolna.sk\/wp-content\/uploads\/2025\/07\/WhatsApp-Image-2025-07-11-at-22.23.43_79456438.jpg\" alt=\"\" class=\"wp-image-9899\" srcset=\"https:\/\/www.farakostolna.sk\/wp-content\/uploads\/2025\/07\/WhatsApp-Image-2025-07-11-at-22.23.43_79456438.jpg 768w, https:\/\/www.farakostolna.sk\/wp-content\/uploads\/2025\/07\/WhatsApp-Image-2025-07-11-at-22.23.43_79456438-300x225.jpg 300w\" sizes=\"auto, (max-width: 768px) 100vw, 768px\" \/><\/figure>\n<\/div>\n\n\n<p><\/p>\n\n\n\n<p>FAQ alebo naj\u010dastej\u0161ie kladen\u00e9 ot\u00e1zky: &#8220;Je\u017ei\u0161u, \u010do m\u00e1m robi\u0165?&#8221; Jeho odpove\u010f je a\u017e podozrivo jednoduch\u00e1: &#8220;Zober P\u00edsmo a \u010d\u00edtaj.&#8221; Sk\u00fa\u0161al si to niekedy? Ak nie, tak ako sa chce\u0161 dozvedie\u0165 odpove\u010f?<\/p>\n\n\n\n<!--more-->\n\n\n\n<p><strong>Sv\u00e4t\u00e9 om\u0161e u n\u00e1s:<\/strong><\/p>\n\n\n\n<p><strong>sobota \u2013 12. j\u00fana (s nede\u013enou platnos\u0165ou)<\/strong><\/p>\n\n\n\n<ul class=\"wp-block-list\">\n<li><strong>17:00 \u2013 Hrub\u00e1 Bor\u0161a (slov.\/ma\u010f.)<\/strong><\/li>\n\n\n\n<li><strong>18:00 \u2013 Kostoln\u00e1 (slov.)<\/strong><\/li>\n<\/ul>\n\n\n\n<p><strong>nede\u013ea \u2013 13. j\u00fana<\/strong><\/p>\n\n\n\n<ul class=\"wp-block-list\">\n<li><strong>8:00 \u2013 Hrub\u00fd \u0160\u00far (ma\u010f.)<\/strong><\/li>\n\n\n\n<li><strong>9:30 \u2013 Kostoln\u00e1 (ma\u010f.)<\/strong><\/li>\n\n\n\n<li><strong>11:00 \u2013 Kostoln\u00e1 (slov.)<\/strong><\/li>\n<\/ul>\n\n\n\n<p>Po\u010das j\u00fala a augusta s\u00fa v Kostolnej cez v\u0161edn\u00e9 dni \u010dasy sv\u00e4t\u00fdch om\u0161\u00ed \u010diasto\u010dne zmenen\u00e9.<\/p>\n\n\n\n<p>Tento t\u00fd\u017ede\u0148 pon\u00fakam sviatos\u0165 zmierenia v Kostolnej op\u00e4\u0165 v stredu, \u0161tvrtok a piatok od 17:00 do 18:00. V tom \u010dase bude v kostole ador\u00e1cia.<\/p>\n\n\n\n<p>Sv\u00e4t\u00e9 om\u0161e v nasleduj\u00faci t\u00fd\u017ede\u0148 v Kostolnej:<\/p>\n\n\n\n<ul class=\"wp-block-list\">\n<li>pondelok \u2013 8:30 (slov.\/ma\u010f. )<\/li>\n\n\n\n<li>utorok \u2013 18:00 (slov.\/ma\u010f.)<\/li>\n\n\n\n<li>streda \u2013 18:00 (ma\u010f.) a 19:00 (slov.)<\/li>\n\n\n\n<li>\u0161tvrtok \u2013 18:00 (ma\u010f.) a 19:00 (slov.)<\/li>\n\n\n\n<li>piatok \u2013 18:00 (slov.\/ma\u010f.)<\/li>\n<\/ul>\n\n\n\n<p>V piatok bude v Hrubom \u0160\u00fare o 19:00 sv\u00e4t\u00e1 om\u0161a v ma\u010farskom jazyku.<\/p>\n\n\n\n<p>V uplynul\u00fdch d\u0148och ste si mohli n\u00e1js\u0165 (alebo e\u0161te dostanete) <strong><a href=\"https:\/\/drive.google.com\/file\/d\/1HQ6jswyiMIaSj7z0b0B8q7LSY6fUi7fU\/view?usp=sharing\">najnov\u0161ie vydanie Farsk\u00fdch nov\u00edn<\/a><\/strong>. T\u00fdmto \u00faprimne \u010fakujem v\u0161etk\u00fdm za pomoc pri jeho tvorbe a roznosen\u00ed. Svoj dobrovo\u013en\u00fd pr\u00edspevok m\u00f4\u017eete kedyko\u013evek vlo\u017ei\u0165 do pokladni\u010dky na noviny. \u010eakujem<\/p>\n\n\n\n<p>O t\u00fd\u017ede\u0148 bude pravideln\u00e1 mesa\u010dn\u00e1 zbierka na kostol a prev\u00e1dzkov\u00e9 n\u00e1klady farnosti. Vopred \u010fakujem.<\/p>\n\n\n\n<p>S \u00factou, <br>Pavol Gajdo\u0161, v\u00e1\u0161 far\u00e1r<\/p>\n\n\n\n<p><em><span style=\"text-decoration: underline;\">\u010eal\u0161ie oznamy z arcidiec\u00e9zy:<\/span><\/em><\/p>\n\n\n\n<ul class=\"wp-block-list\">\n<li>Bohoslovci Bratislavskej a Trnavskej arcidiec\u00e9zy poz\u00fdvaj\u00fa chlapcov vo veku 8 &#8211; 15 rokov na <strong>mini\u0161trantsk\u00fd t\u00e1bor MINFA<\/strong>, ktor\u00fd sa bude kona\u0165 v \u010dase <strong>od 20. &#8211; 25. j\u00fala 2025 v rekrea\u010dnom zariaden\u00ed Jedliny<\/strong>. Nako\u013eko sa uvo\u013enilo nieko\u013eko miest, e\u0161te st\u00e1le je mo\u017en\u00e9 sa prihl\u00e1si\u0165. V\u0161etky inform\u00e1cie a prihl\u00e1\u0161ku n\u00e1jdete na webovej str\u00e1nke <a href=\"https:\/\/www.minfa.sk\/\"><strong>www.minfa.sk<\/strong><\/a><\/li>\n<\/ul>\n\n\n\n<ul class=\"wp-block-list\">\n<li><strong>V sobotu 19. j\u00fala 2025 o 15.00 hod. v Bratislave na Jakubovom n\u00e1mest\u00ed sa uskuto\u010dn\u00ed N\u00e1rodn\u00fd pochod Hrd\u00ed na rodinu.\u00a0<\/strong>Man\u017eelstvo je obrazom vz\u0165ahu Krista a Cirkvi a pr\u00e1ve preto je tento obraz \u010dasto nap\u00e1dan\u00fd a zosmie\u0161\u0148ovan\u00fd. Deform\u00e1cie tohto obrazu ved\u00fa k vzdialeniu sa \u013eud\u00ed od Boha a s\u00fa im prek\u00e1\u017ekou pri ich odpovedi na Bo\u017eiu l\u00e1sku. Stret\u00e1me sa preto, aby sme t\u00fato l\u00e1sku posilnili, uk\u00e1zali a zak\u00fasili. Poz\u00fdvame preto v\u00e1s v\u0161etk\u00fdch, cel\u00e9 rodiny s de\u0165mi aj jednotlivcov, ktor\u00ed spolu s nami veria, \u017ee otec a mama s\u00fa pre deti nenahradite\u013en\u00ed, do Bratislavy. Viac inform\u00e1ci\u00ed\u00a0<strong><a href=\"https:\/\/remote.abuba.sk:8444\/ssf\/s\/readFile\/share\/4290\/-6874507649907819948\/publicLink\/NP-hrdi-na-rodinu-25-poster-A3-tlac%202.pdf\">na pl\u00e1gate<\/a><\/strong>.<\/li>\n<\/ul>\n\n\n\n<ul class=\"wp-block-list\">\n<li>Posielame do farnost\u00ed\u00a0<strong><a href=\"https:\/\/remote.abuba.sk:8444\/filr\/public-link\/file-download\/8ae482af96884f840197acc2fe6220fb\/4291\/5182970616146163244\/Trojdnie_bl_Zdenka_2025.png\">plag\u00e1t\u00a0<\/a><\/strong>s inform\u00e1ciami\u00a0<strong>o programe liturgick\u00fdch sl\u00e1ven\u00ed s bl. Zdenkou vo Farnosti Bratislava \u2013 Podunajsk\u00e9 Biskupice.<\/strong><\/li>\n<\/ul>\n","protected":false},"excerpt":{"rendered":"<p>FAQ alebo naj\u010dastej\u0161ie kladen\u00e9 ot\u00e1zky: &#8220;Je\u017ei\u0161u, \u010do m\u00e1m robi\u0165?&#8221; Jeho odpove\u010f je a\u017e podozrivo jednoduch\u00e1: &#8220;Zober P\u00edsmo a \u010d\u00edtaj.&#8221; Sk\u00fa\u0161al si to niekedy? Ak nie, tak ako sa chce\u0161 dozvedie\u0165 odpove\u010f?<\/p>\n","protected":false},"author":7,"featured_media":9899,"comment_status":"closed","ping_status":"closed","sticky":false,"template":"","format":"standard","meta":{"footnotes":""},"categories":[13],"tags":[],"class_list":{"0":"entry","1":"post","2":"publish","3":"author-slado89gmail-com","4":"has-more-link","5":"post-9898","7":"format-standard","8":"has-post-thumbnail","9":"category-oznamy"},"_links":{"self":[{"href":"https:\/\/www.farakostolna.sk\/index.php?rest_route=\/wp\/v2\/posts\/9898","targetHints":{"allow":["GET"]}}],"collection":[{"href":"https:\/\/www.farakostolna.sk\/index.php?rest_route=\/wp\/v2\/posts"}],"about":[{"href":"https:\/\/www.farakostolna.sk\/index.php?rest_route=\/wp\/v2\/types\/post"}],"author":[{"embeddable":true,"href":"https:\/\/www.farakostolna.sk\/index.php?rest_route=\/wp\/v2\/users\/7"}],"replies":[{"embeddable":true,"href":"https:\/\/www.farakostolna.sk\/index.php?rest_route=%2Fwp%2Fv2%2Fcomments&post=9898"}],"version-history":[{"count":5,"href":"https:\/\/www.farakostolna.sk\/index.php?rest_route=\/wp\/v2\/posts\/9898\/revisions"}],"predecessor-version":[{"id":9904,"href":"https:\/\/www.farakostolna.sk\/index.php?rest_route=\/wp\/v2\/posts\/9898\/revisions\/9904"}],"wp:featuredmedia":[{"embeddable":true,"href":"https:\/\/www.farakostolna.sk\/index.php?rest_route=\/wp\/v2\/media\/9899"}],"wp:attachment":[{"href":"https:\/\/www.farakostolna.sk\/index.php?rest_route=%2Fwp%2Fv2%2Fmedia&parent=9898"}],"wp:term":[{"taxonomy":"category","embeddable":true,"href":"https:\/\/www.farakostolna.sk\/index.php?rest_route=%2Fwp%2Fv2%2Fcategories&post=9898"},{"taxonomy":"post_tag","embeddable":true,"href":"https:\/\/www.farakostolna.sk\/index.php?rest_route=%2Fwp%2Fv2%2Ftags&post=9898"}],"curies":[{"name":"wp","href":"https:\/\/api.w.org\/{rel}","templated":true}]}}