{"id":9880,"date":"2025-07-05T14:56:18","date_gmt":"2025-07-05T12:56:18","guid":{"rendered":"https:\/\/www.farakostolna.sk\/?p=9880"},"modified":"2025-07-05T14:56:37","modified_gmt":"2025-07-05T12:56:37","slug":"farske-oznamy-a-zamyslenie-06-07-2025","status":"publish","type":"post","link":"https:\/\/www.farakostolna.sk\/?p=9880","title":{"rendered":"Farsk\u00e9 oznamy a zamyslenie (06.07.2025)"},"content":{"rendered":"\n<figure class=\"wp-block-image size-full is-resized\"><img loading=\"lazy\" decoding=\"async\" width=\"540\" height=\"360\" src=\"https:\/\/www.farakostolna.sk\/wp-content\/uploads\/2025\/07\/WhatsApp-Image-2025-07-05-at-11.37.23_dd794d0e.jpg\" alt=\"\" class=\"wp-image-9881\" style=\"width:840px;height:auto\" srcset=\"https:\/\/www.farakostolna.sk\/wp-content\/uploads\/2025\/07\/WhatsApp-Image-2025-07-05-at-11.37.23_dd794d0e.jpg 540w, https:\/\/www.farakostolna.sk\/wp-content\/uploads\/2025\/07\/WhatsApp-Image-2025-07-05-at-11.37.23_dd794d0e-300x200.jpg 300w\" sizes=\"auto, (max-width: 540px) 100vw, 540px\" \/><\/figure>\n\n\n\n<p><\/p>\n\n\n\n<p>Ohlasovanie Bo\u017eieho kr\u00e1\u013eovstva cez pokoj sa n\u00e1m mo\u017eno zd\u00e1 ako slabos\u0165, ale pr\u00e1ve apo\u0161toli boli vybaven\u00ed najvy\u0161\u0161ou mocou, ktorou vyh\u00e1\u0148ali zl\u00fdch duchov. Tak\u00fato moc Je\u017ei\u0161 pon\u00faka aj n\u00e1m. Je na n\u00e1s, \u010di ju chceme prija\u0165.<\/p>\n\n\n\n<!--more-->\n\n\n\n<p><strong>Sv\u00e4t\u00e9 om\u0161e u n\u00e1s:<\/strong><\/p>\n\n\n\n<p><strong>sobota \u2013 5. j\u00fana (s nede\u013enou platnos\u0165ou)<\/strong><\/p>\n\n\n\n<ul class=\"wp-block-list\">\n<li><strong>17:00 \u2013 Hrub\u00e1 Bor\u0161a (slov.\/ma\u010f.)<\/strong><\/li>\n\n\n\n<li><strong>18:00 \u2013 Kostoln\u00e1 (slov.)<\/strong><\/li>\n<\/ul>\n\n\n\n<p><strong>nede\u013ea \u2013 6. j\u00fana<\/strong><\/p>\n\n\n\n<ul class=\"wp-block-list\">\n<li><strong>8:00 \u2013 Hrub\u00fd \u0160\u00far (ma\u010f.)<\/strong><\/li>\n\n\n\n<li><strong>9:30 \u2013 Kostoln\u00e1 (ma\u010f.)<\/strong><\/li>\n\n\n\n<li><strong>11:00 \u2013 Kostoln\u00e1 (slov.)<\/strong><\/li>\n<\/ul>\n\n\n\n<p>Po\u010das j\u00fala a augusta s\u00fa v Kostolnej cez v\u0161edn\u00e9 dni \u010dasy sv\u00e4t\u00fdch om\u0161\u00ed \u010diasto\u010dne zmenen\u00e9.<\/p>\n\n\n\n<p>Tento t\u00fd\u017ede\u0148 pon\u00fakam sviatos\u0165 zmierenia v Kostolnej op\u00e4\u0165 v stredu, \u0161tvrtok a piatok od 17:00 do 18:00. V tom \u010dase bude v kostole ador\u00e1cia.<\/p>\n\n\n\n<p>Sv\u00e4t\u00e9 om\u0161e v nasleduj\u00faci t\u00fd\u017ede\u0148 v Kostolnej:<\/p>\n\n\n\n<ul class=\"wp-block-list\">\n<li>pondelok \u2013 8:30 (slov. \/ma\u010f. )<\/li>\n\n\n\n<li>utorok \u2013 18:00 (slov.\/ma\u010f.)<\/li>\n\n\n\n<li>streda \u2013 18:00 (ma\u010f.) a 19:00 (slov.)<\/li>\n\n\n\n<li>\u0161tvrtok \u2013 18:00 (ma\u010f.) a 19:00 (slov.)<\/li>\n\n\n\n<li>piatok \u2013 18:00 (slov.\/ma\u010f.)<\/li>\n<\/ul>\n\n\n\n<p>V piatok bude v Hrubom \u0160\u00fare o 19:00 sv\u00e4t\u00e1 om\u0161a v ma\u010farskom jazyku.<\/p>\n\n\n\n<p>Minulot\u00fd\u017ed\u0148ov\u00e1 zbierka na dobro\u010dinn\u00e9 diela Sv\u00e4t\u00e9ho Otca vyniesla v na\u0161ej farnosti spolu 806,84 \u20ac, z toho v Kostolnej 533,59 \u20ac, v Hrubom \u0160\u00fare 170 \u20ac a v Hrubej Bor\u0161i 103,25 \u20ac. Peniaze som e\u0161te v pondelok preposlal na dan\u00fd \u00fa\u010det.<\/p>\n\n\n\n<p>S \u00factou, <br>Pavol Gajdo\u0161, v\u00e1\u0161 far\u00e1r<\/p>\n\n\n\n<p><em><span style=\"text-decoration: underline;\">\u010eal\u0161ie oznamy z arcidiec\u00e9zy:<\/span><\/em><\/p>\n\n\n\n<ul class=\"wp-block-list\">\n<li><strong>V sobotu 19. j\u00fala 2025 o 15.00 hod. v Bratislave na Jakubovom n\u00e1mest\u00ed sa uskuto\u010dn\u00ed N\u00e1rodn\u00fd pochod Hrd\u00ed na rodinu.\u00a0<\/strong>Man\u017eelstvo je obrazom vz\u0165ahu Krista a Cirkvi a pr\u00e1ve preto je tento obraz \u010dasto nap\u00e1dan\u00fd a zosmie\u0161\u0148ovan\u00fd. Deform\u00e1cie tohto obrazu ved\u00fa k vzdialeniu sa \u013eud\u00ed od Boha a s\u00fa im prek\u00e1\u017ekou pri ich odpovedi na Bo\u017eiu l\u00e1sku. Stret\u00e1me sa preto, aby sme t\u00fato l\u00e1sku posilnili, uk\u00e1zali a zak\u00fasili. Poz\u00fdvame preto v\u00e1s v\u0161etk\u00fdch, cel\u00e9 rodiny s de\u0165mi aj jednotlivcov, ktor\u00ed spolu s nami veria, \u017ee otec a mama s\u00fa pre deti nenahradite\u013en\u00ed, do Bratislavy. Viac inform\u00e1ci\u00ed\u00a0<strong><a href=\"https:\/\/remote.abuba.sk:8444\/ssf\/s\/readFile\/share\/4290\/-6874507649907819948\/publicLink\/NP-hrdi-na-rodinu-25-poster-A3-tlac%202.pdf\">na pl\u00e1gate<\/a><\/strong>.<\/li>\n<\/ul>\n\n\n\n<ul class=\"wp-block-list\">\n<li>Posielame do farnost\u00ed\u00a0<strong><a href=\"https:\/\/remote.abuba.sk:8444\/filr\/public-link\/file-download\/8ae482af96884f840197acc2fe6220fb\/4291\/5182970616146163244\/Trojdnie_bl_Zdenka_2025.png\">plag\u00e1t\u00a0<\/a><\/strong>s inform\u00e1ciami\u00a0<strong>o programe liturgick\u00fdch sl\u00e1ven\u00ed s bl. Zdenkou vo Farnosti Bratislava \u2013 Podunajsk\u00e9 Biskupice.<\/strong><\/li>\n<\/ul>\n\n\n\n<p><\/p>\n","protected":false},"excerpt":{"rendered":"<p>Ohlasovanie Bo\u017eieho kr\u00e1\u013eovstva cez pokoj sa n\u00e1m mo\u017eno zd\u00e1 ako slabos\u0165, ale pr\u00e1ve apo\u0161toli boli vybaven\u00ed najvy\u0161\u0161ou mocou, ktorou vyh\u00e1\u0148ali zl\u00fdch duchov. Tak\u00fato moc Je\u017ei\u0161 pon\u00faka aj n\u00e1m. Je na n\u00e1s, \u010di ju chceme prija\u0165.<\/p>\n","protected":false},"author":7,"featured_media":9881,"comment_status":"closed","ping_status":"closed","sticky":false,"template":"","format":"standard","meta":{"footnotes":""},"categories":[13],"tags":[],"class_list":{"0":"entry","1":"post","2":"publish","3":"author-slado89gmail-com","4":"has-more-link","5":"post-9880","7":"format-standard","8":"has-post-thumbnail","9":"category-oznamy"},"_links":{"self":[{"href":"https:\/\/www.farakostolna.sk\/index.php?rest_route=\/wp\/v2\/posts\/9880","targetHints":{"allow":["GET"]}}],"collection":[{"href":"https:\/\/www.farakostolna.sk\/index.php?rest_route=\/wp\/v2\/posts"}],"about":[{"href":"https:\/\/www.farakostolna.sk\/index.php?rest_route=\/wp\/v2\/types\/post"}],"author":[{"embeddable":true,"href":"https:\/\/www.farakostolna.sk\/index.php?rest_route=\/wp\/v2\/users\/7"}],"replies":[{"embeddable":true,"href":"https:\/\/www.farakostolna.sk\/index.php?rest_route=%2Fwp%2Fv2%2Fcomments&post=9880"}],"version-history":[{"count":1,"href":"https:\/\/www.farakostolna.sk\/index.php?rest_route=\/wp\/v2\/posts\/9880\/revisions"}],"predecessor-version":[{"id":9882,"href":"https:\/\/www.farakostolna.sk\/index.php?rest_route=\/wp\/v2\/posts\/9880\/revisions\/9882"}],"wp:featuredmedia":[{"embeddable":true,"href":"https:\/\/www.farakostolna.sk\/index.php?rest_route=\/wp\/v2\/media\/9881"}],"wp:attachment":[{"href":"https:\/\/www.farakostolna.sk\/index.php?rest_route=%2Fwp%2Fv2%2Fmedia&parent=9880"}],"wp:term":[{"taxonomy":"category","embeddable":true,"href":"https:\/\/www.farakostolna.sk\/index.php?rest_route=%2Fwp%2Fv2%2Fcategories&post=9880"},{"taxonomy":"post_tag","embeddable":true,"href":"https:\/\/www.farakostolna.sk\/index.php?rest_route=%2Fwp%2Fv2%2Ftags&post=9880"}],"curies":[{"name":"wp","href":"https:\/\/api.w.org\/{rel}","templated":true}]}}