{"id":9869,"date":"2025-06-28T00:34:30","date_gmt":"2025-06-27T22:34:30","guid":{"rendered":"https:\/\/www.farakostolna.sk\/?p=9869"},"modified":"2025-06-28T10:47:12","modified_gmt":"2025-06-28T08:47:12","slug":"farske-oznamy-a-zamyslenie-29-06-2025","status":"publish","type":"post","link":"https:\/\/www.farakostolna.sk\/?p=9869","title":{"rendered":"Farsk\u00e9 oznamy a zamyslenie (29.06.2025)"},"content":{"rendered":"<div class=\"wp-block-image\">\n<figure class=\"aligncenter size-full\"><img loading=\"lazy\" decoding=\"async\" width=\"651\" height=\"651\" src=\"https:\/\/www.farakostolna.sk\/wp-content\/uploads\/2025\/06\/wmremove-transformed.png\" alt=\"\" class=\"wp-image-9872\" srcset=\"https:\/\/www.farakostolna.sk\/wp-content\/uploads\/2025\/06\/wmremove-transformed.png 651w, https:\/\/www.farakostolna.sk\/wp-content\/uploads\/2025\/06\/wmremove-transformed-300x300.png 300w, https:\/\/www.farakostolna.sk\/wp-content\/uploads\/2025\/06\/wmremove-transformed-150x150.png 150w\" sizes=\"auto, (max-width: 651px) 100vw, 651px\" \/><\/figure>\n<\/div>\n\n\n<p><\/p>\n\n\n\n<p>Z\u00e1klady &#8211; vzdelania, vedy, spolo\u010dnosti,\u2026 Cel\u00e9 storo\u010dia budovan\u00e9, no dnes &#8220;progres\u00edvnym&#8221; \u010dlovekom podkop\u00e1van\u00e9. Je\u017ei\u0161 postavil Cirkev na Petrovi &#8211; svojom n\u00e1stupcovi. Na akom z\u00e1klade stavia\u0161 Ty?<\/p>\n\n\n\n<!--more-->\n\n\n\n<p><strong>Sv\u00e4t\u00e9 om\u0161e u n\u00e1s:<\/strong><\/p>\n\n\n\n<p><strong>sobota \u2013 28. j\u00fana (s nede\u013enou platnos\u0165ou)<\/strong><\/p>\n\n\n\n<p><strong>17:00 \u2013 Hrub\u00e1 Bor\u0161a (slov.\/ma\u010f.)<br>18:00 \u2013 Kostoln\u00e1 (slov.)<\/strong><\/p>\n\n\n\n<p><strong>nede\u013ea \u2013 29. j\u00fana<\/strong><\/p>\n\n\n\n<p><strong>8:00 \u2013 Hrub\u00fd \u0160\u00far (ma\u010f.)<br>9:30 \u2013 Kostoln\u00e1 (ma\u010f.)<br>11:00 \u2013 Kostoln\u00e1 (slov.)<\/strong><\/p>\n\n\n\n<p>Po\u010das j\u00fala a augusta bud\u00fa v Kostolnej cez v\u0161edn\u00e9 dni \u010dasy sv\u00e4t\u00fdch om\u0161\u00ed \u010diasto\u010dne zmenen\u00e9.<\/p>\n\n\n\n<p>Tento t\u00fd\u017ede\u0148 pon\u00fakam sviatos\u0165 zmierenia v Kostolnej v stredu, \u0161tvrtok a piatok od 17:00 do 18:00. V tom \u010dase bude v kostole ador\u00e1cia.<\/p>\n\n\n\n<p><strong>Spolo\u010denstvo Modlitby Matiek n\u00e1s poz\u00fdva na Modlitbov\u00e9 trojdnie matiek e\u0161te v t\u00fato nede\u013eu o 15:00 v Kostolnej vo farskom kostole.<\/strong><\/p>\n\n\n\n<p>V t\u00fato nede\u013eu sme pozvan\u00ed aj na Cyrilo-metodsk\u00fd koncert o 16:00 v evanjelickom kostole v Senci. \u00da\u010dinkuje n\u00e1\u0161 spev\u00e1cky zbor Gloria Deo a ml\u00e1de\u017en\u00edcka skupina Pronto.<\/p>\n\n\n\n<p>Tento v\u00edkend je vo v\u0161etk\u00fdch kostoloch zbierka na dobro\u010dinn\u00e9 diela Sv\u00e4t\u00e9ho<br>Otca (predt\u00fdm sa zvykla t\u00e1to zbierka vola\u0165 \u201eHalier sv\u00e4t\u00e9ho Petra\u201d). \u010eakujem.<\/p>\n\n\n\n<p>Sv\u00e4t\u00e9 om\u0161e v nasleduj\u00faci t\u00fd\u017ede\u0148 v Kostolnej:<\/p>\n\n\n\n<ul class=\"wp-block-list\">\n<li>pondelok \u2013 8:30 (slov. \/ma\u010f. )<\/li>\n\n\n\n<li>utorok \u2013 18:00 (slov.\/ma\u010f.)<\/li>\n\n\n\n<li>streda \u2013 18:00 (ma\u010f.) a 19:00 (slov.)<\/li>\n\n\n\n<li>\u0161tvrtok \u2013 18:00 (ma\u010f.) a 19:00 (slov.)<\/li>\n\n\n\n<li>piatok \u2013 18:00 (slov.\/ma\u010f.)<\/li>\n\n\n\n<li>sobota \u2013 8:00 (slov.\/ma\u010f.)<\/li>\n<\/ul>\n\n\n\n<p>V piatok bude v Hrubom \u0160\u00fare o 19:00 sv\u00e4t\u00e1 om\u0161a v ma\u010farskom jazyku.<\/p>\n\n\n\n<p>S \u00factou, <br>Pavol Gajdo\u0161, v\u00e1\u0161 far\u00e1r<br><\/p>\n\n\n\n<p><em><span style=\"text-decoration: underline;\">\u010eal\u0161ie oznamy z arcidiec\u00e9zy:<\/span><\/em><\/p>\n\n\n\n<ul class=\"wp-block-list\">\n<li><strong>V t\u00fato nede\u013eu &#8211; 29. j\u00fana &#8211; bude de\u0148 otvoren\u00fdch dver\u00ed v Komunite Cenacolo na V\u010del\u00e1rskej Paseke v bl\u00edzkosti obce Kr\u00e1\u013eov\u00e1 pri Senci.<\/strong> Program za\u010dne o 13.00 hod. modlitbou posv\u00e4tn\u00e9ho ru\u017eenca, po ktorej o 15.00 hod. bude nasledova\u0165 sv\u00e4t\u00e1 om\u0161a celebrovan\u00e1 Mons. Franti\u0161kom Trstensk\u00fdm, spi\u0161sk\u00fdm diec\u00e9znym biskupom. S\u00fa\u010das\u0165ou programu bude aj predstavenie z evanjeli\u00ed o Je\u017ei\u0161ov\u00fdch z\u00e1zrakoch \u201eSme spasen\u00ed\u201c. T\u00fa\u017eime spolu s vami pre\u017ei\u0165 de\u0148 pln\u00fd radosti, modlitby a svedectiev o tom, ako Boh zasiahol do na\u0161ich \u017eivotov. Bli\u017e\u0161ie inform\u00e1cie m\u00f4\u017eete z\u00edska\u0165 na tel. \u010d. 02\/ 459 010 09 alebo na str\u00e1nke&nbsp;<a href=\"http:\/\/www.cenacolo.sk\/\"><strong>www.cenacolo.sk<\/strong><\/a>. K oznamu je k dispoz\u00edcii&nbsp;<a href=\"https:\/\/remote.abuba.sk:8444\/filr\/public-link\/file-download\/8ae482af96884f840197839c80e27d65\/4285\/-1593696570670152029\/DOD_Cenacolo_2025_plagat.pdf\"><strong>plag\u00e1t<\/strong><\/a>.<\/li>\n<\/ul>\n\n\n\n<p><\/p>\n\n\n\n<ul class=\"wp-block-list\">\n<li><strong>V sobotu 19. j\u00fala 2025 o 15.00 hod. v Bratislave na Jakubovom n\u00e1mest\u00ed sa uskuto\u010dn\u00ed N\u00e1rodn\u00fd pochod Hrd\u00ed na rodinu. <\/strong>Man\u017eelstvo je obrazom vz\u0165ahu Krista a Cirkvi a pr\u00e1ve preto je tento obraz \u010dasto nap\u00e1dan\u00fd a zosmie\u0161\u0148ovan\u00fd. Deform\u00e1cie tohto obrazu ved\u00fa k vzdialeniu sa \u013eud\u00ed od Boha a s\u00fa im prek\u00e1\u017ekou pri ich odpovedi na Bo\u017eiu l\u00e1sku. Stret\u00e1me sa preto, aby sme t\u00fato l\u00e1sku posilnili, uk\u00e1zali a zak\u00fasili. Poz\u00fdvame preto v\u00e1s v\u0161etk\u00fdch, cel\u00e9 rodiny s de\u0165mi aj jednotlivcov, ktor\u00ed spolu s nami veria, \u017ee otec a mama s\u00fa pre deti nenahradite\u013en\u00ed, do Bratislavy. Viac inform\u00e1ci\u00ed <strong><a href=\"https:\/\/remote.abuba.sk:8444\/ssf\/s\/readFile\/share\/4290\/-6874507649907819948\/publicLink\/NP-hrdi-na-rodinu-25-poster-A3-tlac%202.pdf\">na pl\u00e1gate<\/a><\/strong>.<\/li>\n<\/ul>\n\n\n\n<p><\/p>\n\n\n\n<ul class=\"wp-block-list\">\n<li>Posielame do farnost\u00ed <strong><a href=\"https:\/\/remote.abuba.sk:8444\/filr\/public-link\/file-download\/8ae482af96884f840197acc2fe6220fb\/4291\/5182970616146163244\/Trojdnie_bl_Zdenka_2025.png\">plag\u00e1t <\/a><\/strong>s inform\u00e1ciami <strong>o programe liturgick\u00fdch sl\u00e1ven\u00ed s bl. Zdenkou vo Farnosti Bratislava &#8211; Podunajsk\u00e9 Biskupice.<\/strong><\/li>\n<\/ul>\n\n\n\n<p><\/p>\n","protected":false},"excerpt":{"rendered":"<p>Z\u00e1klady &#8211; vzdelania, vedy, spolo\u010dnosti,\u2026 Cel\u00e9 storo\u010dia budovan\u00e9, no dnes &#8220;progres\u00edvnym&#8221; \u010dlovekom podkop\u00e1van\u00e9. Je\u017ei\u0161 postavil Cirkev na Petrovi &#8211; svojom n\u00e1stupcovi. Na akom z\u00e1klade stavia\u0161 Ty?<\/p>\n","protected":false},"author":7,"featured_media":9872,"comment_status":"closed","ping_status":"closed","sticky":false,"template":"","format":"standard","meta":{"footnotes":""},"categories":[13],"tags":[],"class_list":{"0":"entry","1":"post","2":"publish","3":"author-slado89gmail-com","4":"has-more-link","5":"post-9869","7":"format-standard","8":"has-post-thumbnail","9":"category-oznamy"},"_links":{"self":[{"href":"https:\/\/www.farakostolna.sk\/index.php?rest_route=\/wp\/v2\/posts\/9869","targetHints":{"allow":["GET"]}}],"collection":[{"href":"https:\/\/www.farakostolna.sk\/index.php?rest_route=\/wp\/v2\/posts"}],"about":[{"href":"https:\/\/www.farakostolna.sk\/index.php?rest_route=\/wp\/v2\/types\/post"}],"author":[{"embeddable":true,"href":"https:\/\/www.farakostolna.sk\/index.php?rest_route=\/wp\/v2\/users\/7"}],"replies":[{"embeddable":true,"href":"https:\/\/www.farakostolna.sk\/index.php?rest_route=%2Fwp%2Fv2%2Fcomments&post=9869"}],"version-history":[{"count":3,"href":"https:\/\/www.farakostolna.sk\/index.php?rest_route=\/wp\/v2\/posts\/9869\/revisions"}],"predecessor-version":[{"id":9875,"href":"https:\/\/www.farakostolna.sk\/index.php?rest_route=\/wp\/v2\/posts\/9869\/revisions\/9875"}],"wp:featuredmedia":[{"embeddable":true,"href":"https:\/\/www.farakostolna.sk\/index.php?rest_route=\/wp\/v2\/media\/9872"}],"wp:attachment":[{"href":"https:\/\/www.farakostolna.sk\/index.php?rest_route=%2Fwp%2Fv2%2Fmedia&parent=9869"}],"wp:term":[{"taxonomy":"category","embeddable":true,"href":"https:\/\/www.farakostolna.sk\/index.php?rest_route=%2Fwp%2Fv2%2Fcategories&post=9869"},{"taxonomy":"post_tag","embeddable":true,"href":"https:\/\/www.farakostolna.sk\/index.php?rest_route=%2Fwp%2Fv2%2Ftags&post=9869"}],"curies":[{"name":"wp","href":"https:\/\/api.w.org\/{rel}","templated":true}]}}