{"id":9861,"date":"2025-06-21T06:57:59","date_gmt":"2025-06-21T04:57:59","guid":{"rendered":"https:\/\/www.farakostolna.sk\/?p=9861"},"modified":"2025-06-21T06:57:59","modified_gmt":"2025-06-21T04:57:59","slug":"farske-oznamy-a-zamyslenie-22-06-2025","status":"publish","type":"post","link":"https:\/\/www.farakostolna.sk\/?p=9861","title":{"rendered":"Farsk\u00e9 oznamy a zamyslenie (22.06.2025)"},"content":{"rendered":"\n<figure class=\"wp-block-image size-full\"><img loading=\"lazy\" decoding=\"async\" width=\"1000\" height=\"500\" src=\"https:\/\/www.farakostolna.sk\/wp-content\/uploads\/2025\/06\/WhatsApp-Image-2025-06-20-at-22.50.28_db1701d3.jpg\" alt=\"\" class=\"wp-image-9862\" srcset=\"https:\/\/www.farakostolna.sk\/wp-content\/uploads\/2025\/06\/WhatsApp-Image-2025-06-20-at-22.50.28_db1701d3.jpg 1000w, https:\/\/www.farakostolna.sk\/wp-content\/uploads\/2025\/06\/WhatsApp-Image-2025-06-20-at-22.50.28_db1701d3-300x150.jpg 300w, https:\/\/www.farakostolna.sk\/wp-content\/uploads\/2025\/06\/WhatsApp-Image-2025-06-20-at-22.50.28_db1701d3-768x384.jpg 768w\" sizes=\"auto, (max-width: 1000px) 100vw, 1000px\" \/><\/figure>\n\n\n\n<p><\/p>\n\n\n\n<p>Spolo\u010dnos\u0165, ktor\u00e1 nem\u00e1 spolo\u010dn\u00e9ho priate\u013ea, si za\u010dne h\u013eada\u0165 spolo\u010dn\u00e9ho nepriate\u013ea? Za koho poklad\u00e1\u0161 Je\u017ei\u0161a Ty? Ako sa to prejavuje?<\/p>\n\n\n\n<!--more-->\n\n\n\n<p><strong>Sv\u00e4t\u00e9 om\u0161e u n\u00e1s:<\/strong><\/p>\n\n\n\n<p><strong>sobota \u2013 21. j\u00fana (s nede\u013enou platnos\u0165ou)<\/strong><\/p>\n\n\n\n<ul class=\"wp-block-list\">\n<li><strong>17:00 \u2013 Hrub\u00e1 Bor\u0161a (slov.\/ma\u010f.)<\/strong><\/li>\n\n\n\n<li><strong>18:00 \u2013 Kostoln\u00e1 (slov.)<\/strong><\/li>\n<\/ul>\n\n\n\n<p><strong>nede\u013ea \u2013 22. j\u00fana<\/strong><\/p>\n\n\n\n<ul class=\"wp-block-list\">\n<li><strong>8:00 \u2013 Hrub\u00fd \u0160\u00far (ma\u010f.)<\/strong><\/li>\n\n\n\n<li><strong>9:30 \u2013 Kostoln\u00e1 (ma\u010f.)<\/strong><\/li>\n\n\n\n<li><strong>11:00 \u2013 Kostoln\u00e1 (slov.)<\/strong><\/li>\n<\/ul>\n\n\n\n<p>Tento t\u00fd\u017ede\u0148 pon\u00fakam sviatos\u0165 zmierenia v Kostolnej v stredu, \u0161tvrtok a piatok od 16:00 do 17:00. V tom \u010dase bude v kostole ador\u00e1cia.<\/p>\n\n\n\n<p><strong>Celofarsk\u00e1 procesia bude v t\u00fato nede\u013eu 22. j\u00fana v Kostolnej<\/strong> medzi dvoma sv\u00e4t\u00fdmi om\u0161ami okolo farsk\u00e9ho kostola <strong>od 10:15 do 11:00.<\/strong> Pros\u00edm v\u0161etk\u00fdch o akt\u00edvnu \u00fa\u010das\u0165 a pomoc pri pr\u00edprave.<\/p>\n\n\n\n<p>Spolo\u010denstvo Modlitby Matiek n\u00e1s poz\u00fdva na <strong>Modlitbov\u00e9 trojdnie matiek<\/strong> u\u017e v najbli\u017e\u0161\u00ed piatok v Hrubom \u0160\u00fare o 10:00 v kaplnke, v sobotu v Hrubej Bor\u0161i o 10:00 v kaplnke a v nede\u013eu o 15:00 v Kostolnej vo farskom kostole.<\/p>\n\n\n\n<p>Minulot\u00fd\u017ed\u0148ov\u00e1 zbierka na kostol a prev\u00e1dzkov\u00e9 n\u00e1klady farnosti vyniesla v Kostolnej 494,35 \u20ac a v Hrubej Bor\u0161i 177,50 \u20ac. \u00daprimne \u010fakujem. V t\u00fato nede\u013eu bude zbierka na prev\u00e1dzkov\u00e9 n\u00e1klady farnosti a potreby \u0161\u00farskej kaplnky v Hrubom \u0160\u00fare. Vopred \u010fakujem.<\/p>\n\n\n\n<p>Sv\u00e4t\u00e9 om\u0161e v nasleduj\u00faci t\u00fd\u017ede\u0148 v Kostolnej:<\/p>\n\n\n\n<ul class=\"wp-block-list\">\n<li>pondelok \u2013 8:30 (slov. \/ma\u010f. )<\/li>\n\n\n\n<li>utorok \u2013 18:00 (slov.\/ma\u010f.)<\/li>\n\n\n\n<li>streda \u2013 17:00 (ma\u010f.) a 18:00 (slov.)<\/li>\n\n\n\n<li>\u0161tvrtok \u2013 17:00 (ma\u010f.) a 18:00 (slov.)<\/li>\n\n\n\n<li>piatok \u2013 17:00 (ma\u010f.) a 18:00 (slov.)<\/li>\n<\/ul>\n\n\n\n<p>V piatok bude v Hrubom \u0160\u00fare o 19:00 sv\u00e4t\u00e1 om\u0161a pre deti a ml\u00e1de\u017e v ma\u010farskom jazyku.<\/p>\n\n\n\n<p>S \u00factou, <br>Pavol Gajdo\u0161, v\u00e1\u0161 far\u00e1r<\/p>\n\n\n\n<p><em><span style=\"text-decoration: underline;\">\u010eal\u0161ie oznamy z arcidiec\u00e9zy:<\/span><\/em><\/p>\n\n\n\n<ul class=\"wp-block-list\">\n<li><strong>De\u0148 otvoren\u00fdch dver\u00ed v komunite Cenacolo:<\/strong><br>Chceli by sme v\u00e1s v\u0161etk\u00fdch srde\u010dne pozva\u0165 na de\u0148 otvoren\u00fdch dver\u00ed <strong>v nede\u013eu d\u0148a 29. j\u00fana<\/strong> do Komunity Cenacolo <strong>na V\u010del\u00e1rsku Paseku v bl\u00edzkosti obce Kr\u00e1\u013eov\u00e1 pri Senci<\/strong>. Program za\u010d\u00edname o 13.00 hod. modlitbou posv\u00e4tn\u00e9ho ru\u017eenca, po ktorej o 15.00 hod. bude nasledova\u0165 sv\u00e4t\u00e1 om\u0161a celebrovan\u00e1 Mons. Franti\u0161kom Trstensk\u00fdm, spi\u0161sk\u00fdm diec\u00e9znym biskupom. S\u00fa\u010das\u0165ou programu bude aj predstavenie z evanjeli\u00ed o Je\u017ei\u0161ov\u00fdch z\u00e1zrakoch \u201eSme spasen\u00ed\u201c. T\u00fa\u017eime spolu s vami pre\u017ei\u0165 de\u0148 pln\u00fd radosti, modlitby a svedectiev o tom, ako Boh zasiahol do na\u0161ich \u017eivotov. Bli\u017e\u0161ie inform\u00e1cie m\u00f4\u017eete z\u00edska\u0165 na tel. \u010d. 02\/ 459 010 09 alebo na str\u00e1nke <a href=\"http:\/\/www.cenacolo.sk\"><strong>www.cenacolo.sk<\/strong><\/a>. K oznamu je k dispoz\u00edcii <a href=\"https:\/\/remote.abuba.sk:8444\/filr\/public-link\/file-download\/8ae482af96884f840197839c80e27d65\/4285\/-1593696570670152029\/DOD_Cenacolo_2025_plagat.pdf\"><strong>plag\u00e1t<\/strong><\/a>.<\/li>\n<\/ul>\n","protected":false},"excerpt":{"rendered":"<p>Spolo\u010dnos\u0165, ktor\u00e1 nem\u00e1 spolo\u010dn\u00e9ho priate\u013ea, si za\u010dne h\u013eada\u0165 spolo\u010dn\u00e9ho nepriate\u013ea? Za koho poklad\u00e1\u0161 Je\u017ei\u0161a Ty? Ako sa to prejavuje?<\/p>\n","protected":false},"author":7,"featured_media":9862,"comment_status":"closed","ping_status":"closed","sticky":false,"template":"","format":"standard","meta":{"footnotes":""},"categories":[13],"tags":[],"class_list":{"0":"entry","1":"post","2":"publish","3":"author-slado89gmail-com","4":"has-more-link","5":"post-9861","7":"format-standard","8":"has-post-thumbnail","9":"category-oznamy"},"_links":{"self":[{"href":"https:\/\/www.farakostolna.sk\/index.php?rest_route=\/wp\/v2\/posts\/9861","targetHints":{"allow":["GET"]}}],"collection":[{"href":"https:\/\/www.farakostolna.sk\/index.php?rest_route=\/wp\/v2\/posts"}],"about":[{"href":"https:\/\/www.farakostolna.sk\/index.php?rest_route=\/wp\/v2\/types\/post"}],"author":[{"embeddable":true,"href":"https:\/\/www.farakostolna.sk\/index.php?rest_route=\/wp\/v2\/users\/7"}],"replies":[{"embeddable":true,"href":"https:\/\/www.farakostolna.sk\/index.php?rest_route=%2Fwp%2Fv2%2Fcomments&post=9861"}],"version-history":[{"count":1,"href":"https:\/\/www.farakostolna.sk\/index.php?rest_route=\/wp\/v2\/posts\/9861\/revisions"}],"predecessor-version":[{"id":9863,"href":"https:\/\/www.farakostolna.sk\/index.php?rest_route=\/wp\/v2\/posts\/9861\/revisions\/9863"}],"wp:featuredmedia":[{"embeddable":true,"href":"https:\/\/www.farakostolna.sk\/index.php?rest_route=\/wp\/v2\/media\/9862"}],"wp:attachment":[{"href":"https:\/\/www.farakostolna.sk\/index.php?rest_route=%2Fwp%2Fv2%2Fmedia&parent=9861"}],"wp:term":[{"taxonomy":"category","embeddable":true,"href":"https:\/\/www.farakostolna.sk\/index.php?rest_route=%2Fwp%2Fv2%2Fcategories&post=9861"},{"taxonomy":"post_tag","embeddable":true,"href":"https:\/\/www.farakostolna.sk\/index.php?rest_route=%2Fwp%2Fv2%2Ftags&post=9861"}],"curies":[{"name":"wp","href":"https:\/\/api.w.org\/{rel}","templated":true}]}}