{"id":9851,"date":"2025-06-13T23:28:59","date_gmt":"2025-06-13T21:28:59","guid":{"rendered":"https:\/\/www.farakostolna.sk\/?p=9851"},"modified":"2025-06-14T12:42:03","modified_gmt":"2025-06-14T10:42:03","slug":"farske-oznamy-a-zamyslenie-15-06-2025","status":"publish","type":"post","link":"https:\/\/www.farakostolna.sk\/?p=9851","title":{"rendered":"Farsk\u00e9 oznamy a zamyslenie (15.06.2025)"},"content":{"rendered":"<div class=\"wp-block-image\">\n<figure class=\"aligncenter size-full\"><img loading=\"lazy\" decoding=\"async\" width=\"511\" height=\"512\" src=\"https:\/\/www.farakostolna.sk\/wp-content\/uploads\/2025\/06\/remove_watermark_image_20250613_232803.png\" alt=\"\" class=\"wp-image-9852\" srcset=\"https:\/\/www.farakostolna.sk\/wp-content\/uploads\/2025\/06\/remove_watermark_image_20250613_232803.png 511w, https:\/\/www.farakostolna.sk\/wp-content\/uploads\/2025\/06\/remove_watermark_image_20250613_232803-300x300.png 300w, https:\/\/www.farakostolna.sk\/wp-content\/uploads\/2025\/06\/remove_watermark_image_20250613_232803-150x150.png 150w\" sizes=\"auto, (max-width: 511px) 100vw, 511px\" \/><\/figure>\n<\/div>\n\n\n<p><\/p>\n\n\n\n<p>Otec, Syn a Duch Sv\u00e4t\u00fd &#8211; siln\u00e1 zostava, ktor\u00e1 nechce od n\u00e1s aby sme ju zobrazovali iba ma\u013ebami, spevom, \u010di sochami. Chce, aby sme ju \u017eili na\u0161\u00edm telom, duchom a du\u0161ou. Na Bo\u017e\u00ed obraz sme toti\u017e stvoren\u00ed. Koho obraz svoj\u00edm \u017eivotom zobrazujem?<\/p>\n\n\n\n<!--more-->\n\n\n\n<p><strong>Sv\u00e4t\u00e9 om\u0161e u n\u00e1s:<\/strong><\/p>\n\n\n\n<p><strong>sobota \u2013 14. j\u00fana (s nede\u013enou platnos\u0165ou)<\/strong><\/p>\n\n\n\n<ul class=\"wp-block-list\">\n<li><strong>17:00 \u2013 Hrub\u00e1 Bor\u0161a (slov.\/ma\u010f.)<\/strong><\/li>\n\n\n\n<li><strong>18:00 \u2013 Kostoln\u00e1 (slov.)<\/strong><\/li>\n<\/ul>\n\n\n\n<p><strong>nede\u013ea \u2013 15. j\u00fana<\/strong><\/p>\n\n\n\n<ul class=\"wp-block-list\">\n<li><strong>8:00 \u2013 Hrub\u00fd \u0160\u00far (ma\u010f.)<\/strong><\/li>\n\n\n\n<li><strong>9:30 \u2013 Kostoln\u00e1 (ma\u010f.)<\/strong><\/li>\n\n\n\n<li><strong>11:00 \u2013 Kostoln\u00e1 (slov.)<\/strong><\/li>\n<\/ul>\n\n\n\n<p><strong>V t\u00fato nede\u013eu \u2013 na sviatok Najsv\u00e4tej\u0161ej Trojice \u2013 s\u00fa v Hrubom \u0160\u00fare hody. V Malom \u0160\u00fare sa o 15:00 pomodl\u00edme pri Troji\u010dnom st\u013ape lit\u00e1nie a seneck\u00fd p\u00e1n kapl\u00e1n Tom\u00e1\u0161 Pammer po\u017eehn\u00e1 obnoven\u00e9 n\u00e1mestie. N\u00e1sledne sme pozvan\u00ed na poh\u00e1rik dobr\u00e9ho v\u00ednka.<\/strong><\/p>\n\n\n\n<p>Tento t\u00fd\u017ede\u0148 pon\u00fakam sviatos\u0165 zmierenia v Kostolnej iba v piatok od 16:00 do 17:00. V tom \u010dase bude v kostole ador\u00e1cia.<\/p>\n\n\n\n<p><strong>Vo \u0161tvrtok &#8211; 19. j\u00fana &#8211; je cirkevne prik\u00e1zan\u00fd sviatok Najsv\u00e4tej\u0161ieho Kristovho Tela a Krvi &#8211; Bo\u017eieho Tela. Sv\u00e4t\u00e9 om\u0161e v na\u0161ej farnosti bud\u00fa:<\/strong><\/p>\n\n\n\n<ul class=\"wp-block-list\">\n<li><strong>16:00 \u2013 Hrub\u00e1 Bor\u0161a (slov.\/ma\u010f.)<\/strong><\/li>\n\n\n\n<li><strong>17:00 \u2013 Kostoln\u00e1 (ma\u010f.)<\/strong><\/li>\n\n\n\n<li><strong>18:00 \u2013 Kostoln\u00e1 (slov.)<\/strong><\/li>\n\n\n\n<li><strong>19:00 \u2013 Hrub\u00fd \u0160\u00far (ma\u010f.)<\/strong><\/li>\n<\/ul>\n\n\n\n<p><strong>V Hrubom \u0160\u00fare bude procesia vo \u0161tvrtok od 19:45 do 20:30. Celofarsk\u00e1 procesia bude o t\u00fd\u017ede\u0148 v nede\u013eu 22. j\u00fana v Kostolnej medzi dvoma sv\u00e4t\u00fdmi om\u0161ami okolo farsk\u00e9ho kostola od 10:15 do 11:00. Pros\u00edm v\u0161etk\u00fdch o akt\u00edvnu \u00fa\u010das\u0165 a pomoc pri pr\u00edprave.<\/strong><\/p>\n\n\n\n<p>Tento v\u00edkend bude v Kostolnej a Hrubej Bor\u0161i pravideln\u00e1 mesa\u010dn\u00e1 zbierka na kostol a prev\u00e1dzkov\u00e9 n\u00e1klady farnosti. V Hrubom \u0160\u00fare bude hodov\u00e1 ofera a preto zbierka na kostol a prev\u00e1dzkov\u00e9 n\u00e1klady farnosti bude o t\u00fd\u017ede\u0148 nesk\u00f4r. Vopred \u010fakujem.<\/p>\n\n\n\n<p>Sv\u00e4t\u00e9 om\u0161e v nasleduj\u00faci t\u00fd\u017ede\u0148 v Kostolnej:<\/p>\n\n\n\n<ul class=\"wp-block-list\">\n<li>pondelok \u2013 NEBUDE<\/li>\n\n\n\n<li>utorok \u2013 NEBUDE<\/li>\n\n\n\n<li>streda \u2013 NEBUDE<\/li>\n\n\n\n<li>\u0161tvrtok \u2013 17:00 (ma\u010f.) a 18:00 (slov.)<\/li>\n\n\n\n<li>piatok \u2013 17:00 (ma\u010f.) a 18:00 (slov.)<\/li>\n<\/ul>\n\n\n\n<p>V piatok bude v Hrubom \u0160\u00fare o 19:00 sv\u00e4t\u00e1 om\u0161a pre deti a ml\u00e1de\u017e v ma\u010farskom jazyku.<\/p>\n\n\n\n<p>S \u00factou, <br>Pavol Gajdo\u0161,&nbsp;v\u00e1\u0161&nbsp;far\u00e1r<\/p>\n","protected":false},"excerpt":{"rendered":"<p>Otec, Syn a Duch Sv\u00e4t\u00fd &#8211; siln\u00e1 zostava, ktor\u00e1 nechce od n\u00e1s aby sme ju zobrazovali iba ma\u013ebami, spevom, \u010di sochami. Chce, aby sme ju \u017eili na\u0161\u00edm telom, duchom a du\u0161ou. Na Bo\u017e\u00ed obraz sme toti\u017e stvoren\u00ed. Koho obraz svoj\u00edm \u017eivotom zobrazujem?<\/p>\n","protected":false},"author":7,"featured_media":9852,"comment_status":"closed","ping_status":"closed","sticky":false,"template":"","format":"standard","meta":{"footnotes":""},"categories":[13],"tags":[],"class_list":{"0":"entry","1":"post","2":"publish","3":"author-slado89gmail-com","4":"has-more-link","5":"post-9851","7":"format-standard","8":"has-post-thumbnail","9":"category-oznamy"},"_links":{"self":[{"href":"https:\/\/www.farakostolna.sk\/index.php?rest_route=\/wp\/v2\/posts\/9851","targetHints":{"allow":["GET"]}}],"collection":[{"href":"https:\/\/www.farakostolna.sk\/index.php?rest_route=\/wp\/v2\/posts"}],"about":[{"href":"https:\/\/www.farakostolna.sk\/index.php?rest_route=\/wp\/v2\/types\/post"}],"author":[{"embeddable":true,"href":"https:\/\/www.farakostolna.sk\/index.php?rest_route=\/wp\/v2\/users\/7"}],"replies":[{"embeddable":true,"href":"https:\/\/www.farakostolna.sk\/index.php?rest_route=%2Fwp%2Fv2%2Fcomments&post=9851"}],"version-history":[{"count":4,"href":"https:\/\/www.farakostolna.sk\/index.php?rest_route=\/wp\/v2\/posts\/9851\/revisions"}],"predecessor-version":[{"id":9857,"href":"https:\/\/www.farakostolna.sk\/index.php?rest_route=\/wp\/v2\/posts\/9851\/revisions\/9857"}],"wp:featuredmedia":[{"embeddable":true,"href":"https:\/\/www.farakostolna.sk\/index.php?rest_route=\/wp\/v2\/media\/9852"}],"wp:attachment":[{"href":"https:\/\/www.farakostolna.sk\/index.php?rest_route=%2Fwp%2Fv2%2Fmedia&parent=9851"}],"wp:term":[{"taxonomy":"category","embeddable":true,"href":"https:\/\/www.farakostolna.sk\/index.php?rest_route=%2Fwp%2Fv2%2Fcategories&post=9851"},{"taxonomy":"post_tag","embeddable":true,"href":"https:\/\/www.farakostolna.sk\/index.php?rest_route=%2Fwp%2Fv2%2Ftags&post=9851"}],"curies":[{"name":"wp","href":"https:\/\/api.w.org\/{rel}","templated":true}]}}