{"id":9839,"date":"2025-06-06T22:25:06","date_gmt":"2025-06-06T20:25:06","guid":{"rendered":"https:\/\/www.farakostolna.sk\/?p=9839"},"modified":"2025-06-07T06:38:34","modified_gmt":"2025-06-07T04:38:34","slug":"farske-oznamy-a-zamyslenie-08-06-2025","status":"publish","type":"post","link":"https:\/\/www.farakostolna.sk\/?p=9839","title":{"rendered":"Farsk\u00e9 oznamy a zamyslenie (08.06.2025)"},"content":{"rendered":"\n<figure class=\"wp-block-image size-full\"><img loading=\"lazy\" decoding=\"async\" width=\"1024\" height=\"585\" src=\"https:\/\/www.farakostolna.sk\/wp-content\/uploads\/2025\/06\/WhatsApp-Image-2025-06-06-at-22.13.33_8b413cba.jpg\" alt=\"\" class=\"wp-image-9840\" srcset=\"https:\/\/www.farakostolna.sk\/wp-content\/uploads\/2025\/06\/WhatsApp-Image-2025-06-06-at-22.13.33_8b413cba.jpg 1024w, https:\/\/www.farakostolna.sk\/wp-content\/uploads\/2025\/06\/WhatsApp-Image-2025-06-06-at-22.13.33_8b413cba-300x171.jpg 300w, https:\/\/www.farakostolna.sk\/wp-content\/uploads\/2025\/06\/WhatsApp-Image-2025-06-06-at-22.13.33_8b413cba-768x439.jpg 768w\" sizes=\"auto, (max-width: 1024px) 100vw, 1024px\" \/><\/figure>\n\n\n\n<p><\/p>\n\n\n\n<p>Predstavme si krb pln\u00fd dreva, v ktorom ale nikdy nezap\u00e1lia ohe\u0148, aby hrial! \u017dia\u013e, kres\u0165ania niekedy pripom\u00ednaj\u00fa tak\u00fdto chladn\u00fd krb &#8211; vedomosti, aktivity, sviatosti, ale Duch Sv\u00e4t\u00fd \u010dak\u00e1, aby v n\u00e1s zap\u00e1lil skuto\u010dn\u00fd ohe\u0148, ktor\u00fd sa bude \u0161\u00edri\u0165 \u010falej.<\/p>\n\n\n\n<!--more-->\n\n\n\n<p><strong>Sv\u00e4t\u00e9 om\u0161e u n\u00e1s:<\/strong><\/p>\n\n\n\n<p><strong>sobota \u2013 7. j\u00fana (s nede\u013enou platnos\u0165ou)<\/strong><\/p>\n\n\n\n<ul class=\"wp-block-list\">\n<li><strong>17:00 \u2013 Hrub\u00e1 Bor\u0161a (slov.\/ma\u010f.)<\/strong><\/li>\n\n\n\n<li><strong>18:00 \u2013 Kostoln\u00e1 (slov.)<\/strong><\/li>\n<\/ul>\n\n\n\n<p><strong>nede\u013ea \u2013 8. j\u00fana<\/strong><\/p>\n\n\n\n<ul class=\"wp-block-list\">\n<li><strong>8:00 \u2013 Hrub\u00fd \u0160\u00far (ma\u010f.)<\/strong><\/li>\n\n\n\n<li><strong>9:30 \u2013 Kostoln\u00e1 (ma\u010f.)<\/strong><\/li>\n\n\n\n<li><strong>11:00 \u2013 Kostoln\u00e1 (slov.)<\/strong><\/li>\n<\/ul>\n\n\n\n<p>V t\u00fato nede\u013eu bude v Kostolnej o 11:00 rodinn\u00e1 sv\u00e4t\u00e1 om\u0161a, na ktor\u00fa poz\u00fdvame v\u0161etk\u00fdch, osobitne deti spolu s rodi\u010dmi.<\/p>\n\n\n\n<p>Tento t\u00fd\u017ede\u0148 budem v Kostolnej spoveda\u0165 op\u00e4\u0165 v stredu, \u0161tvrtok a piatok od 16:00 do 17:00. V tom \u010dase bude v kostole ador\u00e1cia.<\/p>\n\n\n\n<p>Minulot\u00fd\u017ed\u0148ov\u00e1 zbierka na katol\u00edcke masm\u00e9di\u00e1 vyniesla v na\u0161ej farnosti spolu 869,62 \u20ac, z toho v Kostolnej 627,62 \u20ac, v Hrubom \u0160\u00fare 124 \u20ac a v Hrubej Bor\u0161i 118 \u20ac. Peniaze som u\u017e preposlal na dan\u00fd \u00fa\u010det. \u010eakujem.<\/p>\n\n\n\n<p>O t\u00fd\u017ede\u0148 bude pravideln\u00e1 mesa\u010dn\u00e1 zbierka na kostol a prev\u00e1dzkov\u00e9 n\u00e1klady farnosti. Vopred \u010fakujem.<\/p>\n\n\n\n<p>Sv\u00e4t\u00e9 om\u0161e v nasleduj\u00faci t\u00fd\u017ede\u0148 u n\u00e1s v Kostolnej:<\/p>\n\n\n\n<ul class=\"wp-block-list\">\n<li>pondelok \u2013 8:30 (slov.\/ma\u010f.)<\/li>\n\n\n\n<li>utorok \u2013 18:00 (slov.\/ma\u010f.)<\/li>\n\n\n\n<li>streda \u2013 17:00 (ma\u010f.) a 18:00 (slov.)<\/li>\n\n\n\n<li>\u0161tvrtok \u2013 17:00 (ma\u010f.) a 18:00 (slov.)<\/li>\n\n\n\n<li>piatok \u2013 17:00 (ma\u010f.) a 18:00 (slov.)<\/li>\n<\/ul>\n\n\n\n<p>V piatok bude v Hrubom \u0160\u00fare o 19:00 sv\u00e4t\u00e1 om\u0161a pre deti a ml\u00e1de\u017e v ma\u010farskom jazyku.<\/p>\n\n\n\n<p>S \u00factou, <br>Pavol Gajdo\u0161, v\u00e1\u0161 far\u00e1r<\/p>\n\n\n\n<p><em><span style=\"text-decoration: underline;\">\u010eal\u0161ie oznamy z arcidiec\u00e9zy:<\/span><\/em><\/p>\n\n\n\n<ul class=\"wp-block-list\">\n<li>V sobotu 14. j\u00fana 2025 o 9.30 hod. bude bratislavsk\u00fd pomocn\u00fd biskup Mons. Jozef Ha\u013eko sl\u00e1vi\u0165 v Katedr\u00e1le sv. Martina v Bratislave sv\u00e4t\u00fa om\u0161u spojen\u00fa s diakonskou vysviackou nov\u00fdch diakonov pre Bratislavsk\u00fa arcidiec\u00e9zu. V\u0161etci ste srde\u010dne&nbsp;pozvan\u00ed.<\/li>\n<\/ul>\n\n\n\n<p><\/p>\n","protected":false},"excerpt":{"rendered":"<p>Predstavme si krb pln\u00fd dreva, v ktorom ale nikdy nezap\u00e1lia ohe\u0148, aby hrial! \u017dia\u013e, kres\u0165ania niekedy pripom\u00ednaj\u00fa tak\u00fdto chladn\u00fd krb &#8211; vedomosti, aktivity, sviatosti, ale Duch Sv\u00e4t\u00fd \u010dak\u00e1, aby v n\u00e1s zap\u00e1lil skuto\u010dn\u00fd ohe\u0148, ktor\u00fd sa bude \u0161\u00edri\u0165 \u010falej.<\/p>\n","protected":false},"author":7,"featured_media":9840,"comment_status":"closed","ping_status":"closed","sticky":false,"template":"","format":"standard","meta":{"footnotes":""},"categories":[13],"tags":[],"class_list":{"0":"entry","1":"post","2":"publish","3":"author-slado89gmail-com","4":"has-more-link","5":"post-9839","7":"format-standard","8":"has-post-thumbnail","9":"category-oznamy"},"_links":{"self":[{"href":"https:\/\/www.farakostolna.sk\/index.php?rest_route=\/wp\/v2\/posts\/9839","targetHints":{"allow":["GET"]}}],"collection":[{"href":"https:\/\/www.farakostolna.sk\/index.php?rest_route=\/wp\/v2\/posts"}],"about":[{"href":"https:\/\/www.farakostolna.sk\/index.php?rest_route=\/wp\/v2\/types\/post"}],"author":[{"embeddable":true,"href":"https:\/\/www.farakostolna.sk\/index.php?rest_route=\/wp\/v2\/users\/7"}],"replies":[{"embeddable":true,"href":"https:\/\/www.farakostolna.sk\/index.php?rest_route=%2Fwp%2Fv2%2Fcomments&post=9839"}],"version-history":[{"count":3,"href":"https:\/\/www.farakostolna.sk\/index.php?rest_route=\/wp\/v2\/posts\/9839\/revisions"}],"predecessor-version":[{"id":9846,"href":"https:\/\/www.farakostolna.sk\/index.php?rest_route=\/wp\/v2\/posts\/9839\/revisions\/9846"}],"wp:featuredmedia":[{"embeddable":true,"href":"https:\/\/www.farakostolna.sk\/index.php?rest_route=\/wp\/v2\/media\/9840"}],"wp:attachment":[{"href":"https:\/\/www.farakostolna.sk\/index.php?rest_route=%2Fwp%2Fv2%2Fmedia&parent=9839"}],"wp:term":[{"taxonomy":"category","embeddable":true,"href":"https:\/\/www.farakostolna.sk\/index.php?rest_route=%2Fwp%2Fv2%2Fcategories&post=9839"},{"taxonomy":"post_tag","embeddable":true,"href":"https:\/\/www.farakostolna.sk\/index.php?rest_route=%2Fwp%2Fv2%2Ftags&post=9839"}],"curies":[{"name":"wp","href":"https:\/\/api.w.org\/{rel}","templated":true}]}}