{"id":9832,"date":"2025-05-30T23:22:30","date_gmt":"2025-05-30T21:22:30","guid":{"rendered":"https:\/\/www.farakostolna.sk\/?p=9832"},"modified":"2025-05-31T07:27:44","modified_gmt":"2025-05-31T05:27:44","slug":"farske-oznamy-a-zamyslenie-01-06-2025","status":"publish","type":"post","link":"https:\/\/www.farakostolna.sk\/?p=9832","title":{"rendered":"Farsk\u00e9 oznamy a zamyslenie (01.06.2025)"},"content":{"rendered":"<div class=\"wp-block-image\">\n<figure class=\"aligncenter size-full is-resized\"><img loading=\"lazy\" decoding=\"async\" width=\"540\" height=\"272\" src=\"https:\/\/www.farakostolna.sk\/wp-content\/uploads\/2025\/05\/globalmeal.jpg\" alt=\"\" class=\"wp-image-9833\" style=\"width:707px;height:auto\" srcset=\"https:\/\/www.farakostolna.sk\/wp-content\/uploads\/2025\/05\/globalmeal.jpg 540w, https:\/\/www.farakostolna.sk\/wp-content\/uploads\/2025\/05\/globalmeal-300x151.jpg 300w\" sizes=\"auto, (max-width: 540px) 100vw, 540px\" \/><\/figure>\n<\/div>\n\n\n<p><\/p>\n\n\n\n<p>\u0160t\u00e1ty, kraje, okresy, obce, komunity, rodiny\u2026 aby v\u0161etci jedno boli &#8211; na Bo\u017e\u00ed obraz. \u010co je zjednocuj\u00facim prvkom v na\u0161ej komunite? H\u013ead\u00e1me skuto\u010dn\u00fa jednotu a bojujeme za nie\u010do alebo h\u013ead\u00e1me rozdelenie a bojujeme proti nie\u010domu?<\/p>\n\n\n\n<!--more-->\n\n\n\n<p><strong>Sv\u00e4t\u00e9 om\u0161e u n\u00e1s:<\/strong><\/p>\n\n\n\n<p><strong>sobota \u2013 31. m\u00e1ja (s nede\u013enou platnos\u0165ou)<\/strong><\/p>\n\n\n\n<ul class=\"wp-block-list\">\n<li><strong>17:00 \u2013 Hrub\u00e1 Bor\u0161a (slov.\/ma\u010f.)<\/strong><\/li>\n\n\n\n<li><strong>18:00 \u2013 Kostoln\u00e1 (slov.)<\/strong><\/li>\n<\/ul>\n\n\n\n<p><strong>nede\u013ea \u2013 1. j\u00fana<\/strong><\/p>\n\n\n\n<ul class=\"wp-block-list\">\n<li><strong>8:00 \u2013 Hrub\u00fd \u0160\u00far (ma\u010f.)<\/strong><\/li>\n\n\n\n<li><strong>9:30 \u2013 Kostoln\u00e1 (ma\u010f.)<\/strong><\/li>\n\n\n\n<li><strong>11:00 \u2013 Kostoln\u00e1 (slov.)<\/strong><\/li>\n<\/ul>\n\n\n\n<p>Tento t\u00fd\u017ede\u0148 budem v Kostolnej spoveda\u0165 v stredu, \u0161tvrtok a piatok od 16:00 do 17:00. V tom \u010dase bude v kostole ador\u00e1cia. Chor\u00fdch budem po domoch spoveda\u0165 v piatok od 8:00 do 10:00. Z\u00e1ujemcov mi, pros\u00edm, nahl\u00e1ste u mojich kostoln\u00edkov. \u010eakujem.<\/p>\n\n\n\n<p>Tento v\u00edkend bude vo v\u0161etk\u00fdch kostoloch na Slovensku zbierka na katol\u00edcke masm\u00e9di\u00e1. Vopred \u010fakujem.<\/p>\n\n\n\n<p>Dovo\u013ete mi vyjadri\u0165 ve\u013ek\u00e9 po\u010fakovanie za minulot\u00fd\u017ed\u0148ov\u00fd spolo\u010dn\u00fd MISIJN\u00dd DE\u0147 na farskom dvore. Po\u010fakovanie patr\u00ed v\u0161etk\u00fdm organiz\u00e1torom, sponzorom, pomocn\u00edkom, usilovn\u00fdm \u017een\u00e1m za upe\u010den\u00e9 palacinky a kol\u00e1\u010diky, miestnemu obecn\u00e9mu \u00faradu ako i tich\u00fdm dobrodincom. Spolo\u010dne sme pre pomoc v Tanz\u00e1nii vyzbierali 4170,40 \u20ac. E\u0161te raz ve\u013ek\u00e1 v\u010faka.<\/p>\n\n\n\n<p>Sv\u00e4t\u00e9 om\u0161e v nasleduj\u00faci t\u00fd\u017ede\u0148 u n\u00e1s v Kostolnej:<\/p>\n\n\n\n<ul class=\"wp-block-list\">\n<li>pondelok \u2013 8:30 (slov.\/ma\u010f.)<\/li>\n\n\n\n<li>utorok \u2013 18:00 (slov.\/ma\u010f.)<\/li>\n\n\n\n<li>streda \u2013 17:00 (ma\u010f.) a 18:00 (slov.)<\/li>\n\n\n\n<li>\u0161tvrtok \u2013 17:00 (ma\u010f.) a 18:00 (slov.)<\/li>\n\n\n\n<li>piatok \u2013 17:00 (ma\u010f.) a 18:00 (slov.)<\/li>\n\n\n\n<li>sobota \u2013 8:00 (slov.\/ma\u010f.)<\/li>\n<\/ul>\n\n\n\n<p>Vo \u0161tvrtok bude v Kostolnej o 17:00 sv\u00e4t\u00e1 om\u0161a pre deti a ml\u00e1de\u017e v ma\u010farskom jazyku.<\/p>\n\n\n\n<p>S \u00factou, <br>Pavol Gajdo\u0161, v\u00e1\u0161 far\u00e1r<br><\/p>\n\n\n\n<p><em><span style=\"text-decoration: underline;\">\u010eal\u0161ie oznamy z arcidiec\u00e9zy:<\/span><\/em><\/p>\n\n\n\n<ul class=\"wp-block-list\">\n<li>Pozvanie na duchovn\u00fa obnovu pre rozveden\u00fdch (pre veriacich na \u00fazem\u00ed Bratislavskej arcidiec\u00e9zy): <strong>Poz\u00fdvame v\u00e1s na duchovn\u00fa obnovu rozVEDEN\u00cd k BOHU v d\u0148och 20. &#8211; 22. j\u00fana 2025.<\/strong> Uskuto\u010dn\u00ed sa v Rodinkove v Belu\u0161sk\u00fdch Slatin\u00e1ch. Je ur\u010den\u00e1 pre t\u00fdch, ktor\u00ed po rozvode \u017eij\u00fa v nov\u00fdch vz\u0165ahoch. Prihl\u00e1si\u0165 sa je mo\u017en\u00e9 cez prihlasovac\u00ed formul\u00e1r, ktor\u00fd je zverejnen\u00fd <a href=\"https:\/\/docs.google.com\/forms\/d\/1DK8Y5kCQnE_xN3m9nrg15HeuNQdzWum6H3ne_wgCFjE\/viewform?edit_requested=true\" data-type=\"link\" data-id=\"https:\/\/docs.google.com\/forms\/d\/1DK8Y5kCQnE_xN3m9nrg15HeuNQdzWum6H3ne_wgCFjE\/viewform?edit_requested=true\"><strong>na internetovej str\u00e1nke Rodinkova<\/strong><\/a>. Na duchovn\u00fa obnovu je mo\u017en\u00e9 pr\u00eds\u0165 s de\u0165mi, o ktor\u00e9 sa postaraj\u00fa anim\u00e1tori. Duchovn\u00fa obnovu pre t\u00fato skupinu rozveden\u00fdch usporad\u00favame zvy\u010dajne raz do roka. K oznamu je k dispoz\u00edcii <a href=\"https:\/\/www.tkkbs.sk\/galeria\/images\/1735638671\/1748419239.jpg\"><strong>plag\u00e1t<\/strong><\/a>.<\/li>\n<\/ul>\n\n\n\n<p><\/p>\n","protected":false},"excerpt":{"rendered":"<p>\u0160t\u00e1ty, kraje, okresy, obce, komunity, rodiny\u2026 aby v\u0161etci jedno boli &#8211; na Bo\u017e\u00ed obraz. \u010co je zjednocuj\u00facim prvkom v na\u0161ej komunite? H\u013ead\u00e1me skuto\u010dn\u00fa jednotu a bojujeme za nie\u010do alebo h\u013ead\u00e1me rozdelenie a bojujeme proti nie\u010domu?<\/p>\n","protected":false},"author":7,"featured_media":9833,"comment_status":"closed","ping_status":"closed","sticky":false,"template":"","format":"standard","meta":{"footnotes":""},"categories":[13],"tags":[],"class_list":{"0":"entry","1":"post","2":"publish","3":"author-slado89gmail-com","4":"has-more-link","5":"post-9832","7":"format-standard","8":"has-post-thumbnail","9":"category-oznamy"},"_links":{"self":[{"href":"https:\/\/www.farakostolna.sk\/index.php?rest_route=\/wp\/v2\/posts\/9832","targetHints":{"allow":["GET"]}}],"collection":[{"href":"https:\/\/www.farakostolna.sk\/index.php?rest_route=\/wp\/v2\/posts"}],"about":[{"href":"https:\/\/www.farakostolna.sk\/index.php?rest_route=\/wp\/v2\/types\/post"}],"author":[{"embeddable":true,"href":"https:\/\/www.farakostolna.sk\/index.php?rest_route=\/wp\/v2\/users\/7"}],"replies":[{"embeddable":true,"href":"https:\/\/www.farakostolna.sk\/index.php?rest_route=%2Fwp%2Fv2%2Fcomments&post=9832"}],"version-history":[{"count":2,"href":"https:\/\/www.farakostolna.sk\/index.php?rest_route=\/wp\/v2\/posts\/9832\/revisions"}],"predecessor-version":[{"id":9835,"href":"https:\/\/www.farakostolna.sk\/index.php?rest_route=\/wp\/v2\/posts\/9832\/revisions\/9835"}],"wp:featuredmedia":[{"embeddable":true,"href":"https:\/\/www.farakostolna.sk\/index.php?rest_route=\/wp\/v2\/media\/9833"}],"wp:attachment":[{"href":"https:\/\/www.farakostolna.sk\/index.php?rest_route=%2Fwp%2Fv2%2Fmedia&parent=9832"}],"wp:term":[{"taxonomy":"category","embeddable":true,"href":"https:\/\/www.farakostolna.sk\/index.php?rest_route=%2Fwp%2Fv2%2Fcategories&post=9832"},{"taxonomy":"post_tag","embeddable":true,"href":"https:\/\/www.farakostolna.sk\/index.php?rest_route=%2Fwp%2Fv2%2Ftags&post=9832"}],"curies":[{"name":"wp","href":"https:\/\/api.w.org\/{rel}","templated":true}]}}