{"id":9812,"date":"2025-05-23T23:27:20","date_gmt":"2025-05-23T21:27:20","guid":{"rendered":"https:\/\/www.farakostolna.sk\/?p=9812"},"modified":"2025-05-24T08:11:45","modified_gmt":"2025-05-24T06:11:45","slug":"farske-oznamy-a-zamyslenie-25-05-2025","status":"publish","type":"post","link":"https:\/\/www.farakostolna.sk\/?p=9812","title":{"rendered":"Farsk\u00e9 oznamy a zamyslenie (25.05.2025)"},"content":{"rendered":"\n<figure class=\"wp-block-image size-large\"><img loading=\"lazy\" decoding=\"async\" width=\"1024\" height=\"579\" src=\"https:\/\/www.farakostolna.sk\/wp-content\/uploads\/2025\/05\/WhatsApp-Image-2025-05-23-at-23.24.01_8f7f1029-1024x579.jpg\" alt=\"\" class=\"wp-image-9813\" srcset=\"https:\/\/www.farakostolna.sk\/wp-content\/uploads\/2025\/05\/WhatsApp-Image-2025-05-23-at-23.24.01_8f7f1029-1024x579.jpg 1024w, https:\/\/www.farakostolna.sk\/wp-content\/uploads\/2025\/05\/WhatsApp-Image-2025-05-23-at-23.24.01_8f7f1029-300x170.jpg 300w, https:\/\/www.farakostolna.sk\/wp-content\/uploads\/2025\/05\/WhatsApp-Image-2025-05-23-at-23.24.01_8f7f1029-768x434.jpg 768w, https:\/\/www.farakostolna.sk\/wp-content\/uploads\/2025\/05\/WhatsApp-Image-2025-05-23-at-23.24.01_8f7f1029-1536x868.jpg 1536w, https:\/\/www.farakostolna.sk\/wp-content\/uploads\/2025\/05\/WhatsApp-Image-2025-05-23-at-23.24.01_8f7f1029.jpg 1599w\" sizes=\"auto, (max-width: 1024px) 100vw, 1024px\" \/><\/figure>\n\n\n\n<p><\/p>\n\n\n\n<p>S\u013e\u00faben\u00fd Duch Sv\u00e4t\u00fd n\u00e1m m\u00e1 pripomen\u00fa\u0165 star\u00e9 a nau\u010di\u0165 n\u00e1s nov\u00e9 &#8211; len v takejto rovnov\u00e1he m\u00f4\u017eeme verne kr\u00e1\u010da\u0165 k Bohu. Nezanedb\u00e1vame Trad\u00edciu a sme s\u00fa\u010dasne otvoren\u00ed pre Jeho nov\u00e9 v\u00fdzvy?<\/p>\n\n\n\n<!--more-->\n\n\n\n<p><strong>Sv\u00e4t\u00e9 om\u0161e u n\u00e1s:<\/strong><\/p>\n\n\n\n<p><strong>sobota \u2013 24. m\u00e1ja (s nede\u013enou platnos\u0165ou)<\/strong><\/p>\n\n\n\n<ul class=\"wp-block-list\">\n<li><strong>17:00 \u2013 Hrub\u00e1 Bor\u0161a (slov.\/ma\u010f.)<\/strong><\/li>\n\n\n\n<li><strong>18:00 \u2013 Kostoln\u00e1 (slov.)<\/strong><\/li>\n<\/ul>\n\n\n\n<p><strong>nede\u013ea \u2013 25. m\u00e1ja<\/strong><\/p>\n\n\n\n<ul class=\"wp-block-list\">\n<li><strong>8:00 \u2013 Hrub\u00fd \u0160\u00far (ma\u010f.)<\/strong><\/li>\n\n\n\n<li><strong>9:30 \u2013 Kostoln\u00e1 (ma\u010f.)<\/strong><\/li>\n\n\n\n<li><strong>11:00 \u2013 Kostoln\u00e1 (slov.)<\/strong><\/li>\n<\/ul>\n\n\n\n<p><strong>Teraz v t\u00fato nede\u013eu v\u0161etk\u00fdch srde\u010dne poz\u00fdvame na Misijn\u00fd de\u0148, ktor\u00fd sa uskuto\u010dn\u00ed na farskom dvore v Kostolnej pri Dunaji. Program za\u010dne sl\u00e1vnostnou sv\u00e4tou om\u0161ou o 11:00. Po nej bude pripraven\u00fd spolo\u010dn\u00fd obed, premietanie dokumentu o pr\u00e1ci v misii, detsk\u00e9 vyst\u00fapenia, tvoriv\u00e9 dielne, modlitby chv\u00e1l a koncerty.<\/strong><\/p>\n\n\n\n<p>Tento t\u00fd\u017ede\u0148 budem v Kostolnej spoveda\u0165 v stredu, \u0161tvrtok a piatok od 16:00 do 17:00. V tom \u010dase bude v kostole ador\u00e1cia. <\/p>\n\n\n\n<p><strong>Deti na prv\u00e9 sv\u00e4t\u00e9 prij\u00edmanie v ma\u010farskom jazyku bud\u00fa ma\u0165 prv\u00fa sv\u00e4t\u00fa spove\u010f v sobotu od 8:30.<\/strong><\/p>\n\n\n\n<p>Minulot\u00fd\u017ed\u0148ov\u00e1 pravideln\u00e1 mesa\u010dn\u00e1 zbierka vyniesla v Kostolnej 1100,45 \u20ac a v Hrubej Bor\u0161i 105,70 \u20ac na kostol a prev\u00e1dzkov\u00e9 n\u00e1klady farnosti a v Hrubom \u0160\u00fare 212,50 \u20ac na potreby \u0161\u00farskej kaplnky a prev\u00e1dzkov\u00e9 n\u00e1klady farnosti. Ve\u013ek\u00e1 v\u010faka za va\u0161u \u0161tedros\u0165 a priaze\u0148.<\/p>\n\n\n\n<p><strong>Vo \u0161tvrtok je cirkevne prik\u00e1zan\u00fd sviatok Nanebovst\u00fapenia P\u00e1na. Sv\u00e4t\u00e9 om\u0161e u n\u00e1s bud\u00fa nasledovne:<\/strong><\/p>\n\n\n\n<p><strong>streda \u2013 28. m\u00e1ja (v predve\u010der sviatku)<\/strong><\/p>\n\n\n\n<ul class=\"wp-block-list\">\n<li><strong>17:00 \u2013 Hrub\u00e1 Bor\u0161a (slov.\/ma\u010f.)<\/strong><\/li>\n\n\n\n<li><strong>18:00 \u2013 Kostoln\u00e1 (slov.)<\/strong><\/li>\n<\/ul>\n\n\n\n<p><strong>\u0161tvrtok \u2013 29. m\u00e1ja<\/strong><\/p>\n\n\n\n<ul class=\"wp-block-list\">\n<li><strong>17:00 \u2013 Kostoln\u00e1 (ma\u010f.)<\/strong><\/li>\n\n\n\n<li><strong>18:00 \u2013 Kostoln\u00e1 (slov.)<\/strong><\/li>\n\n\n\n<li><strong>19:00 \u2013 Hrub\u00fd\u00a0\u0160\u00far\u00a0(ma\u010f.)<\/strong><\/li>\n<\/ul>\n\n\n\n<p>Sv\u00e4t\u00e9 om\u0161e v nasleduj\u00faci t\u00fd\u017ede\u0148 u n\u00e1s v Kostolnej:<\/p>\n\n\n\n<ul class=\"wp-block-list\">\n<li>pondelok \u2013 18:00 (slov.\/ma\u010f.)<\/li>\n\n\n\n<li>utorok \u2013 NEBUDE<\/li>\n\n\n\n<li>streda \u2013 17:00 (ma\u010f.) a 18:00 (slov.)<\/li>\n\n\n\n<li>\u0161tvrtok \u2013 17:00 (ma\u010f.) a 18:00 (slov.)<\/li>\n\n\n\n<li>piatok \u2013 17:00 (ma\u010f.) a 18:00 (slov.)<\/li>\n<\/ul>\n\n\n\n<p>V piatok bude v Hrubom \u0160\u00fare o 19:00 sv\u00e4t\u00e1 om\u0161a pre deti a ml\u00e1de\u017e v ma\u010farskom jazyku.<\/p>\n\n\n\n<p>S \u00factou, <br>Pavol Gajdo\u0161,&nbsp;v\u00e1\u0161&nbsp;far\u00e1r<\/p>\n","protected":false},"excerpt":{"rendered":"<p>S\u013e\u00faben\u00fd Duch Sv\u00e4t\u00fd n\u00e1m m\u00e1 pripomen\u00fa\u0165 star\u00e9 a nau\u010di\u0165 n\u00e1s nov\u00e9 &#8211; len v takejto rovnov\u00e1he m\u00f4\u017eeme verne kr\u00e1\u010da\u0165 k Bohu. Nezanedb\u00e1vame Trad\u00edciu a sme s\u00fa\u010dasne otvoren\u00ed pre Jeho nov\u00e9 v\u00fdzvy?<\/p>\n","protected":false},"author":7,"featured_media":9813,"comment_status":"closed","ping_status":"closed","sticky":false,"template":"","format":"standard","meta":{"footnotes":""},"categories":[13],"tags":[],"class_list":{"0":"entry","1":"post","2":"publish","3":"author-slado89gmail-com","4":"has-more-link","5":"post-9812","7":"format-standard","8":"has-post-thumbnail","9":"category-oznamy"},"_links":{"self":[{"href":"https:\/\/www.farakostolna.sk\/index.php?rest_route=\/wp\/v2\/posts\/9812","targetHints":{"allow":["GET"]}}],"collection":[{"href":"https:\/\/www.farakostolna.sk\/index.php?rest_route=\/wp\/v2\/posts"}],"about":[{"href":"https:\/\/www.farakostolna.sk\/index.php?rest_route=\/wp\/v2\/types\/post"}],"author":[{"embeddable":true,"href":"https:\/\/www.farakostolna.sk\/index.php?rest_route=\/wp\/v2\/users\/7"}],"replies":[{"embeddable":true,"href":"https:\/\/www.farakostolna.sk\/index.php?rest_route=%2Fwp%2Fv2%2Fcomments&post=9812"}],"version-history":[{"count":2,"href":"https:\/\/www.farakostolna.sk\/index.php?rest_route=\/wp\/v2\/posts\/9812\/revisions"}],"predecessor-version":[{"id":9815,"href":"https:\/\/www.farakostolna.sk\/index.php?rest_route=\/wp\/v2\/posts\/9812\/revisions\/9815"}],"wp:featuredmedia":[{"embeddable":true,"href":"https:\/\/www.farakostolna.sk\/index.php?rest_route=\/wp\/v2\/media\/9813"}],"wp:attachment":[{"href":"https:\/\/www.farakostolna.sk\/index.php?rest_route=%2Fwp%2Fv2%2Fmedia&parent=9812"}],"wp:term":[{"taxonomy":"category","embeddable":true,"href":"https:\/\/www.farakostolna.sk\/index.php?rest_route=%2Fwp%2Fv2%2Fcategories&post=9812"},{"taxonomy":"post_tag","embeddable":true,"href":"https:\/\/www.farakostolna.sk\/index.php?rest_route=%2Fwp%2Fv2%2Ftags&post=9812"}],"curies":[{"name":"wp","href":"https:\/\/api.w.org\/{rel}","templated":true}]}}