{"id":9807,"date":"2025-05-16T23:33:54","date_gmt":"2025-05-16T21:33:54","guid":{"rendered":"https:\/\/www.farakostolna.sk\/?p=9807"},"modified":"2025-05-16T23:33:54","modified_gmt":"2025-05-16T21:33:54","slug":"farske-oznamy-a-zamyslenie-18-05-2025","status":"publish","type":"post","link":"https:\/\/www.farakostolna.sk\/?p=9807","title":{"rendered":"Farsk\u00e9 oznamy a zamyslenie (18.05.2025)"},"content":{"rendered":"<div class=\"wp-block-image\">\n<figure class=\"aligncenter size-full is-resized\"><img loading=\"lazy\" decoding=\"async\" width=\"492\" height=\"221\" src=\"https:\/\/www.farakostolna.sk\/wp-content\/uploads\/2025\/05\/WhatsApp-Image-2025-05-16-at-23.02.25_3c2a525a.jpg\" alt=\"\" class=\"wp-image-9808\" style=\"width:604px;height:auto\" srcset=\"https:\/\/www.farakostolna.sk\/wp-content\/uploads\/2025\/05\/WhatsApp-Image-2025-05-16-at-23.02.25_3c2a525a.jpg 492w, https:\/\/www.farakostolna.sk\/wp-content\/uploads\/2025\/05\/WhatsApp-Image-2025-05-16-at-23.02.25_3c2a525a-300x135.jpg 300w\" sizes=\"auto, (max-width: 492px) 100vw, 492px\" \/><\/figure>\n<\/div>\n\n\n<p><\/p>\n\n\n\n<p>T\u00fa\u017eime po nov\u00fdch veciach &#8211; po novom telef\u00f3ne, aute, dome, \u010di domove\u2026 Ale Boh n\u00e1m d\u00e1va ove\u013ea viac &#8211; d\u00e1va n\u00e1m nov\u00e9 prik\u00e1zanie, cez ktor\u00e9 m\u00f4\u017eeme odstr\u00e1ni\u0165 na\u0161e srdce z kame\u0148a a z\u00edska\u0165 nov\u00e9 z m\u00e4sa. Neboj\u00ed\u0161 sa takejto v\u00fdzvy?<\/p>\n\n\n\n<!--more-->\n\n\n\n<p><strong>Sv\u00e4t\u00e9 om\u0161e u n\u00e1s:<\/strong><\/p>\n\n\n\n<p><strong>sobota \u2013 17. m\u00e1ja (s nede\u013enou platnos\u0165ou)<\/strong><\/p>\n\n\n\n<ul class=\"wp-block-list\">\n<li><strong>17:00 \u2013 Hrub\u00e1 Bor\u0161a (slov.\/ma\u010f.)<\/strong><\/li>\n\n\n\n<li><strong>18:00 \u2013 Kostoln\u00e1 (slov.)<\/strong><\/li>\n<\/ul>\n\n\n\n<p><strong>nede\u013ea \u2013 18. m\u00e1ja<\/strong><\/p>\n\n\n\n<ul class=\"wp-block-list\">\n<li><strong>8:00 \u2013 Hrub\u00fd \u0160\u00far (ma\u010f.)<\/strong><\/li>\n\n\n\n<li><strong>9:30 \u2013 Kostoln\u00e1 (ma\u010f.)<\/strong><\/li>\n\n\n\n<li><strong>11:00 \u2013 Kostoln\u00e1 (slov.)<\/strong><\/li>\n<\/ul>\n\n\n\n<p>Tento t\u00fd\u017ede\u0148 budem v Kostolnej spoveda\u0165 v stredu, \u0161tvrtok a piatok od 16:00 do 17:00. V tom \u010dase bude v kostole ador\u00e1cia.<\/p>\n\n\n\n<p>Minulot\u00fd\u017ed\u0148ov\u00e1 zbierka na semin\u00e1r vyniesla v na\u0161ej farnosti spolu 717,96 \u20ac, z toho v Kostolnej 487,56 \u20ac, v Hrubom \u0160\u00fare 129,40 \u20ac a v Hrubej Bor\u0161i 101 \u20ac. \u010eakujem. Peniaze som e\u0161te v utorok preposlal na dan\u00fd \u00fa\u010det.<\/p>\n\n\n\n<p>V tento v\u00edkend je pravideln\u00e1 mesa\u010dn\u00e1 zbierka na kostol a prev\u00e1dzkov\u00e9 n\u00e1klady farnosti. Vopred ve\u013emi pekne \u010fakujem.<\/p>\n\n\n\n<p><strong>O t\u00fd\u017ede\u0148 v\u0161etk\u00fdch srde\u010dne poz\u00fdvame na Misijn\u00fd de\u0148, ktor\u00fd sa uskuto\u010dn\u00ed v nede\u013eu 25. m\u00e1ja 2025 na farskom dvore v Kostolnej pri Dunaji. Program za\u010dne sl\u00e1vnostnou sv\u00e4tou om\u0161ou o 11:00, ktor\u00fa bude koncelebrova\u0165 otec Damaz Mfoi z Tanz\u00e1nie. Po nej bude pripraven\u00fd spolo\u010dn\u00fd obed, premietanie dokumentu o pr\u00e1ci v misii, detsk\u00e9 vyst\u00fapenia, tvoriv\u00e9 dielne, modlitby chv\u00e1l a koncerty.<\/strong><\/p>\n\n\n\n<p>Sv\u00e4t\u00e9 om\u0161e v nasleduj\u00faci t\u00fd\u017ede\u0148 u n\u00e1s v Kostolnej:<\/p>\n\n\n\n<ul class=\"wp-block-list\">\n<li>pondelok \u2013 18:00 (slov.)<\/li>\n\n\n\n<li>utorok \u2013 18:00 (slov.\/ma\u010f.)<\/li>\n\n\n\n<li>streda \u2013 17:00 (ma\u010f.) a 18:00 (slov.)<\/li>\n\n\n\n<li>\u0161tvrtok \u2013 17:00 (ma\u010f.) a 18:00 (slov.)<\/li>\n\n\n\n<li>piatok \u2013 17:00 (ma\u010f.) a 18:00 (slov.)<\/li>\n<\/ul>\n\n\n\n<p>V pondelok bude sv\u00e4t\u00e1 om\u0161a so zrete\u013eom na \u201cdruhoprij\u00edmaj\u00face\u201d deti v Kostolnej o 18:00 v slovenskom jazyku a v Hrubom \u0160\u00fare v piatok o 19:00 pre deti a ml\u00e1de\u017e v ma\u010farskom jazyku.<\/p>\n\n\n\n<p>S \u00factou, <br>Pavol Gajdo\u0161,\u00a0v\u00e1\u0161\u00a0far\u00e1r<\/p>\n\n\n\n<p><\/p>\n","protected":false},"excerpt":{"rendered":"<p>T\u00fa\u017eime po nov\u00fdch veciach &#8211; po novom telef\u00f3ne, aute, dome, \u010di domove\u2026 Ale Boh n\u00e1m d\u00e1va ove\u013ea viac &#8211; d\u00e1va n\u00e1m nov\u00e9 prik\u00e1zanie, cez ktor\u00e9 m\u00f4\u017eeme odstr\u00e1ni\u0165 na\u0161e srdce z kame\u0148a a z\u00edska\u0165 nov\u00e9 z m\u00e4sa. Neboj\u00ed\u0161 sa takejto v\u00fdzvy?<\/p>\n","protected":false},"author":7,"featured_media":9808,"comment_status":"closed","ping_status":"closed","sticky":false,"template":"","format":"standard","meta":{"footnotes":""},"categories":[13],"tags":[],"class_list":{"0":"entry","1":"post","2":"publish","3":"author-slado89gmail-com","4":"has-more-link","5":"post-9807","7":"format-standard","8":"has-post-thumbnail","9":"category-oznamy"},"_links":{"self":[{"href":"https:\/\/www.farakostolna.sk\/index.php?rest_route=\/wp\/v2\/posts\/9807","targetHints":{"allow":["GET"]}}],"collection":[{"href":"https:\/\/www.farakostolna.sk\/index.php?rest_route=\/wp\/v2\/posts"}],"about":[{"href":"https:\/\/www.farakostolna.sk\/index.php?rest_route=\/wp\/v2\/types\/post"}],"author":[{"embeddable":true,"href":"https:\/\/www.farakostolna.sk\/index.php?rest_route=\/wp\/v2\/users\/7"}],"replies":[{"embeddable":true,"href":"https:\/\/www.farakostolna.sk\/index.php?rest_route=%2Fwp%2Fv2%2Fcomments&post=9807"}],"version-history":[{"count":1,"href":"https:\/\/www.farakostolna.sk\/index.php?rest_route=\/wp\/v2\/posts\/9807\/revisions"}],"predecessor-version":[{"id":9809,"href":"https:\/\/www.farakostolna.sk\/index.php?rest_route=\/wp\/v2\/posts\/9807\/revisions\/9809"}],"wp:featuredmedia":[{"embeddable":true,"href":"https:\/\/www.farakostolna.sk\/index.php?rest_route=\/wp\/v2\/media\/9808"}],"wp:attachment":[{"href":"https:\/\/www.farakostolna.sk\/index.php?rest_route=%2Fwp%2Fv2%2Fmedia&parent=9807"}],"wp:term":[{"taxonomy":"category","embeddable":true,"href":"https:\/\/www.farakostolna.sk\/index.php?rest_route=%2Fwp%2Fv2%2Fcategories&post=9807"},{"taxonomy":"post_tag","embeddable":true,"href":"https:\/\/www.farakostolna.sk\/index.php?rest_route=%2Fwp%2Fv2%2Ftags&post=9807"}],"curies":[{"name":"wp","href":"https:\/\/api.w.org\/{rel}","templated":true}]}}