{"id":9797,"date":"2025-05-09T14:06:30","date_gmt":"2025-05-09T12:06:30","guid":{"rendered":"https:\/\/www.farakostolna.sk\/?p=9797"},"modified":"2025-05-11T13:47:06","modified_gmt":"2025-05-11T11:47:06","slug":"misijny-den-25-05-2025","status":"publish","type":"post","link":"https:\/\/www.farakostolna.sk\/?p=9797","title":{"rendered":"Misijn\u00fd de\u0148 (25.05.2025)"},"content":{"rendered":"<div class=\"wp-block-image\">\n<figure class=\"aligncenter size-large\"><img loading=\"lazy\" decoding=\"async\" width=\"723\" height=\"1024\" src=\"https:\/\/www.farakostolna.sk\/wp-content\/uploads\/2025\/05\/WhatsApp-Image-2025-05-10-at-08.39.53_48595b4e-723x1024.jpg\" alt=\"\" class=\"wp-image-9798\" srcset=\"https:\/\/www.farakostolna.sk\/wp-content\/uploads\/2025\/05\/WhatsApp-Image-2025-05-10-at-08.39.53_48595b4e-723x1024.jpg 723w, https:\/\/www.farakostolna.sk\/wp-content\/uploads\/2025\/05\/WhatsApp-Image-2025-05-10-at-08.39.53_48595b4e-212x300.jpg 212w, https:\/\/www.farakostolna.sk\/wp-content\/uploads\/2025\/05\/WhatsApp-Image-2025-05-10-at-08.39.53_48595b4e-768x1087.jpg 768w, https:\/\/www.farakostolna.sk\/wp-content\/uploads\/2025\/05\/WhatsApp-Image-2025-05-10-at-08.39.53_48595b4e-1085x1536.jpg 1085w, https:\/\/www.farakostolna.sk\/wp-content\/uploads\/2025\/05\/WhatsApp-Image-2025-05-10-at-08.39.53_48595b4e.jpg 1130w\" sizes=\"auto, (max-width: 723px) 100vw, 723px\" \/><\/figure>\n<\/div>\n\n\n<p><\/p>\n\n\n\n<p>Drah\u00ed bratia a sestry,<\/p>\n\n\n\n<p>srde\u010dne v\u00e1s poz\u00fdvame na Misijn\u00fd de\u0148, ktor\u00fd sa uskuto\u010dn\u00ed v nede\u013eu 25. m\u00e1ja 2025 na farskom dvore v Kostolnej pri Dunaji. Podujatie organizuje ob\u010dianske zdru\u017eenie Misie o.z. a jeho cie\u013eom je podpori\u0165 misijn\u00e9 aktivity v Tanz\u00e1nii, najm\u00e4 vzdel\u00e1vanie det\u00ed.<\/p>\n\n\n\n<!--more-->\n\n\n\n<p>Program za\u010dne sl\u00e1vnostnou sv\u00e4tou om\u0161ou o 11:00, ktor\u00fa bude celebrova\u0165 otec Damaz Mfoi z Tanz\u00e1nie. Po nej bude pripraven\u00fd spolo\u010dn\u00fd obed, premietanie dokumentu o pr\u00e1ci v misii, detsk\u00e9 vyst\u00fapenia, tvoriv\u00e9 dielne, modlitby chv\u00e1l a koncerty.<\/p>\n\n\n\n<p>Vstup je vo\u013en\u00fd a po\u010das cel\u00e9ho d\u0148a bude mo\u017enos\u0165 zapoji\u0165 sa do podpory misi\u00ed v Tanz\u00e1nii formou dobrovo\u013en\u00e9ho pr\u00edspevku.<\/p>\n\n\n\n<p>Plag\u00e1t k podujatiu n\u00e1jdete na farskej n\u00e1stenke a podrobn\u00fd program je zverejnen\u00fd na str\u00e1nke <a href=\"https:\/\/ozmisie.sk\/misijny-den-v-kostolnej-pri-dunaji\/\"><strong>www.ozmisie.sk<\/strong><\/a>.<\/p>\n\n\n\n<p>Pr\u00ed\u010fte pre\u017ei\u0165 de\u0148 pln\u00fd radosti, in\u0161pir\u00e1cie a spolupatri\u010dnosti.<br>P\u00e1n Boh zapla\u0165 za va\u0161u \u00fa\u010das\u0165&nbsp;a&nbsp;podporu!<\/p>\n","protected":false},"excerpt":{"rendered":"<p>Drah\u00ed bratia a sestry, srde\u010dne v\u00e1s poz\u00fdvame na Misijn\u00fd de\u0148, ktor\u00fd sa uskuto\u010dn\u00ed v nede\u013eu 25. m\u00e1ja 2025 na farskom dvore v Kostolnej pri Dunaji. Podujatie organizuje ob\u010dianske zdru\u017eenie Misie o.z. a jeho cie\u013eom je podpori\u0165 misijn\u00e9 aktivity v Tanz\u00e1nii, najm\u00e4 vzdel\u00e1vanie det\u00ed.<\/p>\n","protected":false},"author":7,"featured_media":9800,"comment_status":"closed","ping_status":"closed","sticky":false,"template":"","format":"standard","meta":{"footnotes":""},"categories":[3],"tags":[],"class_list":{"0":"entry","1":"post","2":"publish","3":"author-slado89gmail-com","4":"has-more-link","5":"post-9797","7":"format-standard","8":"has-post-thumbnail","9":"category-afrika"},"_links":{"self":[{"href":"https:\/\/www.farakostolna.sk\/index.php?rest_route=\/wp\/v2\/posts\/9797","targetHints":{"allow":["GET"]}}],"collection":[{"href":"https:\/\/www.farakostolna.sk\/index.php?rest_route=\/wp\/v2\/posts"}],"about":[{"href":"https:\/\/www.farakostolna.sk\/index.php?rest_route=\/wp\/v2\/types\/post"}],"author":[{"embeddable":true,"href":"https:\/\/www.farakostolna.sk\/index.php?rest_route=\/wp\/v2\/users\/7"}],"replies":[{"embeddable":true,"href":"https:\/\/www.farakostolna.sk\/index.php?rest_route=%2Fwp%2Fv2%2Fcomments&post=9797"}],"version-history":[{"count":2,"href":"https:\/\/www.farakostolna.sk\/index.php?rest_route=\/wp\/v2\/posts\/9797\/revisions"}],"predecessor-version":[{"id":9804,"href":"https:\/\/www.farakostolna.sk\/index.php?rest_route=\/wp\/v2\/posts\/9797\/revisions\/9804"}],"wp:featuredmedia":[{"embeddable":true,"href":"https:\/\/www.farakostolna.sk\/index.php?rest_route=\/wp\/v2\/media\/9800"}],"wp:attachment":[{"href":"https:\/\/www.farakostolna.sk\/index.php?rest_route=%2Fwp%2Fv2%2Fmedia&parent=9797"}],"wp:term":[{"taxonomy":"category","embeddable":true,"href":"https:\/\/www.farakostolna.sk\/index.php?rest_route=%2Fwp%2Fv2%2Fcategories&post=9797"},{"taxonomy":"post_tag","embeddable":true,"href":"https:\/\/www.farakostolna.sk\/index.php?rest_route=%2Fwp%2Fv2%2Ftags&post=9797"}],"curies":[{"name":"wp","href":"https:\/\/api.w.org\/{rel}","templated":true}]}}