{"id":9787,"date":"2025-05-09T22:33:32","date_gmt":"2025-05-09T20:33:32","guid":{"rendered":"https:\/\/www.farakostolna.sk\/?p=9787"},"modified":"2025-05-11T14:33:37","modified_gmt":"2025-05-11T12:33:37","slug":"farske-oznamy-a-zamyslenie-11-05-2025","status":"publish","type":"post","link":"https:\/\/www.farakostolna.sk\/?p=9787","title":{"rendered":"Farsk\u00e9 oznamy a zamyslenie (11.05.2025)"},"content":{"rendered":"\n<figure class=\"wp-block-image size-large\"><img loading=\"lazy\" decoding=\"async\" width=\"1024\" height=\"535\" src=\"https:\/\/www.farakostolna.sk\/wp-content\/uploads\/2025\/05\/9b928665-16df-4c2a-b1c3-26b60120ec49-1024x535.jpeg\" alt=\"\" class=\"wp-image-9789\" srcset=\"https:\/\/www.farakostolna.sk\/wp-content\/uploads\/2025\/05\/9b928665-16df-4c2a-b1c3-26b60120ec49-1024x535.jpeg 1024w, https:\/\/www.farakostolna.sk\/wp-content\/uploads\/2025\/05\/9b928665-16df-4c2a-b1c3-26b60120ec49-300x157.jpeg 300w, https:\/\/www.farakostolna.sk\/wp-content\/uploads\/2025\/05\/9b928665-16df-4c2a-b1c3-26b60120ec49-768x401.jpeg 768w, https:\/\/www.farakostolna.sk\/wp-content\/uploads\/2025\/05\/9b928665-16df-4c2a-b1c3-26b60120ec49.jpeg 1200w\" sizes=\"auto, (max-width: 1024px) 100vw, 1024px\" \/><\/figure>\n\n\n\n<p><\/p>\n\n\n\n<p>Ovca je sk\u00f4r poni\u017euj\u00faci v\u00fdraz pre slep\u00fa poslu\u0161nos\u0165. Nie v\u0161ak v pr\u00edpade, ak je Pastierom Je\u017ei\u0161, ktor\u00fd je v \u00faplnej jednote s Bohom Otcom. Kto je v skuto\u010dnosti na\u0161\u00edm pastierom? Kam n\u00e1s vedie?<\/p>\n\n\n\n<!--more-->\n\n\n\n<p><strong>Sv\u00e4t\u00e9 om\u0161e u n\u00e1s:<\/strong><br><br><strong>sobota \u2013 10. m\u00e1ja (s nede\u013enou platnos\u0165ou)<\/strong><\/p>\n\n\n\n<ul class=\"wp-block-list\">\n<li><strong>17:00 \u2013 Hrub\u00e1 Bor\u0161a (slov.\/ma\u010f.)<\/strong><\/li>\n\n\n\n<li><strong>18:00 \u2013 Kostoln\u00e1 (slov.)<\/strong><\/li>\n<\/ul>\n\n\n\n<p><strong>nede\u013ea \u2013 11. m\u00e1ja<\/strong><\/p>\n\n\n\n<ul class=\"wp-block-list\">\n<li><strong>8:00 \u2013 Hrub\u00fd \u0160\u00far (ma\u010f.)<\/strong><\/li>\n\n\n\n<li><strong>9:30 \u2013 Kostoln\u00e1 (ma\u010f.)<\/strong><\/li>\n\n\n\n<li><strong>11:00 \u2013 Kostoln\u00e1 (slov.)<\/strong><\/li>\n<\/ul>\n\n\n\n<p>Tento t\u00fd\u017ede\u0148 budem v Kostolnej spoveda\u0165 v stredu a piatok od 16:00 do 17:00. V tom \u010dase bude v kostole ador\u00e1cia. <\/p>\n\n\n\n<p><strong>Prvoprij\u00edmaj\u00face deti bud\u00fa ma\u0165 prv\u00fa sv\u00e4t\u00fa spove\u010f v sobotu od 9:00 v Kostolnej, po nej bude n\u00e1cvik. Deti na presk\u00fa\u0161anie pr\u00eddu na faru v Kostolnej v utorok a \u0161tvrtok od 16:00 do 17:50.<\/strong><\/p>\n\n\n\n<p>Tento v\u00edkend v r\u00e1mci 4. ve\u013ekono\u010dnej nedele sa kon\u00e1 zbierka na k\u0148azsk\u00fd semin\u00e1r. Nako\u013eko sa v tomto \u010dase vo vn\u00fatri budovy K\u0148azsk\u00e9ho semin\u00e1ra v Bratislave za\u010dala \u010fal\u0161ia f\u00e1za rekon\u0161truk\u010dn\u00fdch pr\u00e1c.<\/p>\n\n\n<div class=\"wp-block-image\">\n<figure class=\"aligncenter size-full\"><img loading=\"lazy\" decoding=\"async\" width=\"552\" height=\"402\" src=\"https:\/\/www.farakostolna.sk\/wp-content\/uploads\/2025\/05\/image.png\" alt=\"\" class=\"wp-image-9773\" srcset=\"https:\/\/www.farakostolna.sk\/wp-content\/uploads\/2025\/05\/image.png 552w, https:\/\/www.farakostolna.sk\/wp-content\/uploads\/2025\/05\/image-300x218.png 300w\" sizes=\"auto, (max-width: 552px) 100vw, 552px\" \/><\/figure>\n<\/div>\n\n\n<p><br><strong>Srde\u010dne v\u00e1s poz\u00fdvame na <a href=\"https:\/\/ozmisie.sk\/misijny-den-v-kostolnej-pri-dunaji\/\">Misijn\u00fd de\u0148<\/a>, ktor\u00fd sa uskuto\u010dn\u00ed v nede\u013eu 25. m\u00e1ja 2025 na farskom dvore v Kostolnej pri Dunaji. Program za\u010dne sl\u00e1vnostnou sv\u00e4tou om\u0161ou o 11:00, ktor\u00fa bude celebrova\u0165 otec Damaz Mfoi z Tanz\u00e1nie. Po nej bude pripraven\u00fd spolo\u010dn\u00fd obed, premietanie dokumentu o pr\u00e1ci v misii, detsk\u00e9 vyst\u00fapenia, tvoriv\u00e9 dielne, modlitby chv\u00e1l a koncerty.<\/strong><\/p>\n\n\n\n<p>O t\u00fd\u017ede\u0148 bude pravideln\u00e1 mesa\u010dn\u00e1 zbierka na kostol a prev\u00e1dzkov\u00e9 n\u00e1klady farnosti. Vopred \u010fakujem.<\/p>\n\n\n\n<p>Sv\u00e4t\u00e9 om\u0161e v nasleduj\u00faci t\u00fd\u017ede\u0148 u n\u00e1s v Kostolnej:<\/p>\n\n\n\n<ul class=\"wp-block-list\">\n<li>pondelok \u2013 8:30 (slov.\/ma\u010f.)<\/li>\n\n\n\n<li>utorok \u2013 18:00 (slov.\/ma\u010f.)<\/li>\n\n\n\n<li>streda \u2013 17:00 (ma\u010f.) a 18:00 (slov.)<\/li>\n\n\n\n<li>\u0161tvrtok \u2013 18:00 (slov.\/ma\u010f.)<\/li>\n\n\n\n<li>piatok \u2013 17:00 (ma\u010f.) a 18:00 (slov.)<\/li>\n<\/ul>\n\n\n\n<p>V stredu bude sv\u00e4t\u00e1 om\u0161a so zrete\u013eom na deti a ml\u00e1de\u017e v Kostolnej o 18:00 v slovenskom jazyku a v Hrubom \u0160\u00fare v piatok o 19:00 v ma\u010farskom jazyku.<\/p>\n\n\n\n<p>S \u00factou, <br>Pavol Gajdo\u0161, v\u00e1\u0161 far\u00e1r<\/p>\n","protected":false},"excerpt":{"rendered":"<p>Ovca je sk\u00f4r poni\u017euj\u00faci v\u00fdraz pre slep\u00fa poslu\u0161nos\u0165. Nie v\u0161ak v pr\u00edpade, ak je Pastierom Je\u017ei\u0161, ktor\u00fd je v \u00faplnej jednote s Bohom Otcom. Kto je v skuto\u010dnosti na\u0161\u00edm pastierom? Kam n\u00e1s vedie?<\/p>\n","protected":false},"author":7,"featured_media":9789,"comment_status":"closed","ping_status":"closed","sticky":false,"template":"","format":"standard","meta":{"footnotes":""},"categories":[13],"tags":[],"class_list":{"0":"entry","1":"post","2":"publish","3":"author-slado89gmail-com","4":"has-more-link","5":"post-9787","7":"format-standard","8":"has-post-thumbnail","9":"category-oznamy"},"_links":{"self":[{"href":"https:\/\/www.farakostolna.sk\/index.php?rest_route=\/wp\/v2\/posts\/9787","targetHints":{"allow":["GET"]}}],"collection":[{"href":"https:\/\/www.farakostolna.sk\/index.php?rest_route=\/wp\/v2\/posts"}],"about":[{"href":"https:\/\/www.farakostolna.sk\/index.php?rest_route=\/wp\/v2\/types\/post"}],"author":[{"embeddable":true,"href":"https:\/\/www.farakostolna.sk\/index.php?rest_route=\/wp\/v2\/users\/7"}],"replies":[{"embeddable":true,"href":"https:\/\/www.farakostolna.sk\/index.php?rest_route=%2Fwp%2Fv2%2Fcomments&post=9787"}],"version-history":[{"count":8,"href":"https:\/\/www.farakostolna.sk\/index.php?rest_route=\/wp\/v2\/posts\/9787\/revisions"}],"predecessor-version":[{"id":9805,"href":"https:\/\/www.farakostolna.sk\/index.php?rest_route=\/wp\/v2\/posts\/9787\/revisions\/9805"}],"wp:featuredmedia":[{"embeddable":true,"href":"https:\/\/www.farakostolna.sk\/index.php?rest_route=\/wp\/v2\/media\/9789"}],"wp:attachment":[{"href":"https:\/\/www.farakostolna.sk\/index.php?rest_route=%2Fwp%2Fv2%2Fmedia&parent=9787"}],"wp:term":[{"taxonomy":"category","embeddable":true,"href":"https:\/\/www.farakostolna.sk\/index.php?rest_route=%2Fwp%2Fv2%2Fcategories&post=9787"},{"taxonomy":"post_tag","embeddable":true,"href":"https:\/\/www.farakostolna.sk\/index.php?rest_route=%2Fwp%2Fv2%2Ftags&post=9787"}],"curies":[{"name":"wp","href":"https:\/\/api.w.org\/{rel}","templated":true}]}}