{"id":9771,"date":"2025-05-02T22:56:10","date_gmt":"2025-05-02T20:56:10","guid":{"rendered":"https:\/\/www.farakostolna.sk\/?p=9771"},"modified":"2025-05-03T09:14:38","modified_gmt":"2025-05-03T07:14:38","slug":"farske-oznamy-a-zamyslenie-04-05-2025","status":"publish","type":"post","link":"https:\/\/www.farakostolna.sk\/?p=9771","title":{"rendered":"Farsk\u00e9 oznamy a zamyslenie (04.05.2025)"},"content":{"rendered":"<div class=\"wp-block-image\">\n<figure class=\"aligncenter size-full is-resized\"><img loading=\"lazy\" decoding=\"async\" width=\"605\" height=\"360\" src=\"https:\/\/www.farakostolna.sk\/wp-content\/uploads\/2025\/05\/WhatsApp-Image-2025-05-02-at-22.43.23_63441c88.jpg\" alt=\"\" class=\"wp-image-9772\" style=\"width:840px;height:auto\" srcset=\"https:\/\/www.farakostolna.sk\/wp-content\/uploads\/2025\/05\/WhatsApp-Image-2025-05-02-at-22.43.23_63441c88.jpg 605w, https:\/\/www.farakostolna.sk\/wp-content\/uploads\/2025\/05\/WhatsApp-Image-2025-05-02-at-22.43.23_63441c88-300x179.jpg 300w\" sizes=\"auto, (max-width: 605px) 100vw, 605px\" \/><\/figure>\n<\/div>\n\n\n<p><\/p>\n\n\n\n<p>Peter dostal druh\u00fa \u0161ancu nie na z\u00e1klade v\u00fdhovoriek, ale na z\u00e1klade l\u00e1sky. Je\u017ei\u0161 ho vyzval k nasledovaniu. Aj n\u00e1m Boh d\u00e1va \u010fal\u0161iu \u0161ancu a \u010dak\u00e1 na na\u0161e vyznanie l\u00e1sky, nie v\u00fdhovorky.<\/p>\n\n\n\n<!--more-->\n\n\n\n<p><strong>Sv\u00e4t\u00e9 om\u0161e u n\u00e1s:<\/strong><\/p>\n\n\n\n<p><strong>sobota \u2013 3. m\u00e1ja (s nede\u013enou platnos\u0165ou)<\/strong><\/p>\n\n\n\n<ul class=\"wp-block-list\">\n<li><strong>17:00 \u2013 Hrub\u00e1 Bor\u0161a (slov.\/ma\u010f.)<\/strong><\/li>\n\n\n\n<li><strong>18:00 \u2013 Kostoln\u00e1 (slov.)<\/strong><\/li>\n<\/ul>\n\n\n\n<p><strong>nede\u013ea \u2013 4. m\u00e1ja<\/strong><\/p>\n\n\n\n<ul class=\"wp-block-list\">\n<li><strong>8:00 \u2013 Hrub\u00fd \u0160\u00far (ma\u010f.)<\/strong><\/li>\n\n\n\n<li><strong>9:30 \u2013 Kostoln\u00e1 (ma\u010f.)<\/strong><\/li>\n\n\n\n<li><strong>11:00 \u2013 Kostoln\u00e1 (slov.)<\/strong><\/li>\n<\/ul>\n\n\n\n<p>V t\u00fato nede\u013eu je v Kostolnej o 11:00 rodinn\u00e1 sv\u00e4t\u00e1 om\u0161a, na ktor\u00fa poz\u00fdvame v\u0161etk\u00fdch, osobitne deti spolu s rodi\u010dmi. Z\u00e1rove\u0148 budem po\u017eehn\u00e1va\u0165 mami\u010dky pred\u00a0p\u00f4rodom.<\/p>\n\n\n\n<p><strong>V utorok, 6. m\u00e1ja, m\u00e1me vo farskom kostole celodenn\u00fa v\u00fdro\u010dn\u00fa poklonu pred Sviatos\u0165ou Olt\u00e1rnou od 9:00 do 18:00. Pr\u00ed\u010fme sa st\u00ed\u0161i\u0165 do Bo\u017eieho chr\u00e1mu. Rozpis je na n\u00e1stenke.<\/strong><\/p>\n\n\n\n<p>Vo \u0161tvrtok sv\u00e4t\u00e1 om\u0161a vo farnosti nebude. S ma\u010farsky hovoriacimi veriacimi p\u00f4jdem na jednod\u0148ov\u00fa p\u00fa\u0165 do Bodajki.<\/p>\n\n\n\n<p>Tento t\u00fd\u017ede\u0148 budem v Kostolnej spoveda\u0165 v stredu a piatok od 16:00 do 17:00. V tom \u010dase bude v kostole ador\u00e1cia.<\/p>\n\n\n\n<p><strong>O t\u00fd\u017ede\u0148 na 4. ve\u013ekono\u010dn\u00fa nede\u013eu<\/strong> sa kon\u00e1 <strong>zbierka na k\u0148azsk\u00fd semin\u00e1r<\/strong>. Nako\u013eko sa v tomto \u010dase vo vn\u00fatri budovy K\u0148azsk\u00e9ho semin\u00e1ra v Bratislave za\u010dala \u010fal\u0161ia f\u00e1za rekon\u0161truk\u010dn\u00fdch pr\u00e1c.<\/p>\n\n\n<div class=\"wp-block-image\">\n<figure class=\"aligncenter size-full\"><img loading=\"lazy\" decoding=\"async\" width=\"552\" height=\"402\" src=\"https:\/\/www.farakostolna.sk\/wp-content\/uploads\/2025\/05\/image.png\" alt=\"\" class=\"wp-image-9773\" srcset=\"https:\/\/www.farakostolna.sk\/wp-content\/uploads\/2025\/05\/image.png 552w, https:\/\/www.farakostolna.sk\/wp-content\/uploads\/2025\/05\/image-300x218.png 300w\" sizes=\"auto, (max-width: 552px) 100vw, 552px\" \/><\/figure>\n<\/div>\n\n\n<p><\/p>\n\n\n\n<p>Sv\u00e4t\u00e9 om\u0161e v nasleduj\u00faci t\u00fd\u017ede\u0148 u n\u00e1s v Kostolnej:<\/p>\n\n\n\n<ul class=\"wp-block-list\">\n<li>pondelok \u2013 8:30 (slov.\/ma\u010f.)<\/li>\n\n\n\n<li>utorok \u2013 18:00 (slov.\/ma\u010f.)<\/li>\n\n\n\n<li>streda \u2013 17:00 (ma\u010f.) a 18:00 (slov.)<\/li>\n\n\n\n<li>\u0161tvrtok \u2013 NEBUDE<\/li>\n\n\n\n<li>piatok \u2013 17:00 (ma\u010f.) a 18:00 (slov.)<\/li>\n<\/ul>\n\n\n\n<p>V pondelok bude o 13:00 pohrebn\u00e1 sv\u00e4t\u00e1 om\u0161a v Hrubom \u0160\u00fare za p. J\u00faliusa Rablanszk\u00e9ho (68). V piatok bude sv\u00e4t\u00e1 om\u0161a so zrete\u013eom na deti a ml\u00e1de\u017e v Hrubom \u0160\u00fare o 19-tej v ma\u010farskom jazyku.<\/p>\n\n\n\n<p>S \u00factou, <br>Pavol Gajdo\u0161, v\u00e1\u0161 far\u00e1r<br><\/p>\n\n\n\n<p><em><span style=\"text-decoration: underline;\">\u010eal\u0161ie oznamy z arcidiec\u00e9zy:<\/span><\/em><br><\/p>\n\n\n\n<ul class=\"wp-block-list\">\n<li><strong>Pozv\u00e1nka na p\u00fa\u0165 det\u00ed do Marianky<\/strong>&nbsp;(pre veriacich na \u00fazem\u00ed Bratislavskej arcidiec\u00e9zy) \u2013 Poz\u00fdvame deti s anim\u00e1tormi, katech\u00e9tmi a rodi\u010dmi na P\u00fa\u0165 det\u00ed do Marianky, ktor\u00e1 sa uskuto\u010dn\u00ed&nbsp;<strong>v sobotu 10. m\u00e1ja 2025<\/strong>. Bli\u017e\u0161ie inform\u00e1cie o p\u00fati a mo\u017enos\u0165 prihl\u00e1senia sa n\u00e1jdete na str\u00e1nke&nbsp;<strong><a href=\"https:\/\/erko.sk\/putdeti\/\">https:\/\/erko.sk\/putdeti\/&nbsp;<\/a><\/strong>alebo na&nbsp;<strong><a href=\"https:\/\/remote.abuba.sk:8444\/filr\/public-link\/file-download\/8ae482af923abff00196636f43e15071\/4174\/6855738316946649404\/Marianka%20%281%29.png\">plag\u00e1te<\/a><\/strong>.<\/li>\n<\/ul>\n\n\n\n<ul class=\"wp-block-list\">\n<li>Od <strong>12. &#8211; 15. j\u00fana 2025<\/strong> sa bude kona\u0165 <strong>v z\u00e1hrade P\u00e1llfyho pal\u00e1ca v Bratislave u\u017e 14. ro\u010dn\u00edk festivalu Bratislavsk\u00e9 Hanusove dni.<\/strong> Organiz\u00e1tor Spolo\u010denstvo Ladislava Hanusa (SLH) V\u00e1s srde\u010dne poz\u00fdva na tento mestsk\u00fd akademick\u00fd festival o Bohu, vesm\u00edre, \u017eivote a v\u00f4bec. M\u00f4\u017eete sa te\u0161i\u0165 na r\u00f4zne diskusie, predn\u00e1\u0161ky a \u010fal\u0161\u00ed kult\u00farny program. Viac inform\u00e1ci\u00ed n\u00e1jdete na webe <a href=\"https:\/\/hanusovedni.sk\/sk\/bhd\/\"><strong>bhd.sk<\/strong><\/a> a na soci\u00e1lnych sie\u0165ach BHD. K oznamu je k dispoz\u00edcii <strong><a href=\"https:\/\/remote.abuba.sk:8444\/filr\/public-link\/file-download\/8ae482af967b447d019686340d471246\/4183\/-8500593319430496545\/BHD25%20plag%C3%A1t%20tematick%C3%BD.pdf\">plag\u00e1t<\/a><\/strong>.<\/li>\n<\/ul>\n\n\n\n<ul class=\"wp-block-list\">\n<li>Komisia pre ml\u00e1de\u017e Bratislavskej arcidiec\u00e9zy v spolupr\u00e1ci s farnos\u0165ou Bernol\u00e1kovo poz\u00fdva v\u0161etk\u00fdch od 15 do 30 rokov na <strong>arcidiec\u00e9zny florbalov\u00fd turnaj Kornel Cup<\/strong>. Tret\u00ed ro\u010dn\u00edk turnaja sa uskuto\u010dn\u00ed <strong>31. m\u00e1ja 2025 v Ivanke pri Dunaji<\/strong>. Prihl\u00e1sen\u00fdch \u010dakaj\u00fa zauj\u00edmav\u00e9 ceny a mo\u017enos\u0165 postupu na celoslovensk\u00e9 kolo florbalov\u00e9ho turnaja. Viac inform\u00e1ci\u00ed a prihlasovanie na: <a href=\"http:\/\/bit.ly\/kornelcup\"><strong>bit.ly\/kornelcup<\/strong><\/a> K oznamu je k dispoz\u00edcii <strong><a href=\"https:\/\/remote.abuba.sk:8444\/ssf\/s\/readFile\/share\/4184\/-4100156021962705918\/publicLink\/Plagat_Kornel_Cup.pdf\">plag\u00e1t<\/a><\/strong>.<\/li>\n<\/ul>\n\n\n\n<ul class=\"wp-block-list\">\n<li><strong>V nede\u013eu 1. j\u00fana poz\u00fdvame rodiny do Katedr\u00e1ly sv. Martina v Bratislave na sl\u00e1venie Jubilea rod\u00edn. Sl\u00e1vnostn\u00fa sv\u00e4t\u00fa om\u0161u o 10.30 hod. bude celebrova\u0165 otec arcibiskup Mons. Stanislav Zvolensk<\/strong>\u00fd. S\u00fa\u010das\u0165ou programu bude aj v\u00fdstava o blahoslavenej rodine Ulmovcov a osobitn\u00e9 po\u017eehnanie pre jubiluj\u00face man\u017eelsk\u00e9 p\u00e1ry, ktor\u00e9 sa m\u00f4\u017eu prihl\u00e1si\u0165 cez str\u00e1nku <strong><a href=\"http:\/\/rodinaba.sk\">rodinaba.sk<\/a><\/strong>, kde n\u00e1jdu aj \u010fal\u0161ie inform\u00e1cie. Pozvan\u00e9 s\u00fa v\u0161etky rodiny \u2013 v s\u00falade s jubileom rod\u00edn, det\u00ed, star\u00fdch rodi\u010dov a seniorov, ktor\u00e9 sa v tom istom \u010dase sl\u00e1vi v R\u00edme. K oznamu je k dispoz\u00edcii <strong><a href=\"https:\/\/remote.abuba.sk:8444\/ssf\/s\/readFile\/share\/4182\/835976118365478662\/publicLink\/PLAGAT%20jubileum%20rod%C3%ADn.jpg\">plag\u00e1t<\/a><\/strong>.<\/li>\n<\/ul>\n","protected":false},"excerpt":{"rendered":"<p>Peter dostal druh\u00fa \u0161ancu nie na z\u00e1klade v\u00fdhovoriek, ale na z\u00e1klade l\u00e1sky. Je\u017ei\u0161 ho vyzval k nasledovaniu. Aj n\u00e1m Boh d\u00e1va \u010fal\u0161iu \u0161ancu a \u010dak\u00e1 na na\u0161e vyznanie l\u00e1sky, nie v\u00fdhovorky.<\/p>\n","protected":false},"author":7,"featured_media":9772,"comment_status":"closed","ping_status":"closed","sticky":false,"template":"","format":"standard","meta":{"footnotes":""},"categories":[13],"tags":[],"class_list":{"0":"entry","1":"post","2":"publish","3":"author-slado89gmail-com","4":"has-more-link","5":"post-9771","7":"format-standard","8":"has-post-thumbnail","9":"category-oznamy"},"_links":{"self":[{"href":"https:\/\/www.farakostolna.sk\/index.php?rest_route=\/wp\/v2\/posts\/9771","targetHints":{"allow":["GET"]}}],"collection":[{"href":"https:\/\/www.farakostolna.sk\/index.php?rest_route=\/wp\/v2\/posts"}],"about":[{"href":"https:\/\/www.farakostolna.sk\/index.php?rest_route=\/wp\/v2\/types\/post"}],"author":[{"embeddable":true,"href":"https:\/\/www.farakostolna.sk\/index.php?rest_route=\/wp\/v2\/users\/7"}],"replies":[{"embeddable":true,"href":"https:\/\/www.farakostolna.sk\/index.php?rest_route=%2Fwp%2Fv2%2Fcomments&post=9771"}],"version-history":[{"count":4,"href":"https:\/\/www.farakostolna.sk\/index.php?rest_route=\/wp\/v2\/posts\/9771\/revisions"}],"predecessor-version":[{"id":9778,"href":"https:\/\/www.farakostolna.sk\/index.php?rest_route=\/wp\/v2\/posts\/9771\/revisions\/9778"}],"wp:featuredmedia":[{"embeddable":true,"href":"https:\/\/www.farakostolna.sk\/index.php?rest_route=\/wp\/v2\/media\/9772"}],"wp:attachment":[{"href":"https:\/\/www.farakostolna.sk\/index.php?rest_route=%2Fwp%2Fv2%2Fmedia&parent=9771"}],"wp:term":[{"taxonomy":"category","embeddable":true,"href":"https:\/\/www.farakostolna.sk\/index.php?rest_route=%2Fwp%2Fv2%2Fcategories&post=9771"},{"taxonomy":"post_tag","embeddable":true,"href":"https:\/\/www.farakostolna.sk\/index.php?rest_route=%2Fwp%2Fv2%2Ftags&post=9771"}],"curies":[{"name":"wp","href":"https:\/\/api.w.org\/{rel}","templated":true}]}}