{"id":9764,"date":"2025-04-25T22:23:32","date_gmt":"2025-04-25T20:23:32","guid":{"rendered":"https:\/\/www.farakostolna.sk\/?p=9764"},"modified":"2025-04-25T22:24:44","modified_gmt":"2025-04-25T20:24:44","slug":"farske-oznamy-a-zamyslenie-27-04-2025","status":"publish","type":"post","link":"https:\/\/www.farakostolna.sk\/?p=9764","title":{"rendered":"Farsk\u00e9 oznamy a zamyslenie (27.04.2025)"},"content":{"rendered":"\n<figure class=\"wp-block-image size-full\"><img loading=\"lazy\" decoding=\"async\" width=\"1012\" height=\"781\" src=\"https:\/\/www.farakostolna.sk\/wp-content\/uploads\/2025\/04\/Screenshot-2025-04-25-222100.png\" alt=\"\" class=\"wp-image-9765\" srcset=\"https:\/\/www.farakostolna.sk\/wp-content\/uploads\/2025\/04\/Screenshot-2025-04-25-222100.png 1012w, https:\/\/www.farakostolna.sk\/wp-content\/uploads\/2025\/04\/Screenshot-2025-04-25-222100-300x232.png 300w, https:\/\/www.farakostolna.sk\/wp-content\/uploads\/2025\/04\/Screenshot-2025-04-25-222100-768x593.png 768w\" sizes=\"auto, (max-width: 1012px) 100vw, 1012px\" \/><\/figure>\n\n\n\n<p><\/p>\n\n\n\n<p>Chceme dary Ducha Sv\u00e4t\u00e9ho, Jeho moc, silu, z\u00e1pal,\u2026 ale chceme aj Jeho samotn\u00e9ho? Je\u017ei\u0161 n\u00e1s priam vyz\u00fdva, aby sme &#8220;prijali Ducha Sv\u00e4t\u00e9ho&#8221;. Neboj\u00edme sa Ho, nevyh\u00fdbame sa mu? Bez Neho je v\u0161etka na\u0161a kres\u0165ansk\u00e1 \u010dinnos\u0165 iba aktivizmus.<\/p>\n\n\n\n<!--more-->\n\n\n\n<p><strong>Sv\u00e4t\u00e9 om\u0161e u n\u00e1s:<\/strong><\/p>\n\n\n\n<p><strong>sobota \u2013 26. apr\u00edla (s nede\u013enou platnos\u0165ou)<\/strong><\/p>\n\n\n\n<ul class=\"wp-block-list\">\n<li><strong>17:00 \u2013 Hrub\u00e1 Bor\u0161a (slov.\/ma\u010f.)<\/strong><\/li>\n\n\n\n<li><strong>18:00 \u2013 Kostoln\u00e1 (slov.)<\/strong><\/li>\n<\/ul>\n\n\n\n<p><strong>nede\u013ea \u2013 27. apr\u00edla<\/strong><\/p>\n\n\n\n<ul class=\"wp-block-list\">\n<li><strong>8:00 \u2013 Hrub\u00fd \u0160\u00far (ma\u010f.)<\/strong><\/li>\n\n\n\n<li><strong>9:00 \u2013 Kostoln\u00e1 (ma\u010f.)<\/strong><\/li>\n\n\n\n<li><strong>11:00 \u2013 Kostoln\u00e1 (slov.)<\/strong><\/li>\n<\/ul>\n\n\n\n<p><strong>V t\u00fato nede\u013eu bude v Kostolnej sv\u00e4t\u00e1 om\u0161a v ma\u010farskom jazyku v\u00fdnimo\u010dne so za\u010diatkom o 9:00.<\/strong><\/p>\n\n\n\n<p><strong>V t\u00fato nede\u013eu Bo\u017eieho milosrdenstva bude v Kostolnej o 11:00 birmovka.<\/strong> Srde\u010dne poz\u00fdvame veriacich, aj deti s rodi\u010dmi. Aj pod pr\u00edstre\u0161kom bude pripraven\u00e9 sedenie a videoprojekcia. Deti a ml\u00e1de\u017e v\u0161ak osobitne poz\u00fdvam bli\u017e\u0161ie k olt\u00e1ru. Poobede o 15:00 sa pomodl\u00edme korunku k Bo\u017eiemu milosrdenstvu.<\/p>\n\n\n\n<p>Tento t\u00fd\u017ede\u0148 budem v Kostolnej spoveda\u0165 v stredu a piatok od 16:00 do 17:00. V tom \u010dase bude v kostole ador\u00e1cia.<\/p>\n\n\n\n<p>Zbierka pri Bo\u017eom hrobe vyniesla v na\u0161ej farnosti spolu 500,56 \u20ac. Z toho v Kostolnej 391,76 \u20ac, v Hrubom \u0160\u00fare 62,80 \u20ac a v Hrubej Bor\u0161i 46 \u20ac. Peniaze som u\u017e preposlal na dan\u00fd \u00fa\u010det. T\u00fdmito prostriedkami sa pom\u00e1ha kres\u0165anom vo Sv\u00e4tej zemi.<\/p>\n\n\n\n<p>Do \u00fapln\u00e9ho spr\u00edstupnenia zadnej \u010dasti farskej z\u00e1hrady m\u00f4\u017eete na nede\u013en\u00e9 parkovanie vyu\u017e\u00edva\u0165 aj tr\u00e1vnat\u00fa plochu od hlavnej cesty na pozemku ved\u013ea kostola pri sakristii.<\/p>\n\n\n\n<p><strong>U\u017e len posledn\u00e9 dni (do konca apr\u00edla) je mo\u017en\u00e9 darova\u0165 2 % z dan\u00ed. \u00dactivo sa uch\u00e1dzame v prospech OZ \u017div\u00fd dom<\/strong>, z ktor\u00e9ho potom m\u00f4\u017eeme \u010derpa\u0165 prostriedky na opravu farsk\u00e9ho kostola a aktivity vo farnosti. Tla\u010div\u00e1 s\u00fa k dispoz\u00edcii na farskej str\u00e1nke <strong><a href=\"https:\/\/www.farakostolna.sk\/?page_id=1541\">na stiahnutie.<\/a><\/strong> Dodato\u010dn\u00e9 dokladovanie u\u017e potom nie je potrebn\u00e9. Vopred ve\u013emi pekne \u010fakujeme.<\/p>\n\n\n\n<p>Sv\u00e4t\u00e9 om\u0161e v nasleduj\u00faci t\u00fd\u017ede\u0148 u n\u00e1s v Kostolnej:<\/p>\n\n\n\n<ul class=\"wp-block-list\">\n<li>pondelok \u2013 7:00 (slov.\/ma\u010f.)<\/li>\n\n\n\n<li>utorok \u2013 17:00 (ma\u010f.) a 18:00 (slov.)<\/li>\n\n\n\n<li>streda \u2013 17:00 (ma\u010f.) a 18:00 (slov.)<\/li>\n\n\n\n<li>\u0161tvrtok \u2013 8:30 (slov.\/ma\u010f.)<\/li>\n\n\n\n<li>piatok \u2013 17:00 (ma\u010f.) a 18:00 (slov.)<\/li>\n<\/ul>\n\n\n\n<p>V stredu bude sv\u00e4t\u00e1 om\u0161a o 18-tej v Kostolnej so zrete\u013eom na deti v slovenskom jazyku. V piatok bude v Hrubom \u0160\u00fare o 19-tej v ma\u010farskom jazyku.<\/p>\n\n\n\n<p>S \u00factou, <br>Pavol Gajdo\u0161, v\u00e1\u0161 far\u00e1r<\/p>\n\n\n\n<p><em>\u010eal\u0161ie oznamy z arcidiec\u00e9zy:<\/em><\/p>\n\n\n\n<ul class=\"wp-block-list\">\n<li><strong>Pozv\u00e1nka na p\u00fa\u0165 det\u00ed do Marianky<\/strong> (pre veriacich na \u00fazem\u00ed Bratislavskej arcidiec\u00e9zy) &#8211; Poz\u00fdvame deti s anim\u00e1tormi, katech\u00e9tmi a rodi\u010dmi na P\u00fa\u0165 det\u00ed do Marianky, ktor\u00e1 sa uskuto\u010dn\u00ed <strong>v sobotu 10. m\u00e1ja 2025<\/strong>. Bli\u017e\u0161ie inform\u00e1cie o p\u00fati a mo\u017enos\u0165 prihl\u00e1senia sa n\u00e1jdete na str\u00e1nke <strong><a href=\"https:\/\/erko.sk\/putdeti\/\">https:\/\/erko.sk\/putdeti\/ <\/a><\/strong>alebo na <strong><a href=\"https:\/\/remote.abuba.sk:8444\/filr\/public-link\/file-download\/8ae482af923abff00196636f43e15071\/4174\/6855738316946649404\/Marianka%20%281%29.png\">plag\u00e1te<\/a><\/strong>.<\/li>\n<\/ul>\n\n\n\n<p><\/p>\n","protected":false},"excerpt":{"rendered":"<p>Chceme dary Ducha Sv\u00e4t\u00e9ho, Jeho moc, silu, z\u00e1pal,\u2026 ale chceme aj Jeho samotn\u00e9ho? Je\u017ei\u0161 n\u00e1s priam vyz\u00fdva, aby sme &#8220;prijali Ducha Sv\u00e4t\u00e9ho&#8221;. Neboj\u00edme sa Ho, nevyh\u00fdbame sa mu? Bez Neho je v\u0161etka na\u0161a kres\u0165ansk\u00e1 \u010dinnos\u0165 iba aktivizmus.<\/p>\n","protected":false},"author":7,"featured_media":9765,"comment_status":"closed","ping_status":"closed","sticky":false,"template":"","format":"standard","meta":{"footnotes":""},"categories":[13],"tags":[],"class_list":{"0":"entry","1":"post","2":"publish","3":"author-slado89gmail-com","4":"has-more-link","5":"post-9764","7":"format-standard","8":"has-post-thumbnail","9":"category-oznamy"},"_links":{"self":[{"href":"https:\/\/www.farakostolna.sk\/index.php?rest_route=\/wp\/v2\/posts\/9764","targetHints":{"allow":["GET"]}}],"collection":[{"href":"https:\/\/www.farakostolna.sk\/index.php?rest_route=\/wp\/v2\/posts"}],"about":[{"href":"https:\/\/www.farakostolna.sk\/index.php?rest_route=\/wp\/v2\/types\/post"}],"author":[{"embeddable":true,"href":"https:\/\/www.farakostolna.sk\/index.php?rest_route=\/wp\/v2\/users\/7"}],"replies":[{"embeddable":true,"href":"https:\/\/www.farakostolna.sk\/index.php?rest_route=%2Fwp%2Fv2%2Fcomments&post=9764"}],"version-history":[{"count":3,"href":"https:\/\/www.farakostolna.sk\/index.php?rest_route=\/wp\/v2\/posts\/9764\/revisions"}],"predecessor-version":[{"id":9768,"href":"https:\/\/www.farakostolna.sk\/index.php?rest_route=\/wp\/v2\/posts\/9764\/revisions\/9768"}],"wp:featuredmedia":[{"embeddable":true,"href":"https:\/\/www.farakostolna.sk\/index.php?rest_route=\/wp\/v2\/media\/9765"}],"wp:attachment":[{"href":"https:\/\/www.farakostolna.sk\/index.php?rest_route=%2Fwp%2Fv2%2Fmedia&parent=9764"}],"wp:term":[{"taxonomy":"category","embeddable":true,"href":"https:\/\/www.farakostolna.sk\/index.php?rest_route=%2Fwp%2Fv2%2Fcategories&post=9764"},{"taxonomy":"post_tag","embeddable":true,"href":"https:\/\/www.farakostolna.sk\/index.php?rest_route=%2Fwp%2Fv2%2Ftags&post=9764"}],"curies":[{"name":"wp","href":"https:\/\/api.w.org\/{rel}","templated":true}]}}