{"id":9750,"date":"2025-04-18T22:01:17","date_gmt":"2025-04-18T20:01:17","guid":{"rendered":"https:\/\/www.farakostolna.sk\/?p=9750"},"modified":"2025-04-19T10:14:24","modified_gmt":"2025-04-19T08:14:24","slug":"farske-oznamy-a-zamyslenie-20-04-2025","status":"publish","type":"post","link":"https:\/\/www.farakostolna.sk\/?p=9750","title":{"rendered":"Farsk\u00e9 oznamy a zamyslenie (20.04.2025)"},"content":{"rendered":"\n<figure class=\"wp-block-image size-full\"><img loading=\"lazy\" decoding=\"async\" width=\"877\" height=\"516\" src=\"https:\/\/www.farakostolna.sk\/wp-content\/uploads\/2025\/04\/Screenshot-2025-04-17-125250.png\" alt=\"\" class=\"wp-image-9751\" srcset=\"https:\/\/www.farakostolna.sk\/wp-content\/uploads\/2025\/04\/Screenshot-2025-04-17-125250.png 877w, https:\/\/www.farakostolna.sk\/wp-content\/uploads\/2025\/04\/Screenshot-2025-04-17-125250-300x177.png 300w, https:\/\/www.farakostolna.sk\/wp-content\/uploads\/2025\/04\/Screenshot-2025-04-17-125250-768x452.png 768w\" sizes=\"auto, (max-width: 877px) 100vw, 877px\" \/><\/figure>\n\n\n\n<p><\/p>\n\n\n\n<p>Proroctvo &#8211; kultov\u00fd film, kde po n\u00e1jden\u00ed odkazu z ned\u00e1vnej minulosti sa hlavn\u00ed hrdinovia sna\u017eia zachr\u00e1ni\u0165 seba aj svet pred skazou. Je\u017ei\u0161 je Mesi\u00e1\u0161, ktor\u00fd naplnil v\u0161etky d\u00e1vne proroctv\u00e1. Poh\u00fdna n\u00e1s to k zmene alebo je to len sentiment bez Ducha?<\/p>\n\n\n\n<!--more-->\n\n\n\n<p><strong>Sv\u00e4t\u00e9 om\u0161e u n\u00e1s:<\/strong><\/p>\n\n\n\n<p><strong>Biela sobota \u2013 Vig\u00edlia vzkriesenia &#8211; 19. apr\u00edla<\/strong><\/p>\n\n\n\n<ul class=\"wp-block-list\">\n<li><strong>19:00 \u2013 Kostoln\u00e1 (slov.\/ma\u010f.\/lat.)<\/strong><\/li>\n<\/ul>\n\n\n\n<p><strong>Ve\u013ekono\u010dn\u00e1 nede\u013ea \u2013 20. apr\u00edla<\/strong><\/p>\n\n\n\n<ul class=\"wp-block-list\">\n<li><strong>8:00 \u2013 Hrub\u00fd \u0160\u00far (ma\u010f.)<\/strong><\/li>\n\n\n\n<li><strong>9:30 \u2013 Kostoln\u00e1 (ma\u010f.)<\/strong><\/li>\n\n\n\n<li><strong>11:00 \u2013 Kostoln\u00e1 (slov.)<\/strong><\/li>\n\n\n\n<li><strong>17:00 \u2013 Hrub\u00e1 Bor\u0161a (slov.\/ma\u010f.)<\/strong><\/li>\n<\/ul>\n\n\n\n<p>Na ve\u013ekono\u010dn\u00fa nede\u013eu budem chor\u00fdm, ktor\u00ed sa nemohli z\u00fa\u010dastni\u0165 ve\u013ekono\u010dn\u00fdch bohoslu\u017eieb v kostole, rozn\u00e1\u0161a\u0165 po domoch \u017eiv\u00e9ho P\u00e1na Je\u017ei\u0161a v Eucharistii. V Kostolnej a Hrubom \u0160\u00fare od 14:00 do 15:00. Dajte mi, pros\u00edm, vedie\u0165 cez mojich kostoln\u00edkov, aby sa na nikoho nezabudlo.<\/p>\n\n\n\n<p>V t\u00fato ve\u013ekono\u010dn\u00fa nede\u013eu je ve\u013ekono\u010dn\u00e1 ofera, ktorou sa zav\u010fa\u010d\u00edme t\u00fdm, ktor\u00ed celoro\u010dne nezi\u0161tne sl\u00fa\u017eia v Bo\u017eom chr\u00e1me (kostoln\u00edci, organisti, mini\u0161tranti, \u2026). Vopred \u010fakujem.<\/p>\n\n\n\n<p>Tento t\u00fd\u017ede\u0148 budem v Kostolnej spoveda\u0165 v stredu, \u0161tvrtok a piatok od 16:00 do 17:00. V tom \u010dase bude v kostole ador\u00e1cia.<\/p>\n\n\n\n<p><strong>Birmovanci bud\u00fa ma\u0165 sv\u00e4t\u00fa om\u0161u s don Jozefom Lusco\u0148om vo \u0161tvrtok o 18:00 a po nej bud\u00fa ma\u0165 kr\u00e1tku duchovn\u00fa obnovu v pastora\u010dnom centre. Na sv\u00e4t\u00fa spove\u010f p\u00f4jdu v sobotu o 8:50. Potom bud<strong>\u00fa<\/strong> ma\u0165 n\u00e1cvik.<\/strong><\/p>\n\n\n\n<p><strong>Na bud\u00facu nede\u013eu Bo\u017eieho milosrdenstva bude v Kostolnej o 11:00 birmovka. Srde\u010dne poz\u00fdvame veriacich, aj deti s rodi\u010dmi. Poobede o 15:00 sa pomodl\u00edme korunku k Bo\u017eiemu milosrdenstvu.<\/strong><\/p>\n\n\n\n<p>Minulot\u00fd\u017ed\u0148ov\u00e1 pravideln\u00e1 mesa\u010dn\u00e1 zbierka na kostol a prev\u00e1dzkov\u00e9 n\u00e1klady farnosti vyniesla v Kostolnej 968,95 \u20ac, v Hrubej Bor\u0161i 107,50 \u20ac a v Hrubom \u0160\u00fare na prev\u00e1dzkov\u00e9 n\u00e1klady farnosti a potreby \u0161\u00farskej kaplnky 191,35 \u20ac. \u00daprimne \u010fakujem.<\/p>\n\n\n\n<p>Do \u00fapln\u00e9ho spr\u00edstupnenia zadnej \u010dasti farskej z\u00e1hrady m\u00f4\u017eete na nede\u013en\u00e9 parkovanie vyu\u017e\u00edva\u0165 aj tr\u00e1vnat\u00fa plochu od hlavnej cesty na pozemku ved\u013ea kostola pri sakristii.<\/p>\n\n\n\n<p><strong>A\u017e do konca apr\u00edla je mo\u017en\u00e9 darova\u0165 2 % z dan\u00ed. \u00dactivo sa uch\u00e1dzame v prospech OZ \u017div\u00fd dom<\/strong>, z ktor\u00e9ho potom m\u00f4\u017eeme \u010derpa\u0165 prostriedky na opravu farsk\u00e9ho kostola a aktivity vo farnosti. Tla\u010div\u00e1 s\u00fa k dispoz\u00edcii na farskej str\u00e1nke <strong><a href=\"https:\/\/www.farakostolna.sk\/?page_id=1541\">na stiahnutie<\/a><\/strong>. Dodato\u010dn\u00e9 dokladovanie u\u017e potom nie je potrebn\u00e9. Vopred ve\u013emi pekne \u010fakujeme.<\/p>\n\n\n\n<p>Sv\u00e4t\u00e9 om\u0161e v nasleduj\u00faci t\u00fd\u017ede\u0148 u n\u00e1s v Kostolnej:<\/p>\n\n\n\n<ul class=\"wp-block-list\">\n<li>Ve\u013ekono\u010dn\u00fd pondelok \u2013 9:30 (ma\u010f.), 11:00 (slov.)<\/li>\n\n\n\n<li>utorok \u2013 nebude<\/li>\n\n\n\n<li>streda \u2013 17:00 (ma\u010f.) a 18:00 (slov.)<\/li>\n\n\n\n<li>\u0161tvrtok \u2013 17:00 (ma\u010f.) a 18:00 (slov.)<\/li>\n\n\n\n<li>piatok \u2013 17:00 (ma\u010f.) a 18:00 (slov.)<\/li>\n<\/ul>\n\n\n\n<p>\u00daprimne \u010fakujem v\u0161etk\u00fdm, ktor\u00ed ak\u00fdmko\u013evek sp\u00f4sobom pomohli pri skr\u00e1\u0161len\u00ed oslavy ve\u013ekono\u010dn\u00fdch sviatkov, \u010di u\u017e sa to t\u00fdka upratovania, v\u00fdzdoby, n\u00e1dhern\u00fdch kvetov, n\u00e1dhern\u00e9ho spevu, asistencie\u2026<\/p>\n\n\n\n<p><strong>T\u00ed, ktor\u00ed ste \u010d\u00edtali a\u017e sem, vedzte, \u017ee aj tentoraz v\u00e1s v\u0161etk\u00fdch srde\u010dne poz\u00fdvam na poh\u00e1rik dobr\u00e9ho v\u00ednka (7 druhov) a deti, \u0161of\u00e9rov na tepl\u00fd \u010daj\u00edk, dnes ve\u010der po vig\u00edlii vzkriesenia pod pr\u00edstre\u0161kom na farskom dvore. Te\u0161\u00edm sa na V\u00c1S! \u2661<\/strong><\/p>\n\n\n\n<p>S \u00factou, <br>Pavol Gajdo\u0161,&nbsp;v\u00e1\u0161&nbsp;far\u00e1r<\/p>\n","protected":false},"excerpt":{"rendered":"<p>Proroctvo &#8211; kultov\u00fd film, kde po n\u00e1jden\u00ed odkazu z ned\u00e1vnej minulosti sa hlavn\u00ed hrdinovia sna\u017eia zachr\u00e1ni\u0165 seba aj svet pred skazou. Je\u017ei\u0161 je Mesi\u00e1\u0161, ktor\u00fd naplnil v\u0161etky d\u00e1vne proroctv\u00e1. Poh\u00fdna n\u00e1s to k zmene alebo je to len sentiment bez Ducha?<\/p>\n","protected":false},"author":7,"featured_media":9751,"comment_status":"closed","ping_status":"closed","sticky":false,"template":"","format":"standard","meta":{"footnotes":""},"categories":[13],"tags":[],"class_list":{"0":"entry","1":"post","2":"publish","3":"author-slado89gmail-com","4":"has-more-link","5":"post-9750","7":"format-standard","8":"has-post-thumbnail","9":"category-oznamy"},"_links":{"self":[{"href":"https:\/\/www.farakostolna.sk\/index.php?rest_route=\/wp\/v2\/posts\/9750","targetHints":{"allow":["GET"]}}],"collection":[{"href":"https:\/\/www.farakostolna.sk\/index.php?rest_route=\/wp\/v2\/posts"}],"about":[{"href":"https:\/\/www.farakostolna.sk\/index.php?rest_route=\/wp\/v2\/types\/post"}],"author":[{"embeddable":true,"href":"https:\/\/www.farakostolna.sk\/index.php?rest_route=\/wp\/v2\/users\/7"}],"replies":[{"embeddable":true,"href":"https:\/\/www.farakostolna.sk\/index.php?rest_route=%2Fwp%2Fv2%2Fcomments&post=9750"}],"version-history":[{"count":6,"href":"https:\/\/www.farakostolna.sk\/index.php?rest_route=\/wp\/v2\/posts\/9750\/revisions"}],"predecessor-version":[{"id":9758,"href":"https:\/\/www.farakostolna.sk\/index.php?rest_route=\/wp\/v2\/posts\/9750\/revisions\/9758"}],"wp:featuredmedia":[{"embeddable":true,"href":"https:\/\/www.farakostolna.sk\/index.php?rest_route=\/wp\/v2\/media\/9751"}],"wp:attachment":[{"href":"https:\/\/www.farakostolna.sk\/index.php?rest_route=%2Fwp%2Fv2%2Fmedia&parent=9750"}],"wp:term":[{"taxonomy":"category","embeddable":true,"href":"https:\/\/www.farakostolna.sk\/index.php?rest_route=%2Fwp%2Fv2%2Fcategories&post=9750"},{"taxonomy":"post_tag","embeddable":true,"href":"https:\/\/www.farakostolna.sk\/index.php?rest_route=%2Fwp%2Fv2%2Ftags&post=9750"}],"curies":[{"name":"wp","href":"https:\/\/api.w.org\/{rel}","templated":true}]}}