{"id":9734,"date":"2025-04-11T21:57:35","date_gmt":"2025-04-11T19:57:35","guid":{"rendered":"https:\/\/www.farakostolna.sk\/?p=9734"},"modified":"2025-04-11T21:58:06","modified_gmt":"2025-04-11T19:58:06","slug":"farske-oznamy-a-zamyslenie-13-04-2025","status":"publish","type":"post","link":"https:\/\/www.farakostolna.sk\/?p=9734","title":{"rendered":"Farsk\u00e9 oznamy a zamyslenie (13.04.2025)"},"content":{"rendered":"<div class=\"wp-block-image\">\n<figure class=\"aligncenter size-large\"><img loading=\"lazy\" decoding=\"async\" width=\"1024\" height=\"571\" src=\"https:\/\/www.farakostolna.sk\/wp-content\/uploads\/2025\/04\/Screenshot-2025-04-11-214909-1024x571.png\" alt=\"\" class=\"wp-image-9735\" srcset=\"https:\/\/www.farakostolna.sk\/wp-content\/uploads\/2025\/04\/Screenshot-2025-04-11-214909-1024x571.png 1024w, https:\/\/www.farakostolna.sk\/wp-content\/uploads\/2025\/04\/Screenshot-2025-04-11-214909-300x167.png 300w, https:\/\/www.farakostolna.sk\/wp-content\/uploads\/2025\/04\/Screenshot-2025-04-11-214909-768x428.png 768w, https:\/\/www.farakostolna.sk\/wp-content\/uploads\/2025\/04\/Screenshot-2025-04-11-214909.png 1192w\" sizes=\"auto, (max-width: 1024px) 100vw, 1024px\" \/><\/figure>\n<\/div>\n\n\n<p><\/p>\n\n\n\n<p>\u201eModlite sa, aby ste nepri\u0161li do poku\u0161enia!\u201c &#8211; udalostiam Palmovej nedele dominuje modlitba a\u017e po Je\u017ei\u0161ov posledn\u00fd v\u00fddych na kr\u00ed\u017ei. Ak\u00e9 postavenie m\u00e1 modlitba v na\u0161om \u017eivote?<\/p>\n\n\n\n<!--more-->\n\n\n\n<p><strong>Sv\u00e4t\u00e9 om\u0161e u n\u00e1s:<\/strong><\/p>\n\n\n\n<p><strong>sobota \u2013 12. apr\u00edla (s nede\u013enou platnos\u0165ou)<\/strong><\/p>\n\n\n\n<ul class=\"wp-block-list\">\n<li><strong>17:00 \u2013 Hrub\u00e1 Bor\u0161a (slov.\/ma\u010f.)<\/strong><\/li>\n\n\n\n<li><strong>18:00 \u2013 Kostoln\u00e1 (slov.)<\/strong><\/li>\n<\/ul>\n\n\n\n<p><strong>nede\u013ea \u2013 13. apr\u00edla<\/strong><\/p>\n\n\n\n<ul class=\"wp-block-list\">\n<li><strong>8:00 \u2013 Hrub\u00fd \u0160\u00far (ma\u010f.)<\/strong><\/li>\n\n\n\n<li><strong>9:30 \u2013 Kostoln\u00e1 (ma\u010f.)<\/strong><\/li>\n\n\n\n<li><strong>11:00 \u2013 Kostoln\u00e1 (slov.)<\/strong><\/li>\n<\/ul>\n\n\n\n<p>V t\u00fato nede\u013eu spoved\u00e1me e\u0161te v Novej Dedinke a vo Ve\u013ekom Bieli od 14:00 do 16:00 a v Kr\u00e1\u013eovej pri Senci od 14:30 do 16:00. Vyu\u017eite tento \u010das, ke\u010f viacer\u00ed k\u0148azi vysluhuj\u00fa sviatos\u0165 zmierenia. V Kostolnej budem spoveda\u0165 u\u017e len v stredu od 16:00 do 17:00. V tom \u010dase bude v kostole ador\u00e1cia.<\/p>\n\n\n\n<p>V tento utorok m\u00e1m sk\u00fa\u0161anie birmovancov od 16:00 do 19:00 pod\u013ea rozpisu.<\/p>\n\n\n\n<p>V stredu o 18-tej bude v Kostolnej sv\u00e4t\u00e1 om\u0161a so zrete\u013eom na deti v slovenskom jazyku.<\/p>\n\n\n\n<p>Na Zelen\u00fd \u0161tvrtok sa v Katedr\u00e1le sv. Martina v Bratislave o 9.30 hod. za\u010dne om\u0161a sv\u00e4tenia olejov, po\u010das ktorej n\u00e1\u0161 diec\u00e9zny biskup Mons. Stanislav Zvolensk\u00fd posv\u00e4t\u00ed krizmu a po\u017eehn\u00e1 olej katechumenov a olej na pomazanie chor\u00fdch. K\u0148azi si pri tejto sv. om\u0161i obnovia s\u013euby, ktor\u00e9 zlo\u017eili pri svojej vysviacke.<\/p>\n\n\n\n<p><strong>Na Ve\u013ek\u00fd piatok (18. apr\u00edla) V\u00e1s u\u017e tradi\u010dne poz\u00fdvam na p\u00fa\u0165 do Marianky spojen\u00fa s kr\u00ed\u017eovou cestou. <\/strong>Autobus p\u00f4jde z Kr\u00e1\u013eovej 8:05, Hrubej Bor\u0161e od zast\u00e1vky 8:10, Kostolnej 8:15 a Hrub\u00e9ho \u0160\u00faru 8:20 od kaplnky. Povzbudzujem V\u00e1s k hojnej \u00fa\u010dasti. Cena za l\u00edstok je 5 \u20ac za dospel\u00fa osobu. Pl\u00e1novan\u00fd n\u00e1vrat je okolo obeda.<\/p>\n\n\n\n<p><strong>Pripom\u00ednam, \u017ee na Ve\u013ek\u00fd piatok n\u00e1s zav\u00e4zuje pr\u00edsny p\u00f4st.<\/strong> To znamen\u00e1, \u017ee sa zdr\u017eiavame m\u00e4sit\u00e9ho pokrmu! Dospel\u00ed (od 18 do 60 roku) jedia len 3x za de\u0148, z toho len raz dos\u00fdta.<\/p>\n\n\n\n<p><strong>Sviatos\u0165 Olt\u00e1rna bude vystaven\u00e1 k poklone vo farskom kostole v Kostolnej na Bielu sobotu od 9:00 do 18:30<\/strong> pod\u013ea rozpisu. Vyu\u017eite tento \u010das a pr\u00ed\u010fte sa st\u00ed\u0161i\u0165 v modlitbe do Bo\u017eieho chr\u00e1mu.<\/p>\n\n\n\n<p><strong>Na bielu sobotu o 11:00 budem po\u017eehn\u00e1va\u0165 pokrm, ktor\u00fd si m\u00f4\u017eete prinies\u0165 na po\u017eehnanie do farsk\u00e9ho kostola v ko\u0161\u00edkoch.<\/strong><\/p>\n\n\n\n<p>Minulot\u00fd\u017ed\u0148ov\u00e1 zbierka na pomoc prenasledovan\u00fdm kres\u0165anom a ute\u010dencom v S\u00fdrii, Iraku a Libanone vyniesla v na\u0161ej farnosti spolu 1157,46 \u20ac, z toho v Kostolnej 866,20 \u20ac, Hrubom \u0160\u00fare 182,20 \u20ac a Hrubej Bor\u0161i 109 \u20ac. Peniaze som u\u017e preposlal na dan\u00fd \u00fa\u010det.<\/p>\n\n\n\n<p>Tento v\u00edkend bude pravideln\u00e1 mesa\u010dn\u00e1 zbierka na kostol a prev\u00e1dzkov\u00e9 n\u00e1klady. Vopred \u010fakujem za va\u0161u \u0161tedros\u0165 a priaze\u0148.<\/p>\n\n\n\n<p>Do \u00fapln\u00e9ho spr\u00edstupnenia zadnej \u010dasti farskej z\u00e1hrady m\u00f4\u017eete na nede\u013en\u00e9 parkovanie vyu\u017e\u00edva\u0165 aj tr\u00e1vnat\u00fa plochu od hlavnej cesty na pozemku ved\u013ea kostola pri sakristii.<\/p>\n\n\n\n<p><strong>A\u017e do konca apr\u00edla je mo\u017en\u00e9 darova\u0165 2 % z dan\u00ed. \u00dactivo sa uch\u00e1dzame v prospech OZ \u017div\u00fd dom<\/strong>, z ktor\u00e9ho potom m\u00f4\u017eeme \u010derpa\u0165 prostriedky na opravu farsk\u00e9ho kostola a aktivity vo farnosti. Tla\u010div\u00e1 s\u00fa k dispoz\u00edcii na farskej str\u00e1nke <strong><a href=\"https:\/\/www.farakostolna.sk\/?page_id=1541\">na stiahnutie<\/a><\/strong>. Dodato\u010dn\u00e9 dokladovanie u\u017e potom nie je potrebn\u00e9. Vopred ve\u013emi pekne \u010fakujeme.<\/p>\n\n\n\n<p><\/p>\n\n\n\n<p><strong>Sv\u00e4t\u00e9 om\u0161e vo Ve\u013ekom t\u00fd\u017edni u n\u00e1s v Kostolnej:<\/strong><\/p>\n\n\n\n<p><\/p>\n\n\n\n<ul class=\"wp-block-list\">\n<li><strong>pondelok \u2013 18:00 (slov.\/ma\u010f.)<\/strong><\/li>\n\n\n\n<li><strong>utorok \u2013 19:15 (slov.\/ma\u010f.)<\/strong><\/li>\n\n\n\n<li><strong>streda \u2013 17:00 (ma\u010f.) a 18:00 (slov.)<\/strong><\/li>\n\n\n\n<li><strong>Zelen\u00fd \u0161tvrtok \u2013 18:00 (slov.\/ma\u010f.)<\/strong><\/li>\n\n\n\n<li><strong>Ve\u013ek\u00fd piatok \u2013 15:00 (slov.\/ma\u010f.)<\/strong><\/li>\n\n\n\n<li><strong>Biela sobota \u201319:00 (slov.\/ma\u010f.\/lat.)<\/strong><\/li>\n<\/ul>\n\n\n\n<p><\/p>\n\n\n\n<p>Te\u0161\u00edme sa na V\u00c1S!<\/p>\n\n\n\n<p><\/p>\n\n\n\n<p>S \u00factou, <br>Pavol Gajdo\u0161, v\u00e1\u0161 far\u00e1r<\/p>\n\n\n\n<p><em><span style=\"text-decoration: underline;\">\u010eal\u0161ie oznamy z arcidiec\u00e9zy:<\/span><\/em><\/p>\n\n\n\n<ul class=\"wp-block-list\">\n<li>Pavl\u00edni, salezi\u00e1ni a spolo\u010denstvo Tymian srde\u010dne poz\u00fdvaj\u00fa mini\u0161trantov a ich kamar\u00e1tov na <strong>P\u00fa\u0165 mini\u0161trantov (PUMIN)<\/strong>, ktor\u00e1 sa uskuto\u010dn\u00ed <strong>10. m\u00e1ja 2025 v \u0160a\u0161t\u00edne<\/strong>. Stretnutie sa uskuto\u010d\u0148uje v r\u00e1mci osl\u00e1v Jubilejn\u00e9ho roku a nesie sa v duchu hesla: Mini\u0161tranti \u2013 p\u00fatnici n\u00e1deje. Doobeda \u00fa\u010dastn\u00edkov \u010dak\u00e1 bohat\u00fd duchovn\u00fd program, ktor\u00fd obsahuje predn\u00e1\u0161ky i workshopy so zauj\u00edmav\u00fdmi osobnos\u0165ami. Vrcholom podujatia je sv\u00e4t\u00e1 om\u0161a, ktor\u00fa celebruje apo\u0161tolsk\u00fd nuncius Mons. Nicola Girasoli. Po chutnom obede nasleduj\u00fa \u0161portovo-z\u00e1bavn\u00e9 aktivity. V ponuke s\u00fa turnaje vo futbale, florbale a r\u00f4zne s\u00fa\u0165a\u017ee na stanovi\u0161tiach, za ktor\u00e9 m\u00f4\u017eu z\u00edska\u0165 zauj\u00edmav\u00e9 ceny. P\u00fa\u0165 kon\u010d\u00ed kr\u00e1tkou ador\u00e1ciou. Viac inform\u00e1ci\u00ed, plag\u00e1t na stiahnutie a registr\u00e1ciu na p\u00fa\u0165 PUMIN n\u00e1jdete na str\u00e1nke <a href=\"http:\/\/www.ministranti.sk\" data-type=\"link\" data-id=\"www.ministranti.sk\"><strong>www.ministranti.sk<\/strong><\/a>. K oznamu je k dispoz\u00edcii <strong><a href=\"https:\/\/remote.abuba.sk:8444\/filr\/public-link\/file-download\/8ae482af923abff001961afa55d3592d\/4167\/-6846557048355090989\/PUMIN-2025.jpg\">plag\u00e1t<\/a><\/strong>.<\/li>\n<\/ul>\n\n\n\n<p><\/p>\n","protected":false},"excerpt":{"rendered":"<p>\u201eModlite sa, aby ste nepri\u0161li do poku\u0161enia!\u201c &#8211; udalostiam Palmovej nedele dominuje modlitba a\u017e po Je\u017ei\u0161ov posledn\u00fd v\u00fddych na kr\u00ed\u017ei. Ak\u00e9 postavenie m\u00e1 modlitba v na\u0161om \u017eivote?<\/p>\n","protected":false},"author":7,"featured_media":9735,"comment_status":"closed","ping_status":"closed","sticky":false,"template":"","format":"standard","meta":{"footnotes":""},"categories":[13],"tags":[],"class_list":{"0":"entry","1":"post","2":"publish","3":"author-slado89gmail-com","4":"has-more-link","5":"post-9734","7":"format-standard","8":"has-post-thumbnail","9":"category-oznamy"},"_links":{"self":[{"href":"https:\/\/www.farakostolna.sk\/index.php?rest_route=\/wp\/v2\/posts\/9734","targetHints":{"allow":["GET"]}}],"collection":[{"href":"https:\/\/www.farakostolna.sk\/index.php?rest_route=\/wp\/v2\/posts"}],"about":[{"href":"https:\/\/www.farakostolna.sk\/index.php?rest_route=\/wp\/v2\/types\/post"}],"author":[{"embeddable":true,"href":"https:\/\/www.farakostolna.sk\/index.php?rest_route=\/wp\/v2\/users\/7"}],"replies":[{"embeddable":true,"href":"https:\/\/www.farakostolna.sk\/index.php?rest_route=%2Fwp%2Fv2%2Fcomments&post=9734"}],"version-history":[{"count":2,"href":"https:\/\/www.farakostolna.sk\/index.php?rest_route=\/wp\/v2\/posts\/9734\/revisions"}],"predecessor-version":[{"id":9737,"href":"https:\/\/www.farakostolna.sk\/index.php?rest_route=\/wp\/v2\/posts\/9734\/revisions\/9737"}],"wp:featuredmedia":[{"embeddable":true,"href":"https:\/\/www.farakostolna.sk\/index.php?rest_route=\/wp\/v2\/media\/9735"}],"wp:attachment":[{"href":"https:\/\/www.farakostolna.sk\/index.php?rest_route=%2Fwp%2Fv2%2Fmedia&parent=9734"}],"wp:term":[{"taxonomy":"category","embeddable":true,"href":"https:\/\/www.farakostolna.sk\/index.php?rest_route=%2Fwp%2Fv2%2Fcategories&post=9734"},{"taxonomy":"post_tag","embeddable":true,"href":"https:\/\/www.farakostolna.sk\/index.php?rest_route=%2Fwp%2Fv2%2Ftags&post=9734"}],"curies":[{"name":"wp","href":"https:\/\/api.w.org\/{rel}","templated":true}]}}