{"id":9697,"date":"2025-03-28T21:32:15","date_gmt":"2025-03-28T20:32:15","guid":{"rendered":"https:\/\/www.farakostolna.sk\/?p=9697"},"modified":"2025-03-29T13:21:48","modified_gmt":"2025-03-29T12:21:48","slug":"farske-oznamy-a-zamyslenie-30-03-2025","status":"publish","type":"post","link":"https:\/\/www.farakostolna.sk\/?p=9697","title":{"rendered":"Farsk\u00e9 oznamy a zamyslenie (30.03.2025)"},"content":{"rendered":"<div class=\"wp-block-image\">\n<figure class=\"aligncenter size-full\"><img loading=\"lazy\" decoding=\"async\" width=\"1024\" height=\"670\" src=\"https:\/\/www.farakostolna.sk\/wp-content\/uploads\/2025\/03\/WhatsApp-Image-2025-03-28-at-22.51.35_6c47cd6a.jpg\" alt=\"\" class=\"wp-image-9702\" srcset=\"https:\/\/www.farakostolna.sk\/wp-content\/uploads\/2025\/03\/WhatsApp-Image-2025-03-28-at-22.51.35_6c47cd6a.jpg 1024w, https:\/\/www.farakostolna.sk\/wp-content\/uploads\/2025\/03\/WhatsApp-Image-2025-03-28-at-22.51.35_6c47cd6a-300x196.jpg 300w, https:\/\/www.farakostolna.sk\/wp-content\/uploads\/2025\/03\/WhatsApp-Image-2025-03-28-at-22.51.35_6c47cd6a-768x503.jpg 768w\" sizes=\"auto, (max-width: 1024px) 100vw, 1024px\" \/><\/figure>\n<\/div>\n\n\n<p><\/p>\n\n\n\n<p>Bod zlomu: \u201eVst\u00fapil teda do seba a povedal si\u201c. To je naj\u010dastej\u0161\u00ed sp\u00f4sob obr\u00e1tenia sa od hriechu a n\u00e1vrat k Otcovi. Poslednou kvapkou u m\u00e1rnotratn\u00e9ho syna bol hlad a n\u00fadza. \u010co bude tou pomyselnou kvapkou u Teba? Na \u010do e\u0161te \u010dak\u00e1\u0161?<\/p>\n\n\n\n<!--more-->\n\n\n\n<p><strong>Sv\u00e4t\u00e9 om\u0161e u n\u00e1s:<\/strong><\/p>\n\n\n\n<p><strong>sobota \u2013 29. marca (s nede\u013enou platnos\u0165ou)<\/strong><\/p>\n\n\n\n<ul class=\"wp-block-list\">\n<li><strong>17:00 \u2013 Hrub\u00e1 Bor\u0161a (slov.\/ma\u010f.)<\/strong><\/li>\n\n\n\n<li><strong>18:00 \u2013 Kostoln\u00e1 (slov.)<\/strong><\/li>\n<\/ul>\n\n\n\n<p><strong>nede\u013ea \u2013 30. marca<\/strong><\/p>\n\n\n\n<ul class=\"wp-block-list\">\n<li><strong>8:00 \u2013 Hrub\u00fd \u0160\u00far (ma\u010f.)<\/strong><\/li>\n\n\n\n<li><strong>9:30 \u2013 Kostoln\u00e1 (ma\u010f.)<\/strong><\/li>\n\n\n\n<li><strong>11:00 \u2013 Kostoln\u00e1 (slov.)<\/strong><\/li>\n<\/ul>\n\n\n\n<p>Tento t\u00fd\u017ede\u0148 budem v Kostolnej spoveda\u0165 iba v utorok a stredu od 16:00 do 17:00. V tom \u010dase bude v kostole ador\u00e1cia. V ostatn\u00e9 dni u\u017e spoved\u00e1me v in\u00fdch farnostiach.<\/p>\n\n\n\n<p><strong><span style=\"color:red\">V na\u0161ej farnosti bude predve\u013ekono\u010dn\u00e9 spovedanie v najbli\u017e\u0161iu sobotu (5.apr\u00edla 2025) od 9:00 do 11:00 vo v\u0161etk\u00fdch troch kostoloch (Kostoln\u00e1, Hrub\u00fd \u0160\u00far, Hrub\u00e1 Bor\u0161a). Vyu\u017eite tento \u010das, ke\u010f pr\u00eddu viacer\u00ed k\u0148azi vysluhova\u0165 sviatos\u0165 zmierenia.<\/span><\/strong><\/p>\n\n\n\n<p>Chor\u00fdch budem spoveda\u0165 tento piatok od 8:00 do 11:00. T\u00e1to spove\u010f sa bude po\u010d\u00edta\u0165 ako predve\u013ekono\u010dn\u00e1.<\/p>\n\n\n\n<p><strong>P\u00fa\u0165 do Marianky spojen\u00e1 s kr\u00ed\u017eovou cestou pre ma\u010farsky hovoriacich veriacich bude 5. apr\u00edla s odchodom o 13:00 z farnosti. <strong>Pl\u00e1novan\u00fd n\u00e1vrat je okolo<\/strong> 17:00.<\/strong><\/p>\n\n\n\n<p><strong>V slovenskom jazyku sa pomodl\u00edme kr\u00ed\u017eov\u00fa cestu v Marianke u\u017e tradi\u010dne na Ve\u013ek\u00fd piatok (18.4.) s odchodom autobusu z Kostolnej o 8:15. Pl\u00e1novan\u00fd n\u00e1vrat je okolo obeda.<\/strong><\/p>\n\n\n\n<p>Poboz\u030cnost\u030c kri\u0301\u017eovej cesty ma\u0301vame poc\u030cas po\u0302stneho obdobia:<\/p>\n\n\n\n<ul class=\"wp-block-list\">\n<li>v Hrubom S\u030cu\u0301re piatky o 18:30 v ma\u010farskom jazyku,<\/li>\n\n\n\n<li>v Hrubej Bor\u0161i soboty o 16:30 v ma\u010farskom jazyku,<\/li>\n\n\n\n<li>v Kostolnej piatky o 18:40 a nedele o 10:30 v slovenskom jazyku,<\/li>\n\n\n\n<li>v Kostolnej nedele o 15:00 v ma\u010farskom jazyku. (V t\u00fato nede\u013eu v\u00fdnimo\u010dne 14:30.)<\/li>\n<\/ul>\n\n\n\n<p>E\u0161te aj v t\u00fato nede\u013eu sme pozvan\u00ed na modlitbov\u00e9 trojdnie matiek o 15:00 vo farskom kostole v Kostolnej pri Dunaji.<\/p>\n\n\n\n<p><strong>Z pr\u00edle\u017eitosti blahore\u010denia M\u00e1rie Magdal\u00e9ny B\u00f3di v ma\u010farskom Veszpr\u00e9me (26.4.)<\/strong>, na ktor\u00e9 sa chystaj\u00fa viacer\u00ed na\u0161i farn\u00edci, k n\u00e1m tento <strong>pondelok 31. marca zav\u00edta Dr. Bal\u00e1zs Csernai, Phd<\/strong>., far\u00e1r z Veszpr\u00e9mskej diec\u00e9zy, pastora\u010dn\u00fd poradca, teol\u00f3g a univerzitn\u00fd duchovn\u00fd. <strong>Pri sv\u00e4tej om\u0161i o 17:00 (v ma\u010farskom jazyku) v Kostolnej <\/strong>a v nasleduj\u00facej predn\u00e1\u0161ke odhal\u00ed jej \u017eivot, u\u010denie a spiritualitu. V\u0161etci sme pozvan\u00ed.<\/p>\n\n\n\n<p>Minulot\u00fd\u017ed\u0148ov\u00e1 pravideln\u00e1 mesa\u010dn\u00e1 zbierka na kostol a prev\u00e1dzkov\u00e9 n\u00e1klady vyniesla v Kostolnej 1287,20 \u20ac, v Hrubej Bor\u0161i 153 \u20ac a v Hrubom \u0160\u00fare na prev\u00e1dzkov\u00e9 n\u00e1klady farnosti a potreby \u0161\u00farskej kaplnky 169,10 \u20ac. Ve\u013emi pekne \u010fakujem za va\u0161u \u0161tedros\u0165 a priaze\u0148.<\/p>\n\n\n\n<p>O t\u00fd\u017ede\u0148 (5.-6. apr\u00edla) sa bude vo v\u0161etk\u00fdch katol\u00edckych kostoloch na Slovensku kona\u0165 Zbierka na pomoc prenasledovan\u00fdm kres\u0165anom a ute\u010dencom. Na\u0161im darom prinesieme n\u00e1dej a adresn\u00fa pomoc kres\u0165anom a ute\u010dencom v S\u00fdrii, Iraku a Libanone. Viac inform\u00e1ci\u00ed na <a href=\"https:\/\/www.charita.sk\/svet\/\">www.charita.sk\/svet<\/a>.<\/p>\n\n\n\n<p><strong>U\u017e len do pondelka 31.3. (vr\u00e1tane) prebieha zbierka ply\u0161ov\u00fdch hra\u010diek (max. do 15-20 cm) pre deti v Tanz\u00e1nii. Hra\u010dky vkladajte do \u0161peci\u00e1lne ozna\u010den\u00e9ho kontajnera pred kostolom v Kostolnej. \u010eakujeme!<\/strong><\/p>\n\n\n\n<p>Do \u00fapln\u00e9ho spr\u00edstupnenia zadnej \u010dasti farskej z\u00e1hrady m\u00f4\u017eete na nede\u013en\u00e9 parkovanie vyu\u017e\u00edva\u0165 aj tr\u00e1vnat\u00fa plochu od hlavnej cesty na pozemku ved\u013ea kostola pri sakristii.<\/p>\n\n\n\n<p><strong>\u00dactivo sa uch\u00e1dzame o 2 % z va\u0161ich dan\u00ed v prospech OZ \u017div\u00fd dom<\/strong>, z ktor\u00e9ho potom m\u00f4\u017eeme \u010derpa\u0165 prostriedky na opravu farsk\u00e9ho kostola a aktivity vo farnosti. Tla\u010div\u00e1 s\u00fa k dispoz\u00edcii na farskej str\u00e1nke <a href=\"https:\/\/www.farakostolna.sk\/?page_id=1541\"><strong>na stiahnutie.<\/strong><\/a> Dodato\u010dn\u00e9 dokladovanie u\u017e potom nie je potrebn\u00e9. Vopred ve\u013emi pekne \u010fakujeme.<\/p>\n\n\n\n<p>Sv\u00e4t\u00e9 om\u0161e v nasleduj\u00faci t\u00fd\u017ede\u0148 u n\u00e1s v Kostolnej:<\/p>\n\n\n\n<ul class=\"wp-block-list\">\n<li>pondelok \u2013 8:00 (slov.) a 17:00 (ma\u010f.)<\/li>\n\n\n\n<li>utorok \u2013 17:00 (ma\u010f.) a 18:00 (slov.)<\/li>\n\n\n\n<li>streda \u2013 17:00 (ma\u010f.) a 18:00 (slov.)<\/li>\n\n\n\n<li>\u0161tvrtok \u2013 17:00 (ma\u010f.) a 18:00 (slov.)<\/li>\n\n\n\n<li>piatok \u2013 17:00 (ma\u010f.) a 18:00 (slov.)<\/li>\n<\/ul>\n\n\n\n<p>V stredu o 18:00 bude sv\u00e4t\u00e1 om\u0161a v Kostolnej so zrete\u013eom na deti v slovenskom jazyku.<\/p>\n\n\n\n<p>V piatok o 19:00 bude sv\u00e4t\u00e1 om\u0161a v Hrubom \u0160\u00fare v ma\u010farskom jazyku pre deti a ml\u00e1de\u017e.<\/p>\n\n\n\n<p>S \u00factou,<br>Pavol Gajdo\u0161, v\u00e1\u0161 far\u00e1r<\/p>\n\n\n\n<p><em><span style=\"text-decoration: underline;\">\u010eal\u0161ie oznamy z arcidiec\u00e9zy:<\/span><\/em><\/p>\n\n\n\n<ul class=\"wp-block-list\">\n<li>Bohoslovci Bratislavskej a Trnavskej arcidiec\u00e9zy organizuj\u00fa <strong>mini\u0161trantsk\u00fd t\u00e1bor MINFA<\/strong>, ktor\u00fd sa uskuto\u010dn\u00ed <strong>v d\u0148och 20. &#8211; 25. j\u00fala 2025<\/strong> v rekrea\u010dnom zariaden\u00ed Jedliny. Bli\u017e\u0161ie inform\u00e1cie o t\u00e1bore a k prihlasovaniu n\u00e1jdete na str\u00e1nke&nbsp;<a href=\"https:\/\/www.minfa.sk\/\"><strong>minfa.sk<\/strong><\/a>.<\/li>\n<\/ul>\n\n\n\n<p><\/p>\n","protected":false},"excerpt":{"rendered":"<p>Bod zlomu: \u201eVst\u00fapil teda do seba a povedal si\u201c. To je naj\u010dastej\u0161\u00ed sp\u00f4sob obr\u00e1tenia sa od hriechu a n\u00e1vrat k Otcovi. Poslednou kvapkou u m\u00e1rnotratn\u00e9ho syna bol hlad a n\u00fadza. \u010co bude tou pomyselnou kvapkou u Teba? Na \u010do e\u0161te \u010dak\u00e1\u0161?<\/p>\n","protected":false},"author":7,"featured_media":9702,"comment_status":"closed","ping_status":"closed","sticky":false,"template":"","format":"standard","meta":{"footnotes":""},"categories":[13],"tags":[],"class_list":{"0":"entry","1":"post","2":"publish","3":"author-slado89gmail-com","4":"has-more-link","5":"post-9697","7":"format-standard","8":"has-post-thumbnail","9":"category-oznamy"},"_links":{"self":[{"href":"https:\/\/www.farakostolna.sk\/index.php?rest_route=\/wp\/v2\/posts\/9697","targetHints":{"allow":["GET"]}}],"collection":[{"href":"https:\/\/www.farakostolna.sk\/index.php?rest_route=\/wp\/v2\/posts"}],"about":[{"href":"https:\/\/www.farakostolna.sk\/index.php?rest_route=\/wp\/v2\/types\/post"}],"author":[{"embeddable":true,"href":"https:\/\/www.farakostolna.sk\/index.php?rest_route=\/wp\/v2\/users\/7"}],"replies":[{"embeddable":true,"href":"https:\/\/www.farakostolna.sk\/index.php?rest_route=%2Fwp%2Fv2%2Fcomments&post=9697"}],"version-history":[{"count":5,"href":"https:\/\/www.farakostolna.sk\/index.php?rest_route=\/wp\/v2\/posts\/9697\/revisions"}],"predecessor-version":[{"id":9705,"href":"https:\/\/www.farakostolna.sk\/index.php?rest_route=\/wp\/v2\/posts\/9697\/revisions\/9705"}],"wp:featuredmedia":[{"embeddable":true,"href":"https:\/\/www.farakostolna.sk\/index.php?rest_route=\/wp\/v2\/media\/9702"}],"wp:attachment":[{"href":"https:\/\/www.farakostolna.sk\/index.php?rest_route=%2Fwp%2Fv2%2Fmedia&parent=9697"}],"wp:term":[{"taxonomy":"category","embeddable":true,"href":"https:\/\/www.farakostolna.sk\/index.php?rest_route=%2Fwp%2Fv2%2Fcategories&post=9697"},{"taxonomy":"post_tag","embeddable":true,"href":"https:\/\/www.farakostolna.sk\/index.php?rest_route=%2Fwp%2Fv2%2Ftags&post=9697"}],"curies":[{"name":"wp","href":"https:\/\/api.w.org\/{rel}","templated":true}]}}