{"id":9686,"date":"2025-03-21T22:44:10","date_gmt":"2025-03-21T21:44:10","guid":{"rendered":"https:\/\/www.farakostolna.sk\/?p=9686"},"modified":"2025-03-22T10:07:15","modified_gmt":"2025-03-22T09:07:15","slug":"farske-oznamy-a-zamyslenie-23-03-2025","status":"publish","type":"post","link":"https:\/\/www.farakostolna.sk\/?p=9686","title":{"rendered":"Farsk\u00e9 oznamy a zamyslenie (23.03.2025)"},"content":{"rendered":"<div class=\"wp-block-image\">\n<figure class=\"aligncenter size-full\"><img loading=\"lazy\" decoding=\"async\" width=\"740\" height=\"385\" src=\"https:\/\/www.farakostolna.sk\/wp-content\/uploads\/2025\/03\/WhatsApp-Image-2025-03-21-at-22.29.59_a745cd2d.jpg\" alt=\"\" class=\"wp-image-9687\" srcset=\"https:\/\/www.farakostolna.sk\/wp-content\/uploads\/2025\/03\/WhatsApp-Image-2025-03-21-at-22.29.59_a745cd2d.jpg 740w, https:\/\/www.farakostolna.sk\/wp-content\/uploads\/2025\/03\/WhatsApp-Image-2025-03-21-at-22.29.59_a745cd2d-300x156.jpg 300w\" sizes=\"auto, (max-width: 740px) 100vw, 740px\" \/><\/figure>\n<\/div>\n\n\n<p><\/p>\n\n\n\n<p>Pri gladi\u00e1torsk\u00fdch z\u00e1pasoch div\u00e1ci hlasovali o \u017eivote porazen\u00e9ho &#8211; palec hore alebo dole. &#8220;Pane, pozhovej&#8221; &#8211; pr\u00edhovorn\u00e1 modlitba za obr\u00e1tenie hrie\u0161nika, aj to je odkaz podobenstva o planom figovn\u00edku. Prihov\u00e1rame sa za svojich bl\u00ed\u017enych alebo sme \u013eahostajn\u00ed?<\/p>\n\n\n\n<!--more-->\n\n\n\n<p><strong>Sv\u00e4t\u00e9 om\u0161e u n\u00e1s:<\/strong><\/p>\n\n\n\n<p><strong>sobota \u2013 22. marca (s nede\u013enou platnos\u0165ou)<\/strong><\/p>\n\n\n\n<ul class=\"wp-block-list\">\n<li><strong>17:00 \u2013 Hrub\u00e1 Bor\u0161a (slov.\/ma\u010f.)<\/strong><\/li>\n\n\n\n<li><strong>18:00 \u2013 Kostoln\u00e1 (slov.)<\/strong><\/li>\n<\/ul>\n\n\n\n<p><strong>nede\u013ea \u2013 23. marca<\/strong><\/p>\n\n\n\n<ul class=\"wp-block-list\">\n<li><strong>8:00 \u2013 Hrub\u00fd \u0160\u00far (ma\u010f.)<\/strong><\/li>\n\n\n\n<li><strong>9:30 \u2013 Kostoln\u00e1 (ma\u010f.)<\/strong><\/li>\n\n\n\n<li><strong>11:00 \u2013 Kostoln\u00e1 (slov.)<\/strong><\/li>\n<\/ul>\n\n\n\n<p>Tento t\u00fd\u017ede\u0148 budem v Kostolnej spoveda\u0165 op\u00e4\u0165 v stredu, \u0161tvrtok a piatok od 16:00 do 17:00. V tom \u010dase bude v kostole ador\u00e1cia.<\/p>\n\n\n\n<p>Poboz\u030cnost\u030c kri\u0301\u017eovej cesty ma\u0301vame poc\u030cas po\u0302stneho obdobia:<\/p>\n\n\n\n<ul class=\"wp-block-list\">\n<li>v Hrubom S\u030cu\u0301re piatky o 18:30 v ma\u010farskom jazyku,<\/li>\n\n\n\n<li>v Hrubej Bor\u0161i soboty o 16:30 v ma\u010farskom jazyku,<\/li>\n\n\n\n<li>v Kostolnej piatky o 18:40 a nedele o 10:30 v slovenskom jazyku,<\/li>\n\n\n\n<li>v Kostolnej nedele o 15:00 v ma\u010farskom jazyku.<\/li>\n<\/ul>\n\n\n\n<p>V utorok poz\u00fdvam v\u0161etk\u00fdch na\u0161ich mini\u0161trantov na stretko o 16:30 v Kostolnej.<\/p>\n\n\n\n<p><strong>O t\u00fd\u017ede\u0148 sme v\u0161etci pozvan\u00ed na modlitbov\u00e9 trojdnie matiek. <\/strong>V piatok 28.3. o 10. hodine v kaplnke v Hrubom \u0160\u00fare, v sobotu 29.3. o 10. hodine v kaplnke v Hrubej Bor\u0161i a v nede\u013eu 30.3. o 15. hodine vo farskom kostole v Kostolnej pri Dunaji.<\/p>\n\n\n\n<p><strong>Teraz cez v\u00edkend bude pravideln\u00e1 mesa\u010dn\u00e1 zbierka na kostol a prev\u00e1dzkov\u00e9 n\u00e1klady farnosti. <\/strong>V Kostolnej bude zbierka osobitne ur\u010den\u00e1 na splatenie pr\u00e1c vzadu na pr\u00edstupovej cesti\u010dke a prestre\u0161en\u00ed obytn\u00fdch kontajnerov na farskej z\u00e1hrade. Vopred ve\u013emi pekne \u010fakujem za va\u0161u \u0161tedros\u0165 a priaze\u0148.<\/p>\n\n\n\n<p><strong>Najbli\u017e\u0161\u00ed t\u00fd\u017ede\u0148 bude prebieha\u0165 zbierka ply\u0161ov\u00fdch hra\u010diek (max. do 15-20 cm) pre deti v Tanz\u00e1nii. <\/strong>Hra\u010dky m\u00f4\u017eete vklada\u0165 do \u0161peci\u00e1lne ozna\u010den\u00e9ho kontajnera pred kostolom v Kostolnej do bud\u00facej nedele (vr\u00e1tane). \u010eakujeme za va\u0161u pomoc!<\/p>\n\n\n\n<p>Do spr\u00edstupnenia zadnej \u010dasti farskej z\u00e1hrady (cca 1-2 t\u00fd\u017edne) m\u00f4\u017eete na nede\u013en\u00e9 parkovanie vyu\u017e\u00edva\u0165 aj tr\u00e1vnat\u00fa plochu od hlavnej cesty na pozemku ved\u013ea kostola pri sakristii.<\/p>\n\n\n\n<p><strong>\u00dactivo sa uch\u00e1dzame o 2 % z va\u0161ich dan\u00ed v prospech OZ \u017div\u00fd dom<\/strong>, z ktor\u00e9ho potom m\u00f4\u017eeme \u010derpa\u0165 prostriedky na opravu farsk\u00e9ho kostola a aktivity vo farnosti. Tla\u010div\u00e1 s\u00fa k dispoz\u00edcii na farskej str\u00e1nke <strong><a href=\"https:\/\/www.farakostolna.sk\/?page_id=1541\">na stiahnutie<\/a><\/strong>. Dodato\u010dn\u00e9 dokladovanie u\u017e potom nie je potrebn\u00e9. Vopred ve\u013emi pekne \u010fakujeme.<\/p>\n\n\n\n<p>Sv\u00e4t\u00e9 om\u0161e v nasleduj\u00faci t\u00fd\u017ede\u0148 u n\u00e1s v Kostolnej:<\/p>\n\n\n\n<ul class=\"wp-block-list\">\n<li>pondelok \u2013 NEBUDE<\/li>\n\n\n\n<li>utorok \u2013 18:00 (slov.\/ma\u010f.)<\/li>\n\n\n\n<li>streda \u2013 17:00 (ma\u010f.) a 18:00 (slov.)<\/li>\n\n\n\n<li>\u0161tvrtok \u2013 17:00 (ma\u010f.) a 18:00 (slov.)<\/li>\n\n\n\n<li>piatok \u2013 17:00 (ma\u010f.) a 18:00 (slov.)<\/li>\n<\/ul>\n\n\n\n<p>V piatok o 19:00 bude sv\u00e4t\u00e1 om\u0161a aj v Hrubom \u0160\u00fare v ma\u010farskom jazyku pre deti a ml\u00e1de\u017e.<\/p>\n\n\n\n<p>S \u00factou,<br>Pavol Gajdo\u0161,&nbsp;v\u00e1\u0161&nbsp;far\u00e1r<\/p>\n","protected":false},"excerpt":{"rendered":"<p>Pri gladi\u00e1torsk\u00fdch z\u00e1pasoch div\u00e1ci hlasovali o \u017eivote porazen\u00e9ho &#8211; palec hore alebo dole. &#8220;Pane, pozhovej&#8221; &#8211; pr\u00edhovorn\u00e1 modlitba za obr\u00e1tenie hrie\u0161nika, aj to je odkaz podobenstva o planom figovn\u00edku. Prihov\u00e1rame sa za svojich bl\u00ed\u017enych alebo sme \u013eahostajn\u00ed?<\/p>\n","protected":false},"author":7,"featured_media":9687,"comment_status":"closed","ping_status":"closed","sticky":false,"template":"","format":"standard","meta":{"footnotes":""},"categories":[13],"tags":[],"class_list":{"0":"entry","1":"post","2":"publish","3":"author-slado89gmail-com","4":"has-more-link","5":"post-9686","7":"format-standard","8":"has-post-thumbnail","9":"category-oznamy"},"_links":{"self":[{"href":"https:\/\/www.farakostolna.sk\/index.php?rest_route=\/wp\/v2\/posts\/9686","targetHints":{"allow":["GET"]}}],"collection":[{"href":"https:\/\/www.farakostolna.sk\/index.php?rest_route=\/wp\/v2\/posts"}],"about":[{"href":"https:\/\/www.farakostolna.sk\/index.php?rest_route=\/wp\/v2\/types\/post"}],"author":[{"embeddable":true,"href":"https:\/\/www.farakostolna.sk\/index.php?rest_route=\/wp\/v2\/users\/7"}],"replies":[{"embeddable":true,"href":"https:\/\/www.farakostolna.sk\/index.php?rest_route=%2Fwp%2Fv2%2Fcomments&post=9686"}],"version-history":[{"count":4,"href":"https:\/\/www.farakostolna.sk\/index.php?rest_route=\/wp\/v2\/posts\/9686\/revisions"}],"predecessor-version":[{"id":9692,"href":"https:\/\/www.farakostolna.sk\/index.php?rest_route=\/wp\/v2\/posts\/9686\/revisions\/9692"}],"wp:featuredmedia":[{"embeddable":true,"href":"https:\/\/www.farakostolna.sk\/index.php?rest_route=\/wp\/v2\/media\/9687"}],"wp:attachment":[{"href":"https:\/\/www.farakostolna.sk\/index.php?rest_route=%2Fwp%2Fv2%2Fmedia&parent=9686"}],"wp:term":[{"taxonomy":"category","embeddable":true,"href":"https:\/\/www.farakostolna.sk\/index.php?rest_route=%2Fwp%2Fv2%2Fcategories&post=9686"},{"taxonomy":"post_tag","embeddable":true,"href":"https:\/\/www.farakostolna.sk\/index.php?rest_route=%2Fwp%2Fv2%2Ftags&post=9686"}],"curies":[{"name":"wp","href":"https:\/\/api.w.org\/{rel}","templated":true}]}}