{"id":9677,"date":"2025-03-14T21:11:03","date_gmt":"2025-03-14T20:11:03","guid":{"rendered":"https:\/\/www.farakostolna.sk\/?p=9677"},"modified":"2025-03-15T13:27:11","modified_gmt":"2025-03-15T12:27:11","slug":"farske-oznamy-a-zamyslenie-16-03-2025","status":"publish","type":"post","link":"https:\/\/www.farakostolna.sk\/?p=9677","title":{"rendered":"Farsk\u00e9 oznamy a zamyslenie (16.03.2025)"},"content":{"rendered":"\n<figure class=\"wp-block-image size-large\"><img loading=\"lazy\" decoding=\"async\" width=\"1024\" height=\"576\" src=\"https:\/\/www.farakostolna.sk\/wp-content\/uploads\/2025\/03\/WhatsApp-Image-2025-03-14-at-20.59.55_b99a190b-1024x576.jpg\" alt=\"\" class=\"wp-image-9678\" srcset=\"https:\/\/www.farakostolna.sk\/wp-content\/uploads\/2025\/03\/WhatsApp-Image-2025-03-14-at-20.59.55_b99a190b-1024x576.jpg 1024w, https:\/\/www.farakostolna.sk\/wp-content\/uploads\/2025\/03\/WhatsApp-Image-2025-03-14-at-20.59.55_b99a190b-300x169.jpg 300w, https:\/\/www.farakostolna.sk\/wp-content\/uploads\/2025\/03\/WhatsApp-Image-2025-03-14-at-20.59.55_b99a190b-768x432.jpg 768w, https:\/\/www.farakostolna.sk\/wp-content\/uploads\/2025\/03\/WhatsApp-Image-2025-03-14-at-20.59.55_b99a190b-1536x864.jpg 1536w, https:\/\/www.farakostolna.sk\/wp-content\/uploads\/2025\/03\/WhatsApp-Image-2025-03-14-at-20.59.55_b99a190b.jpg 1599w\" sizes=\"auto, (max-width: 1024px) 100vw, 1024px\" \/><\/figure>\n\n\n\n<p><\/p>\n\n\n\n<p>Je\u017ei\u0161 sa premenil na vrchu, ale zab\u00fadame na t\u00fdch, ktor\u00fdch t\u00e1to udalos\u0165 tie\u017e premenila. \u00c1no, osobn\u00e1 sk\u00fasenos\u0165 s Bohom n\u00e1s premen\u00ed &#8211; ak s n\u00edm kr\u00e1\u010dame na vrch.<\/p>\n\n\n\n<!--more-->\n\n\n\n<p><strong>Sv\u00e4t\u00e9 om\u0161e u n\u00e1s:<\/strong><\/p>\n\n\n\n<p><strong>sobota \u2013 15. marca (s nede\u013enou platnos\u0165ou)<\/strong><\/p>\n\n\n\n<ul class=\"wp-block-list\">\n<li><strong>17:00 \u2013 Hrub\u00e1 Bor\u0161a (slov.\/ma\u010f.)<\/strong><\/li>\n\n\n\n<li><strong>18:00 \u2013 Kostoln\u00e1 (slov.)<\/strong><\/li>\n<\/ul>\n\n\n\n<p><strong>nede\u013ea \u2013 16. marca<\/strong><\/p>\n\n\n\n<ul class=\"wp-block-list\">\n<li><strong>8:00 \u2013 Hrub\u00fd \u0160\u00far (ma\u010f.)<\/strong><\/li>\n\n\n\n<li><strong>9:30 \u2013 Kostoln\u00e1 (ma\u010f.)<\/strong><\/li>\n\n\n\n<li><strong>11:00 \u2013 Kostoln\u00e1 (slov.)<\/strong><br><\/li>\n<\/ul>\n\n\n\n<p>Tento t\u00fd\u017ede\u0148 budem v Kostolnej spoveda\u0165 op\u00e4\u0165 v stredu, \u0161tvrtok a piatok od 16:00 do 17:00. V tom \u010dase bude v kostole ador\u00e1cia.<\/p>\n\n\n\n<p>Poboz\u030cnost\u030c kri\u0301\u017eovej cesty ma\u0301vame poc\u030cas po\u0302stneho obdobia:<\/p>\n\n\n\n<ul class=\"wp-block-list\">\n<li>v Hrubom S\u030cu\u0301re piatky o 18:30 v ma\u010farskom jazyku,<\/li>\n\n\n\n<li>v Hrubej Bor\u0161i soboty o 16:30 v ma\u010farskom jazyku,<\/li>\n\n\n\n<li>v Kostolnej piatky o 18:40 a nedele o 10:30 v slovenskom jazyku,<\/li>\n\n\n\n<li>v Kostolnej nedele o 15:00 v ma\u010farskom jazyku.<\/li>\n<\/ul>\n\n\n\n<p>Pre deti na obdobie p\u00f4stu pon\u00fakame P\u00f4stny misijn\u00fd kalend\u00e1r. Na ka\u017ed\u00fd de\u0148 je pripraven\u00e1 v\u00fdzva \u2013 \u00faloha. Modlitbou, dobr\u00fdmi skutkami a skutkami l\u00e1sky m\u00f4\u017eu deti Je\u017ei\u0161a sprev\u00e1dza\u0165 na jeho ceste s kr\u00ed\u017eom a\u017e po zm\u0155tvychvstanie. Za splnenie \u00falohy si m\u00f4\u017eu vyfarbova\u0165 tabu\u013eky s \u00falohami a postupne aj zastavenia kr\u00ed\u017eovej cesty. M\u00f4\u017eete si stiahnu\u0165 farebn\u00fa verziu <strong><a href=\"https:\/\/www.farakostolna.sk\/?p=9648\">na farskej str\u00e1nke<\/a><\/strong>, alebo si zobra\u0165 vzadu v kostole \u010diernobielu verziu.<\/p>\n\n\n\n<p>Minulot\u00fd\u017ed\u0148ov\u00e1 jarn\u00e1 zbierka na katol\u00edcku charitu vyniesla v na\u0161ej farnosti spolu 774,10 \u20ac, z toho v Kostolnej 503,10 \u20ac, v Hrubom \u0160\u00fare 190 \u20ac a v Hrubej Bor\u0161i 81 \u20ac. Peniaze som e\u0161te v piatok preposlal na dan\u00fd \u00fa\u010det. \u00daprimne \u010fakujem.<\/p>\n\n\n\n<p>O t\u00fd\u017ede\u0148 bude pravideln\u00e1 mesa\u010dn\u00e1 zbierka na kostol a prev\u00e1dzkov\u00e9 n\u00e1klady farnosti. Vopred \u010fakujem.<\/p>\n\n\n\n<p>Vzadu na farskej z\u00e1hrade sa za\u010dala budova\u0165 pr\u00edstupov\u00e1 cesta. Do jej spr\u00edstupnenia (cca 2-3 t\u00fd\u017edne) m\u00f4\u017eete na nede\u013en\u00e9 parkovanie vyu\u017e\u00edva\u0165 aj tr\u00e1vnat\u00fa plochu od hlavnej cesty na pozemku ved\u013ea kostola.<\/p>\n\n\n\n<p><strong>\u00dactivo sa uch\u00e1dzame o 2 % z va\u0161ich dan\u00ed v prospech OZ \u017div\u00fd dom<\/strong>, z ktor\u00e9ho potom m\u00f4\u017eeme \u010derpa\u0165 prostriedky na opravu farsk\u00e9ho kostola a aktivity vo farnosti. Tla\u010div\u00e1 s\u00fa k dispoz\u00edcii na farskej str\u00e1nke <strong><a href=\"https:\/\/www.farakostolna.sk\/?page_id=1541\">na stiahnutie<\/a><\/strong>. Dodato\u010dn\u00e9 dokladovanie u\u017e potom nie je potrebn\u00e9. Vopred ve\u013emi pekne \u010fakujeme.<\/p>\n\n\n\n<p>Sv\u00e4t\u00e9 om\u0161e v nasleduj\u00faci t\u00fd\u017ede\u0148 u n\u00e1s v Kostolnej:<\/p>\n\n\n\n<ul class=\"wp-block-list\">\n<li>pondelok \u2013 8:30 (slov.\/ma\u010f.)<\/li>\n\n\n\n<li>utorok \u2013 17:00 (ma\u010f.) a 18:00 (slov.)<\/li>\n\n\n\n<li>streda \u2013 17:00 (ma\u010f. ) a 18:00 (slov.)<\/li>\n\n\n\n<li>\u0161tvrtok \u2013 17:00 (ma\u010f.) a 18:00 (slov.)<\/li>\n\n\n\n<li>piatok \u2013 17:00 (slov.\/ma\u010f.)<\/li>\n<\/ul>\n\n\n\n<p>V stredu bude sv\u00e4t\u00e1 om\u0161a v Kostolnej o 18:00 so zrete\u013eom na deti v slovenskom jazyku.<\/p>\n\n\n\n<p>V piatok bude v Kostolnej v\u00fdnimo\u010dne iba jedna sv\u00e4t\u00e1 om\u0161a o 17:00. Potom o 19:00 bude aj v Hrubom \u0160\u00fare v ma\u010farskom jazyku pre deti a ml\u00e1de\u017e.<\/p>\n\n\n\n<p>26. apr\u00edla sa chyst\u00e1me na blahore\u010denie M\u00e1rie Magdolny B\u00f3di do Veszpr\u00e9mu. Z\u00a0tejto pr\u00edle\u017eitosti k n\u00e1m 31. marca zav\u00edta Dr. Bal\u00e1zs\u00a0\u00a0Csernai, Phd., far\u00e1r z\u00a0\u00a0Veszpr\u00e9mskej diec\u00e9zy,\u00a0\u00a0pastora\u010dn\u00fd poradca, teol\u00f3g a\u00a0univerzitn\u00fd duchovn\u00fd. Pri sv\u00e4tej om\u0161i o 17:00 v Kostolnej a v nasleduj\u00facej predn\u00e1\u0161ke odhal\u00ed jej \u017eivot, u\u010denie a spiritualitu.<\/p>\n\n\n\n<p>S \u00factou,<br>Pavol Gajdo\u0161,&nbsp;v\u00e1\u0161&nbsp;far\u00e1r<\/p>\n","protected":false},"excerpt":{"rendered":"<p>Je\u017ei\u0161 sa premenil na vrchu, ale zab\u00fadame na t\u00fdch, ktor\u00fdch t\u00e1to udalos\u0165 tie\u017e premenila. \u00c1no, osobn\u00e1 sk\u00fasenos\u0165 s Bohom n\u00e1s premen\u00ed &#8211; ak s n\u00edm kr\u00e1\u010dame na vrch.<\/p>\n","protected":false},"author":7,"featured_media":9678,"comment_status":"closed","ping_status":"closed","sticky":false,"template":"","format":"standard","meta":{"footnotes":""},"categories":[13],"tags":[],"class_list":{"0":"entry","1":"post","2":"publish","3":"author-slado89gmail-com","4":"has-more-link","5":"post-9677","7":"format-standard","8":"has-post-thumbnail","9":"category-oznamy"},"_links":{"self":[{"href":"https:\/\/www.farakostolna.sk\/index.php?rest_route=\/wp\/v2\/posts\/9677","targetHints":{"allow":["GET"]}}],"collection":[{"href":"https:\/\/www.farakostolna.sk\/index.php?rest_route=\/wp\/v2\/posts"}],"about":[{"href":"https:\/\/www.farakostolna.sk\/index.php?rest_route=\/wp\/v2\/types\/post"}],"author":[{"embeddable":true,"href":"https:\/\/www.farakostolna.sk\/index.php?rest_route=\/wp\/v2\/users\/7"}],"replies":[{"embeddable":true,"href":"https:\/\/www.farakostolna.sk\/index.php?rest_route=%2Fwp%2Fv2%2Fcomments&post=9677"}],"version-history":[{"count":2,"href":"https:\/\/www.farakostolna.sk\/index.php?rest_route=\/wp\/v2\/posts\/9677\/revisions"}],"predecessor-version":[{"id":9683,"href":"https:\/\/www.farakostolna.sk\/index.php?rest_route=\/wp\/v2\/posts\/9677\/revisions\/9683"}],"wp:featuredmedia":[{"embeddable":true,"href":"https:\/\/www.farakostolna.sk\/index.php?rest_route=\/wp\/v2\/media\/9678"}],"wp:attachment":[{"href":"https:\/\/www.farakostolna.sk\/index.php?rest_route=%2Fwp%2Fv2%2Fmedia&parent=9677"}],"wp:term":[{"taxonomy":"category","embeddable":true,"href":"https:\/\/www.farakostolna.sk\/index.php?rest_route=%2Fwp%2Fv2%2Fcategories&post=9677"},{"taxonomy":"post_tag","embeddable":true,"href":"https:\/\/www.farakostolna.sk\/index.php?rest_route=%2Fwp%2Fv2%2Ftags&post=9677"}],"curies":[{"name":"wp","href":"https:\/\/api.w.org\/{rel}","templated":true}]}}