{"id":9654,"date":"2025-03-08T07:03:31","date_gmt":"2025-03-08T06:03:31","guid":{"rendered":"https:\/\/www.farakostolna.sk\/?p=9654"},"modified":"2025-03-08T10:10:14","modified_gmt":"2025-03-08T09:10:14","slug":"farske-oznamy-a-zamyslenie-09-03-2025","status":"publish","type":"post","link":"https:\/\/www.farakostolna.sk\/?p=9654","title":{"rendered":"Farsk\u00e9 oznamy a zamyslenie (09.03.2025)"},"content":{"rendered":"\n<figure class=\"wp-block-image size-large\"><img loading=\"lazy\" decoding=\"async\" width=\"1024\" height=\"682\" src=\"https:\/\/www.farakostolna.sk\/wp-content\/uploads\/2025\/03\/WhatsApp-Image-2025-03-07-at-22.34.51_86b31056-1024x682.jpg\" alt=\"\" class=\"wp-image-9655\" srcset=\"https:\/\/www.farakostolna.sk\/wp-content\/uploads\/2025\/03\/WhatsApp-Image-2025-03-07-at-22.34.51_86b31056-1024x682.jpg 1024w, https:\/\/www.farakostolna.sk\/wp-content\/uploads\/2025\/03\/WhatsApp-Image-2025-03-07-at-22.34.51_86b31056-300x200.jpg 300w, https:\/\/www.farakostolna.sk\/wp-content\/uploads\/2025\/03\/WhatsApp-Image-2025-03-07-at-22.34.51_86b31056-768x512.jpg 768w, https:\/\/www.farakostolna.sk\/wp-content\/uploads\/2025\/03\/WhatsApp-Image-2025-03-07-at-22.34.51_86b31056-1536x1023.jpg 1536w, https:\/\/www.farakostolna.sk\/wp-content\/uploads\/2025\/03\/WhatsApp-Image-2025-03-07-at-22.34.51_86b31056.jpg 1600w\" sizes=\"auto, (max-width: 1024px) 100vw, 1024px\" \/><\/figure>\n\n\n\n<p><\/p>\n\n\n\n<p>Je\u017ei\u0161a poku\u0161enia vyh\u013eadali na p\u00fa\u0161ti. My v\u0161ak niekedy poku\u0161enia vyh\u013ead\u00e1vame sami. Pre\u010do? Lebo s\u00fa pr\u00edjemn\u00e9. Nenechajme sa oklama\u0165 zdan\u00edm dobr\u00e9ho. Diabol je skryt\u00fd v detailoch.<\/p>\n\n\n\n<!--more-->\n\n\n\n<p><strong>Sv\u00e4t\u00e9 om\u0161e u n\u00e1s:<\/strong><\/p>\n\n\n\n<p><strong>sobota \u2013 8. marca (s nede\u013enou platnos\u0165ou)<\/strong><\/p>\n\n\n\n<ul class=\"wp-block-list\">\n<li><strong>17:00 \u2013 Hrub\u00e1 Bor\u0161a (slov.\/ma\u010f.)<\/strong><\/li>\n\n\n\n<li><strong>18:00 \u2013 Kostoln\u00e1 (slov.)<\/strong><\/li>\n<\/ul>\n\n\n\n<p><strong>nede\u013ea \u2013 9. marca<\/strong><\/p>\n\n\n\n<ul class=\"wp-block-list\">\n<li><strong>8:00 \u2013 Hrub\u00fd \u0160\u00far (ma\u010f.)<\/strong><\/li>\n\n\n\n<li><strong>9:30 \u2013 Kostoln\u00e1 (ma\u010f.)<\/strong><\/li>\n\n\n\n<li><strong>11:00 \u2013 Kostoln\u00e1 (slov.)<\/strong><\/li>\n<\/ul>\n\n\n\n<p>Pobo\u017enos\u0165 kr\u00ed\u017eovej cesty po\u010das p\u00f4stneho obdobia m\u00e1me: <\/p>\n\n\n\n<ul class=\"wp-block-list\">\n<li>v Hrubom \u0160\u00fare piatky o 18:30 v ma\u010farskom jazyku,<\/li>\n\n\n\n<li>v Hrubej Bor\u0161i soboty o 16:30 v ma\u010farskom jazyku,<\/li>\n\n\n\n<li>v Kostolnej piatky o 18:40 a nedele o 10:30 v slovenskom jazyku,<\/li>\n\n\n\n<li>v Kostolnej nedele o 15:00 v ma\u010farskom jazyku.<\/li>\n<\/ul>\n\n\n\n<p>Tento t\u00fd\u017ede\u0148 budem v Kostolnej spoveda\u0165 v stredu, \u0161tvrtok a piatok od 16:00 do 17:00. V tom \u010dase bude v kostole ador\u00e1cia.<\/p>\n\n\n\n<p><strong>Slovensk\u00fd dohovor za rodinu n\u00e1s poz\u00fdva prida\u0165 sa k modlitbe 24-hodinov\u00e9ho ru\u017eenca za Slovensko. Na\u017eivo sa budeme modli\u0165 z n\u00e1\u0161ho kostola v Kostolnej v noci z 12. na 13. marca od 00:00 do 01:00. \u010ealej budeme ma\u0165 \u017eiv\u00fd prenos sv\u00e4tej om\u0161e vo \u0161tvrtok 13. marca o 18-tej hodine. V kostole budeme pokra\u010dova\u0165 modlitbami sv\u00e4t\u00e9ho ru\u017eenca o 19-tej a 20-tej hodine. V\u0161etky modlitby s\u00fa pren\u00e1\u0161an\u00e9 cez aplik\u00e1ciu MariaNet, ktor\u00fa si viete stiahnu\u0165 do svojich mobiln\u00fdch telef\u00f3nov.<\/strong><\/p>\n\n\n\n<p>Pre deti na obdobie p\u00f4stu pon\u00fakame P\u00f4stny misijn\u00fd kalend\u00e1r. Na ka\u017ed\u00fd de\u0148 je pripraven\u00e1 v\u00fdzva \u2013 \u00faloha. Modlitbou, dobr\u00fdmi skutkami a skutkami l\u00e1sky bud\u00fa Je\u017ei\u0161a sprev\u00e1dza\u0165 na jeho ceste s kr\u00ed\u017eom a\u017e po zm\u0155tvychvstanie. Za splnenie \u00falohy si m\u00f4\u017eu vyfarbova\u0165 tabu\u013eky s \u00falohami a postupne aj zastavenia kr\u00ed\u017eovej cesty. M\u00f4\u017eete si stiahnu\u0165 farebn\u00fa verziu <strong><a href=\"https:\/\/www.farakostolna.sk\/?p=9648\">na farskej str\u00e1nke<\/a><\/strong>, alebo si zobra\u0165 vzadu v kostole \u010diernobielu verziu.<\/p>\n\n\n\n<p>Tento v\u00edkend je vo v\u0161etk\u00fdch kostoloch jarn\u00e1 zbierka na katol\u00edcku charitu.<\/p>\n\n\n\n<p>Vzadu na farskej z\u00e1hrade sa za\u010dala budova\u0165 pr\u00edstupov\u00e1 cesta. Do jej spr\u00edstupnenia (cca 3-4 t\u00fd\u017edne) m\u00f4\u017eete na nede\u013en\u00e9 parkovanie vyu\u017e\u00edva\u0165 aj tr\u00e1vnat\u00fa plochu od hlavnej cesty na pozemku ved\u013ea kostola.<\/p>\n\n\n\n<p><strong>\u00dactivo sa uch\u00e1dzame o 2 % z va\u0161ich dan\u00ed v prospech OZ \u017div\u00fd dom<\/strong>, z ktor\u00e9ho potom m\u00f4\u017eeme \u010derpa\u0165 prostriedky na opravu farsk\u00e9ho kostola a aktivity vo farnosti. Tla\u010div\u00e1 s\u00fa k dispoz\u00edcii na farskej str\u00e1nke <strong><a href=\"https:\/\/www.farakostolna.sk\/?page_id=1541\">na stiahnutie<\/a><\/strong>. Dodato\u010dn\u00e9 dokladovanie u\u017e potom nie je potrebn\u00e9. Vopred ve\u013emi pekne \u010fakujeme.<\/p>\n\n\n\n<p>Sv\u00e4t\u00e9 om\u0161e v nasleduj\u00faci t\u00fd\u017ede\u0148 u n\u00e1s v Kostolnej:<\/p>\n\n\n\n<ul class=\"wp-block-list\">\n<li>pondelok \u2013 8:30 (slov.\/ma\u010f.)<\/li>\n\n\n\n<li>utorok \u2013 17:00 (ma\u010f.) a 18:00 (slov.)<\/li>\n\n\n\n<li>streda \u2013 17:00 (ma\u010f. ) a 18:00 (slov.)<\/li>\n\n\n\n<li>\u0161tvrtok \u2013 17:00 (ma\u010f.) a 18:00 (slov.)<\/li>\n\n\n\n<li>piatok \u2013 17:00 (ma\u010f.) a 18:00 (slov.)<\/li>\n<\/ul>\n\n\n\n<p>V piatok bude o 19:00 sv\u00e4t\u00e1 om\u0161a aj v Hrubom \u0160\u00fare v ma\u010farskom jazyku pre deti a ml\u00e1de\u017e.<\/p>\n\n\n\n<p>S \u00factou,<br>Pavol Gajdo\u0161,&nbsp;v\u00e1\u0161&nbsp;far\u00e1r<\/p>\n","protected":false},"excerpt":{"rendered":"<p>Je\u017ei\u0161a poku\u0161enia vyh\u013eadali na p\u00fa\u0161ti. My v\u0161ak niekedy poku\u0161enia vyh\u013ead\u00e1vame sami. Pre\u010do? Lebo s\u00fa pr\u00edjemn\u00e9. Nenechajme sa oklama\u0165 zdan\u00edm dobr\u00e9ho. Diabol je skryt\u00fd v detailoch.<\/p>\n","protected":false},"author":7,"featured_media":9655,"comment_status":"closed","ping_status":"closed","sticky":false,"template":"","format":"standard","meta":{"footnotes":""},"categories":[13],"tags":[],"class_list":{"0":"entry","1":"post","2":"publish","3":"author-slado89gmail-com","4":"has-more-link","5":"post-9654","7":"format-standard","8":"has-post-thumbnail","9":"category-oznamy"},"_links":{"self":[{"href":"https:\/\/www.farakostolna.sk\/index.php?rest_route=\/wp\/v2\/posts\/9654","targetHints":{"allow":["GET"]}}],"collection":[{"href":"https:\/\/www.farakostolna.sk\/index.php?rest_route=\/wp\/v2\/posts"}],"about":[{"href":"https:\/\/www.farakostolna.sk\/index.php?rest_route=\/wp\/v2\/types\/post"}],"author":[{"embeddable":true,"href":"https:\/\/www.farakostolna.sk\/index.php?rest_route=\/wp\/v2\/users\/7"}],"replies":[{"embeddable":true,"href":"https:\/\/www.farakostolna.sk\/index.php?rest_route=%2Fwp%2Fv2%2Fcomments&post=9654"}],"version-history":[{"count":5,"href":"https:\/\/www.farakostolna.sk\/index.php?rest_route=\/wp\/v2\/posts\/9654\/revisions"}],"predecessor-version":[{"id":9662,"href":"https:\/\/www.farakostolna.sk\/index.php?rest_route=\/wp\/v2\/posts\/9654\/revisions\/9662"}],"wp:featuredmedia":[{"embeddable":true,"href":"https:\/\/www.farakostolna.sk\/index.php?rest_route=\/wp\/v2\/media\/9655"}],"wp:attachment":[{"href":"https:\/\/www.farakostolna.sk\/index.php?rest_route=%2Fwp%2Fv2%2Fmedia&parent=9654"}],"wp:term":[{"taxonomy":"category","embeddable":true,"href":"https:\/\/www.farakostolna.sk\/index.php?rest_route=%2Fwp%2Fv2%2Fcategories&post=9654"},{"taxonomy":"post_tag","embeddable":true,"href":"https:\/\/www.farakostolna.sk\/index.php?rest_route=%2Fwp%2Fv2%2Ftags&post=9654"}],"curies":[{"name":"wp","href":"https:\/\/api.w.org\/{rel}","templated":true}]}}