{"id":9648,"date":"2025-03-07T14:33:00","date_gmt":"2025-03-07T13:33:00","guid":{"rendered":"https:\/\/www.farakostolna.sk\/?p=9648"},"modified":"2025-03-08T07:07:43","modified_gmt":"2025-03-08T06:07:43","slug":"postny-misijny-kalendar-2025","status":"publish","type":"post","link":"https:\/\/www.farakostolna.sk\/?p=9648","title":{"rendered":"P\u00f4stny misijn\u00fd kalend\u00e1r 2025"},"content":{"rendered":"\n<figure class=\"wp-block-image size-large\"><img loading=\"lazy\" decoding=\"async\" width=\"1024\" height=\"512\" src=\"https:\/\/www.farakostolna.sk\/wp-content\/uploads\/2025\/03\/web-banner2-1024x512.png\" alt=\"\" class=\"wp-image-9650\"\/><\/figure>\n\n\n\n<p><\/p>\n\n\n\n<p>Na obdobie p\u00f4stu pon\u00fakame\u00a0<strong>P\u00f4stny misijn\u00fd kalend\u00e1r 2025.\u00a0<\/strong>Za\u010d\u00edname na Popolcov\u00fa stredu 5. 3. a kon\u010d\u00edme nede\u013eou P\u00e1novho zm\u0155tvychvstania 20. 4. Pre deti je na ka\u017ed\u00fd de\u0148 pripraven\u00e1 v\u00fdzva \u2013 \u00faloha.<\/p>\n\n\n\n<!--more-->\n\n\n\n<p>Modlitbou, dobr\u00fdmi skutkami a skutkami l\u00e1sky bud\u00fa Je\u017ei\u0161a sprev\u00e1dza\u0165 na jeho ceste s kr\u00ed\u017eom a\u017e po zm\u0155tvychvstanie. Za splnenie \u00falohy si m\u00f4\u017eu postupne vyfarbova\u0165 tabu\u013eky s \u00falohami a postupne aj zastavenia kr\u00ed\u017eovej cesty. Kalend\u00e1r ilustroval \u010desk\u00fd v\u00fdtvarn\u00edk Tom\u00e1\u0161 Velzel.<\/p>\n\n\n\n<p>M\u00f4\u017eete si stiahnu\u0165 farebn\u00fa a&nbsp;\u010diernobielu verziu.<\/p>\n\n\n\n<p><strong>Prajeme v\u00e1m po\u017eehnan\u00e9 p\u00f4stne obdobie s de\u0165mi.<\/strong><\/p>\n\n\n\n<p><a href=\"https:\/\/misijnediela.sk\/postny-misijny-kalendar-2025\/?mc_cid=bda20df001&amp;mc_eid=7ee4e23e26\">Linku na stiahnutie kalend\u00e1ra n\u00e1jdete tu.<\/a><\/p>\n\n\n\n<p><\/p>\n","protected":false},"excerpt":{"rendered":"<p>Na obdobie p\u00f4stu pon\u00fakame\u00a0P\u00f4stny misijn\u00fd kalend\u00e1r 2025.\u00a0Za\u010d\u00edname na Popolcov\u00fa stredu 5. 3. a kon\u010d\u00edme nede\u013eou P\u00e1novho zm\u0155tvychvstania 20. 4. Pre deti je na ka\u017ed\u00fd de\u0148 pripraven\u00e1 v\u00fdzva \u2013 \u00faloha.<\/p>\n","protected":false},"author":1,"featured_media":9650,"comment_status":"closed","ping_status":"closed","sticky":false,"template":"","format":"standard","meta":{"footnotes":""},"categories":[38],"tags":[],"class_list":{"0":"entry","1":"post","2":"publish","3":"author-marian-jasenoveceltras-sk","4":"has-more-link","5":"post-9648","7":"format-standard","8":"has-post-thumbnail","9":"category-post"},"_links":{"self":[{"href":"https:\/\/www.farakostolna.sk\/index.php?rest_route=\/wp\/v2\/posts\/9648","targetHints":{"allow":["GET"]}}],"collection":[{"href":"https:\/\/www.farakostolna.sk\/index.php?rest_route=\/wp\/v2\/posts"}],"about":[{"href":"https:\/\/www.farakostolna.sk\/index.php?rest_route=\/wp\/v2\/types\/post"}],"author":[{"embeddable":true,"href":"https:\/\/www.farakostolna.sk\/index.php?rest_route=\/wp\/v2\/users\/1"}],"replies":[{"embeddable":true,"href":"https:\/\/www.farakostolna.sk\/index.php?rest_route=%2Fwp%2Fv2%2Fcomments&post=9648"}],"version-history":[{"count":5,"href":"https:\/\/www.farakostolna.sk\/index.php?rest_route=\/wp\/v2\/posts\/9648\/revisions"}],"predecessor-version":[{"id":9661,"href":"https:\/\/www.farakostolna.sk\/index.php?rest_route=\/wp\/v2\/posts\/9648\/revisions\/9661"}],"wp:featuredmedia":[{"embeddable":true,"href":"https:\/\/www.farakostolna.sk\/index.php?rest_route=\/wp\/v2\/media\/9650"}],"wp:attachment":[{"href":"https:\/\/www.farakostolna.sk\/index.php?rest_route=%2Fwp%2Fv2%2Fmedia&parent=9648"}],"wp:term":[{"taxonomy":"category","embeddable":true,"href":"https:\/\/www.farakostolna.sk\/index.php?rest_route=%2Fwp%2Fv2%2Fcategories&post=9648"},{"taxonomy":"post_tag","embeddable":true,"href":"https:\/\/www.farakostolna.sk\/index.php?rest_route=%2Fwp%2Fv2%2Ftags&post=9648"}],"curies":[{"name":"wp","href":"https:\/\/api.w.org\/{rel}","templated":true}]}}