{"id":9611,"date":"2025-02-21T23:37:10","date_gmt":"2025-02-21T22:37:10","guid":{"rendered":"https:\/\/www.farakostolna.sk\/?p=9611"},"modified":"2025-02-22T11:09:54","modified_gmt":"2025-02-22T10:09:54","slug":"farske-oznamy-a-zamyslenie-23-02-2025","status":"publish","type":"post","link":"https:\/\/www.farakostolna.sk\/?p=9611","title":{"rendered":"Farsk\u00e9 oznamy a zamyslenie (23.02.2025)"},"content":{"rendered":"<div class=\"wp-block-image\">\n<figure class=\"aligncenter size-full\"><img loading=\"lazy\" decoding=\"async\" width=\"736\" height=\"660\" src=\"https:\/\/www.farakostolna.sk\/wp-content\/uploads\/2025\/02\/WhatsApp-Image-2025-02-21-at-23.30.21_66a4ef5b.jpg\" alt=\"\" class=\"wp-image-9612\" srcset=\"https:\/\/www.farakostolna.sk\/wp-content\/uploads\/2025\/02\/WhatsApp-Image-2025-02-21-at-23.30.21_66a4ef5b.jpg 736w, https:\/\/www.farakostolna.sk\/wp-content\/uploads\/2025\/02\/WhatsApp-Image-2025-02-21-at-23.30.21_66a4ef5b-300x269.jpg 300w\" sizes=\"auto, (max-width: 736px) 100vw, 736px\" \/><\/figure>\n<\/div>\n\n\n<p><\/p>\n\n\n\n<p>Nov\u00e9 prik\u00e1zanie n\u00e1m d\u00e1va n\u00e1\u0161 Pastier. Dne\u0161n\u00fdm jazykom by sme povedali &#8211; l\u00edder. \u00c1no, Je\u017ei\u0161 je ten prav\u00fd Bo\u017e\u00ed L\u00edder, ktor\u00fd n\u00e1s pri\u0165ahuje nie n\u00e1sil\u00edm, ale l\u00e1skou a osobn\u00fdm pr\u00edkladom. Ak\u00fdm sp\u00f4sobom si z\u00edskavame re\u0161pekt my? Vieme by\u0165 milosrdn\u00ed?<\/p>\n\n\n\n<!--more-->\n\n\n\n<p><strong>Sv\u00e4t\u00e9 om\u0161e u n\u00e1s:<\/strong><\/p>\n\n\n\n<p><strong>sobota \u2013 22. febru\u00e1ra (s nede\u013enou platnos\u0165ou)<\/strong><\/p>\n\n\n\n<ul class=\"wp-block-list\">\n<li><strong>17:00 \u2013 Hrub\u00e1 Bor\u0161a (slov.\/ma\u010f.)<\/strong><\/li>\n\n\n\n<li><strong>18:00 \u2013 Kostoln\u00e1 (slov.)<\/strong><\/li>\n<\/ul>\n\n\n\n<p><strong>nede\u013ea \u2013 23. febru\u00e1ra<\/strong><\/p>\n\n\n\n<ul class=\"wp-block-list\">\n<li><strong>8:00 \u2013 Hrub\u00fd \u0160\u00far (ma\u010f.)<\/strong><\/li>\n\n\n\n<li><strong>9:30 \u2013 Kostoln\u00e1 (ma\u010f.)<\/strong><\/li>\n\n\n\n<li><strong>11:00 \u2013 Kostoln\u00e1 (slov.)<\/strong><\/li>\n<\/ul>\n\n\n\n<p>Tento t\u00fd\u017ede\u0148 budem v Kostolnej spoveda\u0165 v stredu, \u0161tvrtok a piatok od 16:00 do 17:00. V tom \u010dase bude v kostole ador\u00e1cia.<\/p>\n\n\n\n<p>V piatok po sva\u0308tej om\u0161i v Kostolnej o 18:00 sme vs\u030cetci pozvani\u0301 do chra\u0301mu na&nbsp;Modlitbu&nbsp;chva\u0301l.<\/p>\n\n\n\n<p>Minulot\u00fd\u017ed\u0148ov\u00e1 pravideln\u00e1 mesa\u010dn\u00e1 zbierka vyniesla v Kostolnej na kostol a prev\u00e1dzkov\u00e9 n\u00e1klady farnosti 681,20 \u20ac, v Hrubej Bor\u0161i 167,35 \u20ac a v Hrubom \u0160\u00fare na prev\u00e1dzkov\u00e9 n\u00e1klady farnosti a potreby \u0161\u00farskej kaplnky 158,50 \u20ac. \u00daprimne \u010fakujem.<\/p>\n\n\n\n<p><strong>\u00dactivo sa uch\u00e1dzame o 2 % z va\u0161ich dan\u00ed v prospech OZ \u017div\u00fd dom<\/strong>, z ktor\u00e9ho potom m\u00f4\u017eeme \u010derpa\u0165 prostriedky na opravu farsk\u00e9ho kostola a aktivity vo farnosti. Tla\u010div\u00e1 s\u00fa k dispoz\u00edcii na farskej str\u00e1nke <strong><a href=\"https:\/\/www.farakostolna.sk\/?page_id=1541\">na stiahnutie<\/a><\/strong>. Dodato\u010dn\u00e9 dokladovanie u\u017e potom nie je potrebn\u00e9. Vopred ve\u013emi pekne \u010fakujeme.<\/p>\n\n\n\n<p>Sv\u00e4t\u00e9 om\u0161e v nasleduj\u00faci t\u00fd\u017ede\u0148 u n\u00e1s v Kostolnej:<\/p>\n\n\n\n<ul class=\"wp-block-list\">\n<li>pondelok \u2013 17:00 (slov.\/ma\u010f. )<\/li>\n\n\n\n<li>utorok \u2013 17:00 (ma\u010f.) a 18:00 (slov.)<\/li>\n\n\n\n<li>streda \u2013 17:00 (ma\u010f. ) a 18:00 (slov.)<\/li>\n\n\n\n<li>\u0161tvrtok \u2013 17:00 (ma\u010f.) a 18:00 (slov.)<\/li>\n\n\n\n<li>piatok \u2013 17:00 (ma\u010f.) a 18:00 (slov.)<\/li>\n<\/ul>\n\n\n\n<p>V piatok bude o 19:00 sv\u00e4t\u00e1 om\u0161a aj v Hrubom \u0160\u00fare v ma\u010farskom jazyku.<\/p>\n\n\n\n<p>S \u00factou,<br>Pavol Gajdo\u0161, v\u00e1\u0161 far\u00e1r<\/p>\n\n\n\n<p><em>\u010eal\u0161ie oznamy z arcidiec\u00e9zy:<\/em><\/p>\n\n\n\n<ul class=\"wp-block-list\">\n<li><strong>Na stretnutie mlad\u00fdch R\u00edme<\/strong>, ktor\u00e9 bude prebieha\u0165&nbsp;<strong>v term\u00edne 28.7. \u2013 3.8. 2025<\/strong>&nbsp;sa posunula vekov\u00e1 hranica \u00fa\u010dastn\u00edkov \u2013 stretnutie je u\u017e aj pre mlad\u00fdch od 16 rokov. Komisia pre ml\u00e1de\u017e Bratislavskej arcidiec\u00e9zy organizuje autobusov\u00fd z\u00e1jazd na toto stretnutie so zast\u00e1vkami v Padove a Assisi. Registr\u00e1cia na stretnutie prebieha do 1. marca. Viac o programe a formul\u00e1r na prihl\u00e1senie je na str\u00e1nke&nbsp;<strong><a href=\"http:\/\/www.svetovednimladeze.sk\/\">http:\/\/www.svetovednimladeze.sk<\/a><\/strong><\/li>\n<\/ul>\n","protected":false},"excerpt":{"rendered":"<p>Nov\u00e9 prik\u00e1zanie n\u00e1m d\u00e1va n\u00e1\u0161 Pastier. Dne\u0161n\u00fdm jazykom by sme povedali &#8211; l\u00edder. \u00c1no, Je\u017ei\u0161 je ten prav\u00fd Bo\u017e\u00ed L\u00edder, ktor\u00fd n\u00e1s pri\u0165ahuje nie n\u00e1sil\u00edm, ale l\u00e1skou a osobn\u00fdm pr\u00edkladom. Ak\u00fdm sp\u00f4sobom si z\u00edskavame re\u0161pekt my? Vieme by\u0165 milosrdn\u00ed?<\/p>\n","protected":false},"author":7,"featured_media":9612,"comment_status":"closed","ping_status":"closed","sticky":false,"template":"","format":"standard","meta":{"footnotes":""},"categories":[13],"tags":[],"class_list":{"0":"entry","1":"post","2":"publish","3":"author-slado89gmail-com","4":"has-more-link","5":"post-9611","7":"format-standard","8":"has-post-thumbnail","9":"category-oznamy"},"_links":{"self":[{"href":"https:\/\/www.farakostolna.sk\/index.php?rest_route=\/wp\/v2\/posts\/9611","targetHints":{"allow":["GET"]}}],"collection":[{"href":"https:\/\/www.farakostolna.sk\/index.php?rest_route=\/wp\/v2\/posts"}],"about":[{"href":"https:\/\/www.farakostolna.sk\/index.php?rest_route=\/wp\/v2\/types\/post"}],"author":[{"embeddable":true,"href":"https:\/\/www.farakostolna.sk\/index.php?rest_route=\/wp\/v2\/users\/7"}],"replies":[{"embeddable":true,"href":"https:\/\/www.farakostolna.sk\/index.php?rest_route=%2Fwp%2Fv2%2Fcomments&post=9611"}],"version-history":[{"count":4,"href":"https:\/\/www.farakostolna.sk\/index.php?rest_route=\/wp\/v2\/posts\/9611\/revisions"}],"predecessor-version":[{"id":9616,"href":"https:\/\/www.farakostolna.sk\/index.php?rest_route=\/wp\/v2\/posts\/9611\/revisions\/9616"}],"wp:featuredmedia":[{"embeddable":true,"href":"https:\/\/www.farakostolna.sk\/index.php?rest_route=\/wp\/v2\/media\/9612"}],"wp:attachment":[{"href":"https:\/\/www.farakostolna.sk\/index.php?rest_route=%2Fwp%2Fv2%2Fmedia&parent=9611"}],"wp:term":[{"taxonomy":"category","embeddable":true,"href":"https:\/\/www.farakostolna.sk\/index.php?rest_route=%2Fwp%2Fv2%2Fcategories&post=9611"},{"taxonomy":"post_tag","embeddable":true,"href":"https:\/\/www.farakostolna.sk\/index.php?rest_route=%2Fwp%2Fv2%2Ftags&post=9611"}],"curies":[{"name":"wp","href":"https:\/\/api.w.org\/{rel}","templated":true}]}}