{"id":9604,"date":"2025-02-14T22:37:58","date_gmt":"2025-02-14T21:37:58","guid":{"rendered":"https:\/\/www.farakostolna.sk\/?p=9604"},"modified":"2025-02-15T11:39:48","modified_gmt":"2025-02-15T10:39:48","slug":"farske-oznamy-a-zamyslenie-16-02-2025","status":"publish","type":"post","link":"https:\/\/www.farakostolna.sk\/?p=9604","title":{"rendered":"Farsk\u00e9 oznamy a zamyslenie (16.02.2025)"},"content":{"rendered":"<div class=\"wp-block-image\">\n<figure class=\"aligncenter size-large\"><img loading=\"lazy\" decoding=\"async\" width=\"1024\" height=\"683\" src=\"https:\/\/www.farakostolna.sk\/wp-content\/uploads\/2025\/02\/WhatsApp-Image-2025-02-14-at-22.03.39_6b16cf80-1024x683.jpg\" alt=\"\" class=\"wp-image-9605\" srcset=\"https:\/\/www.farakostolna.sk\/wp-content\/uploads\/2025\/02\/WhatsApp-Image-2025-02-14-at-22.03.39_6b16cf80-1024x683.jpg 1024w, https:\/\/www.farakostolna.sk\/wp-content\/uploads\/2025\/02\/WhatsApp-Image-2025-02-14-at-22.03.39_6b16cf80-300x200.jpg 300w, https:\/\/www.farakostolna.sk\/wp-content\/uploads\/2025\/02\/WhatsApp-Image-2025-02-14-at-22.03.39_6b16cf80-768x512.jpg 768w, https:\/\/www.farakostolna.sk\/wp-content\/uploads\/2025\/02\/WhatsApp-Image-2025-02-14-at-22.03.39_6b16cf80-1536x1024.jpg 1536w, https:\/\/www.farakostolna.sk\/wp-content\/uploads\/2025\/02\/WhatsApp-Image-2025-02-14-at-22.03.39_6b16cf80.jpg 1599w\" sizes=\"auto, (max-width: 1024px) 100vw, 1024px\" \/><\/figure>\n<\/div>\n\n\n<p><\/p>\n\n\n\n<p>Blahoslaven\u00fd alebo &#8220;beda&#8221;? \u010casto medzi t\u00fdmto lav\u00edrujeme. Je\u017ei\u0161 m\u00e1 v\u0161ak pre n\u00e1s recept na to, ako nezbl\u00fadi\u0165 &#8211; spolieha\u0165 sa viac na Boha, ako na seba. Na koho sa spolieha\u0161 Ty?<\/p>\n\n\n\n<!--more-->\n\n\n\n<p><strong>Sv\u00e4t\u00e9 om\u0161e u n\u00e1s:<\/strong><\/p>\n\n\n\n<p><strong>sobota \u2013 15. febru\u00e1ra (s nede\u013enou platnos\u0165ou)<\/strong><\/p>\n\n\n\n<ul class=\"wp-block-list\">\n<li><strong>17:00 \u2013 Hrub\u00e1 Bor\u0161a (slov.\/ma\u010f.)<\/strong><\/li>\n\n\n\n<li><strong>18:00 \u2013 Kostoln\u00e1 (slov.)<\/strong><\/li>\n<\/ul>\n\n\n\n<p><strong>nede\u013ea \u2013 16. febru\u00e1ra<\/strong><\/p>\n\n\n\n<ul class=\"wp-block-list\">\n<li><strong>8:00 \u2013 Hrub\u00fd \u0160\u00far (ma\u010f.)<\/strong><\/li>\n\n\n\n<li><strong>9:30 \u2013 Kostoln\u00e1 (ma\u010f.)<\/strong><\/li>\n\n\n\n<li><strong>11:00 \u2013 Kostoln\u00e1 (slov.)<\/strong><\/li>\n<\/ul>\n\n\n\n<p>Tento t\u00fd\u017ede\u0148 budem v Kostolnej spoveda\u0165 vo \u0161tvrtok a piatok od 16:00 do 17:00. V tom \u010dase bude v kostole ador\u00e1cia.<\/p>\n\n\n\n<p>Aj v tomto roku budem v na\u0161ej farnosti vysluhova\u0165 sviatos\u0165 pomazania chor\u00fdch. V Kostolnej na oboch sv\u00e4t\u00fdch om\u0161iach u\u017e tento \u0161tvrtok. Je potrebn\u00e9 by\u0165 v stave posv\u00e4cuj\u00facej milosti, teda po sv\u00e4tej spovedi. T\u00e1to sviatos\u0165 je ur\u010den\u00e1 pre \u0165a\u017eko chor\u00fdch a \u013eud\u00ed vo vysokom veku. V Hrubom \u0160\u00fare a v Hrubej Bor\u0161i t\u00fato sviatos\u0165 vysl\u00fa\u017eim v najbli\u017e\u0161\u00edch t\u00fd\u017ed\u0148och (e\u0161te ozn\u00e1mim).<\/p>\n\n\n\n<p><strong>V stredu o 18:00 bude v Kostolnej sv\u00e4t\u00e1 om\u0161a so zrete\u013eom na deti a ml\u00e1de\u017e v slovenskom jazyku, ktor\u00fa bude celebrova\u0165 salezi\u00e1n don Jozef Lusco\u0148.<\/strong><\/p>\n\n\n\n<p>Tento v\u00edkend je pravideln\u00e1 mesa\u010dn\u00e1 zbierka na kostol a prev\u00e1dzkov\u00e9 n\u00e1klady farnosti. Vopred \u010fakujem.<\/p>\n\n\n\n<p><strong>\u00dactivo sa uch\u00e1dzame o 2 % z va\u0161ich dan\u00ed v prospech OZ \u017div\u00fd dom<\/strong>, z ktor\u00e9ho potom m\u00f4\u017eeme \u010derpa\u0165 prostriedky na opravu farsk\u00e9ho kostola a aktivity vo farnosti. Tla\u010div\u00e1 s\u00fa k dispoz\u00edcii na farskej str\u00e1nke <strong><a href=\"https:\/\/www.farakostolna.sk\/?page_id=1541\">na stiahnutie<\/a><\/strong>. Dodato\u010dn\u00e9 dokladovanie u\u017e potom nie je potrebn\u00e9. Vopred ve\u013emi pekne \u010fakujeme.<\/p>\n\n\n\n<p>Sv\u00e4t\u00e9 om\u0161e v nasleduj\u00faci t\u00fd\u017ede\u0148 u n\u00e1s v Kostolnej:<\/p>\n\n\n\n<ul class=\"wp-block-list\">\n<li>pondelok \u2013 NEBUDE<\/li>\n\n\n\n<li>utorok \u2013 NEBUDE<\/li>\n\n\n\n<li>streda \u2013 18:00 (slov.)<\/li>\n\n\n\n<li>\u0161tvrtok \u2013 17:00 (ma\u010f.) a 18:00 (slov.)<\/li>\n\n\n\n<li>piatok \u2013 17:00 (ma\u010f.) a 18:00 (slov.)<br><\/li>\n<\/ul>\n\n\n\n<p>V piatok bude o 19:00 sv\u00e4t\u00e1 om\u0161a aj v Hrubom \u0160\u00fare v ma\u010farskom jazyku.<\/p>\n\n\n\n<p>S \u00factou,<br>Pavol Gajdo\u0161, v\u00e1\u0161 far\u00e1r<br><\/p>\n\n\n\n<p><em>\u010eal\u0161ie oznamy z arcidiec\u00e9zy:<\/em><\/p>\n\n\n\n<ul class=\"wp-block-list\">\n<li><strong>Cirkevn\u00e9 konzervat\u00f3rium v Bratislave<\/strong> na Be\u0148adickej ulici \u010d. 16 ako jedin\u00e1 cirkevn\u00e1 \u0161kola svojho druhu na Slovensku oznamuje z\u00e1ujemcom o \u0161t\u00fadium cirkevnej hudby, hudobn\u00fdch n\u00e1strojov, spevu a hudobno-dramatick\u00e9ho umenia do 23 rokov, \u017ee <strong>do 20. febru\u00e1ra 2025 je mo\u017en\u00e9 pod\u00e1va\u0165 prihl\u00e1\u0161ky<\/strong> na r\u00f4zne typy \u0161t\u00fadia cez webstr\u00e1nku \u0161koly. Viac inform\u00e1ci\u00ed n\u00e1jdete na <a href=\"https:\/\/www.ckba.sk\/\"><strong>www.ckba.sk<\/strong><\/a>.<\/li>\n<\/ul>\n\n\n\n<ul class=\"wp-block-list\">\n<li><strong>Na stretnutie mlad\u00fdch R\u00edme<\/strong>, ktor\u00e9 bude prebieha\u0165 <strong>v term\u00edne 28.7. &#8211; 3.8. 2025<\/strong> sa posunula vekov\u00e1 hranica \u00fa\u010dastn\u00edkov &#8211; stretnutie je u\u017e aj pre mlad\u00fdch od 16 rokov. Komisia pre ml\u00e1de\u017e Bratislavskej arcidiec\u00e9zy organizuje autobusov\u00fd z\u00e1jazd na toto stretnutie so zast\u00e1vkami v Padove a Assisi. Registr\u00e1cia na stretnutie prebieha do 1. marca. Viac o programe a formul\u00e1r na prihl\u00e1senie je na str\u00e1nke <strong><a href=\"http:\/\/www.svetovednimladeze.sk\">http:\/\/www.svetovednimladeze.sk<\/a><\/strong><\/li>\n<\/ul>\n\n\n\n<p><\/p>\n","protected":false},"excerpt":{"rendered":"<p>Blahoslaven\u00fd alebo &#8220;beda&#8221;? \u010casto medzi t\u00fdmto lav\u00edrujeme. Je\u017ei\u0161 m\u00e1 v\u0161ak pre n\u00e1s recept na to, ako nezbl\u00fadi\u0165 &#8211; spolieha\u0165 sa viac na Boha, ako na seba. Na koho sa spolieha\u0161 Ty?<\/p>\n","protected":false},"author":7,"featured_media":9605,"comment_status":"closed","ping_status":"closed","sticky":false,"template":"","format":"standard","meta":{"footnotes":""},"categories":[13],"tags":[],"class_list":{"0":"entry","1":"post","2":"publish","3":"author-slado89gmail-com","4":"has-more-link","5":"post-9604","7":"format-standard","8":"has-post-thumbnail","9":"category-oznamy"},"_links":{"self":[{"href":"https:\/\/www.farakostolna.sk\/index.php?rest_route=\/wp\/v2\/posts\/9604","targetHints":{"allow":["GET"]}}],"collection":[{"href":"https:\/\/www.farakostolna.sk\/index.php?rest_route=\/wp\/v2\/posts"}],"about":[{"href":"https:\/\/www.farakostolna.sk\/index.php?rest_route=\/wp\/v2\/types\/post"}],"author":[{"embeddable":true,"href":"https:\/\/www.farakostolna.sk\/index.php?rest_route=\/wp\/v2\/users\/7"}],"replies":[{"embeddable":true,"href":"https:\/\/www.farakostolna.sk\/index.php?rest_route=%2Fwp%2Fv2%2Fcomments&post=9604"}],"version-history":[{"count":3,"href":"https:\/\/www.farakostolna.sk\/index.php?rest_route=\/wp\/v2\/posts\/9604\/revisions"}],"predecessor-version":[{"id":9608,"href":"https:\/\/www.farakostolna.sk\/index.php?rest_route=\/wp\/v2\/posts\/9604\/revisions\/9608"}],"wp:featuredmedia":[{"embeddable":true,"href":"https:\/\/www.farakostolna.sk\/index.php?rest_route=\/wp\/v2\/media\/9605"}],"wp:attachment":[{"href":"https:\/\/www.farakostolna.sk\/index.php?rest_route=%2Fwp%2Fv2%2Fmedia&parent=9604"}],"wp:term":[{"taxonomy":"category","embeddable":true,"href":"https:\/\/www.farakostolna.sk\/index.php?rest_route=%2Fwp%2Fv2%2Fcategories&post=9604"},{"taxonomy":"post_tag","embeddable":true,"href":"https:\/\/www.farakostolna.sk\/index.php?rest_route=%2Fwp%2Fv2%2Ftags&post=9604"}],"curies":[{"name":"wp","href":"https:\/\/api.w.org\/{rel}","templated":true}]}}