{"id":9584,"date":"2025-02-08T08:37:26","date_gmt":"2025-02-08T07:37:26","guid":{"rendered":"https:\/\/www.farakostolna.sk\/?p=9584"},"modified":"2025-02-08T09:41:04","modified_gmt":"2025-02-08T08:41:04","slug":"farske-oznamy-a-zamyslenie-09-02-2025","status":"publish","type":"post","link":"https:\/\/www.farakostolna.sk\/?p=9584","title":{"rendered":"Farsk\u00e9 oznamy a zamyslenie (09.02.2025)"},"content":{"rendered":"<div class=\"wp-block-image\">\n<figure class=\"aligncenter size-full is-resized\"><img loading=\"lazy\" decoding=\"async\" width=\"612\" height=\"355\" src=\"https:\/\/www.farakostolna.sk\/wp-content\/uploads\/2025\/02\/WhatsApp-Image-2025-02-07-at-22.59.10_53fe10aa.jpg\" alt=\"\" class=\"wp-image-9585\" style=\"width:840px;height:auto\" srcset=\"https:\/\/www.farakostolna.sk\/wp-content\/uploads\/2025\/02\/WhatsApp-Image-2025-02-07-at-22.59.10_53fe10aa.jpg 612w, https:\/\/www.farakostolna.sk\/wp-content\/uploads\/2025\/02\/WhatsApp-Image-2025-02-07-at-22.59.10_53fe10aa-300x174.jpg 300w\" sizes=\"auto, (max-width: 612px) 100vw, 612px\" \/><\/figure>\n<\/div>\n\n\n<p><\/p>\n\n\n\n<p>Tla\u010d\u00edme sa na v\u0161emo\u017en\u00e9 akcie &#8211; v obchodn\u00fdch, kult\u00farnych, \u010di \u0161portov\u00fdch domoch. Ale kedy sme sa &#8220;tla\u010dili&#8221; do Bo\u017eieho domu za slovom \u017eivota, aby n\u00e1m z neho ni\u010d neuniklo?<\/p>\n\n\n\n<!--more-->\n\n\n\n<p><strong>Sv\u00e4t\u00e9 om\u0161e u n\u00e1s:<\/strong><\/p>\n\n\n\n<p><strong>sobota \u2013 8. febru\u00e1ra (s nede\u013enou platnos\u0165ou)<\/strong><\/p>\n\n\n\n<ul class=\"wp-block-list\">\n<li><strong>17:00 \u2013 Hrub\u00e1 Bor\u0161a (slov.\/ma\u010f.)<\/strong><\/li>\n\n\n\n<li><strong>18:00 \u2013 Kostoln\u00e1 (slov.)<\/strong><\/li>\n<\/ul>\n\n\n\n<p><strong>nede\u013ea \u2013 9. febru\u00e1ra<\/strong><\/p>\n\n\n\n<ul class=\"wp-block-list\">\n<li><strong>8:00 \u2013 Hrub\u00fd \u0160\u00far (ma\u010f.)<\/strong><\/li>\n\n\n\n<li><strong>9:30 \u2013 Kostoln\u00e1 (ma\u010f.)<\/strong><\/li>\n\n\n\n<li><strong>11:00 \u2013 Kostoln\u00e1 (slov.)<\/strong><\/li>\n<\/ul>\n\n\n\n<p>Tento t\u00fd\u017ede\u0148 budem v Kostolnej spoveda\u0165 op\u00e4\u0165 v stredu, \u0161tvrtok a piatok v\u017edy od 16:00 do 17:00. V tom \u010dase je v kostole ador\u00e1cia.<\/p>\n\n\n\n<p><strong>N\u00e1rodn\u00fd t\u00fd\u017ede\u0148 man\u017eelstva<\/strong> sa uskuto\u010dn\u00ed u\u017e tradi\u010dne vo valent\u00ednskom t\u00fd\u017edni teraz od pondelka do nedele (od 10. do 16. febru\u00e1ra 2025). Viac in\u0161pir\u00e1ci\u00ed pre opr\u00e1\u0161enie v\u00e1\u0161ho man\u017eelstva n\u00e1jdete na <a href=\"https:\/\/www.ntm.sk\/\"><strong>www.ntm.sk<\/strong><\/a>.<\/p>\n\n\n\n<p>O t\u00fd\u017ede\u0148 bude pravideln\u00e1 mesa\u010dn\u00e1 zbierka na kostol a prev\u00e1dzkov\u00e9 n\u00e1klady farnosti. Vopred \u010fakujem.<\/p>\n\n\n\n<p><strong>\u00dactivo sa uch\u00e1dzame o 2 % z va\u0161ich dan\u00ed v prospech OZ \u017div\u00fd dom<\/strong>, z ktor\u00e9ho potom m\u00f4\u017eeme \u010derpa\u0165 prostriedky na opravu farsk\u00e9ho kostola a aktivity vo farnosti. Tla\u010div\u00e1 s\u00fa k dispoz\u00edcii na farskej str\u00e1nke <a href=\"https:\/\/www.farakostolna.sk\/?page_id=1541\"><strong>na stiahnutie. <\/strong><\/a>Dodato\u010dn\u00e9 dokladovanie u\u017e potom nie je potrebn\u00e9. Vopred ve\u013emi pekne \u010fakujeme.<\/p>\n\n\n\n<p>Sv\u00e4t\u00e9 om\u0161e v nasleduj\u00faci t\u00fd\u017ede\u0148 u n\u00e1s v Kostolnej:<\/p>\n\n\n\n<ul class=\"wp-block-list\">\n<li>pondelok \u2013 17:00 (slov.\/ma\u010f.)<\/li>\n\n\n\n<li>utorok \u2013 17:00 (ma\u010f.) a 18:00 (slov.)<\/li>\n\n\n\n<li>streda \u2013 17:00 (ma\u010f.) a 18:00 (slov.)<\/li>\n\n\n\n<li>\u0161tvrtok \u2013 17:00 (ma\u010f.) a 18:00 (slov.)<\/li>\n\n\n\n<li>piatok \u2013 17:00 (ma\u010f.) a 18:00 (slov.)<\/li>\n<\/ul>\n\n\n\n<p>V piatok bude o 19:00 sv\u00e4t\u00e1 om\u0161a aj v Hrubom \u0160\u00fare v ma\u010farskom jazyku so zrete\u013eom na deti a ml\u00e1de\u017e.<\/p>\n\n\n\n<p>S \u00factou,<br>Pavol Gajdo\u0161,&nbsp;v\u00e1\u0161&nbsp;far\u00e1r<\/p>\n","protected":false},"excerpt":{"rendered":"<p>Tla\u010d\u00edme sa na v\u0161emo\u017en\u00e9 akcie &#8211; v obchodn\u00fdch, kult\u00farnych, \u010di \u0161portov\u00fdch domoch. Ale kedy sme sa &#8220;tla\u010dili&#8221; do Bo\u017eieho domu za slovom \u017eivota, aby n\u00e1m z neho ni\u010d neuniklo?<\/p>\n","protected":false},"author":7,"featured_media":9585,"comment_status":"closed","ping_status":"closed","sticky":false,"template":"","format":"standard","meta":{"footnotes":""},"categories":[13],"tags":[],"class_list":{"0":"entry","1":"post","2":"publish","3":"author-slado89gmail-com","4":"has-more-link","5":"post-9584","7":"format-standard","8":"has-post-thumbnail","9":"category-oznamy"},"_links":{"self":[{"href":"https:\/\/www.farakostolna.sk\/index.php?rest_route=\/wp\/v2\/posts\/9584","targetHints":{"allow":["GET"]}}],"collection":[{"href":"https:\/\/www.farakostolna.sk\/index.php?rest_route=\/wp\/v2\/posts"}],"about":[{"href":"https:\/\/www.farakostolna.sk\/index.php?rest_route=\/wp\/v2\/types\/post"}],"author":[{"embeddable":true,"href":"https:\/\/www.farakostolna.sk\/index.php?rest_route=\/wp\/v2\/users\/7"}],"replies":[{"embeddable":true,"href":"https:\/\/www.farakostolna.sk\/index.php?rest_route=%2Fwp%2Fv2%2Fcomments&post=9584"}],"version-history":[{"count":4,"href":"https:\/\/www.farakostolna.sk\/index.php?rest_route=\/wp\/v2\/posts\/9584\/revisions"}],"predecessor-version":[{"id":9589,"href":"https:\/\/www.farakostolna.sk\/index.php?rest_route=\/wp\/v2\/posts\/9584\/revisions\/9589"}],"wp:featuredmedia":[{"embeddable":true,"href":"https:\/\/www.farakostolna.sk\/index.php?rest_route=\/wp\/v2\/media\/9585"}],"wp:attachment":[{"href":"https:\/\/www.farakostolna.sk\/index.php?rest_route=%2Fwp%2Fv2%2Fmedia&parent=9584"}],"wp:term":[{"taxonomy":"category","embeddable":true,"href":"https:\/\/www.farakostolna.sk\/index.php?rest_route=%2Fwp%2Fv2%2Fcategories&post=9584"},{"taxonomy":"post_tag","embeddable":true,"href":"https:\/\/www.farakostolna.sk\/index.php?rest_route=%2Fwp%2Fv2%2Ftags&post=9584"}],"curies":[{"name":"wp","href":"https:\/\/api.w.org\/{rel}","templated":true}]}}