{"id":9461,"date":"2025-01-31T22:20:05","date_gmt":"2025-01-31T21:20:05","guid":{"rendered":"https:\/\/www.farakostolna.sk\/?p=9461"},"modified":"2025-02-01T13:18:27","modified_gmt":"2025-02-01T12:18:27","slug":"farske-oznamy-a-zamyslenie-02-02-2025","status":"publish","type":"post","link":"https:\/\/www.farakostolna.sk\/?p=9461","title":{"rendered":"Farsk\u00e9 oznamy a zamyslenie (02.02.2025)"},"content":{"rendered":"<div class=\"wp-block-image\">\n<figure class=\"aligncenter size-full\"><img loading=\"lazy\" decoding=\"async\" width=\"640\" height=\"400\" src=\"https:\/\/www.farakostolna.sk\/wp-content\/uploads\/2025\/01\/WhatsApp-Image-2025-01-31-at-22.11.23_c9ef1c69.jpg\" alt=\"\" class=\"wp-image-9462\" srcset=\"https:\/\/www.farakostolna.sk\/wp-content\/uploads\/2025\/01\/WhatsApp-Image-2025-01-31-at-22.11.23_c9ef1c69.jpg 640w, https:\/\/www.farakostolna.sk\/wp-content\/uploads\/2025\/01\/WhatsApp-Image-2025-01-31-at-22.11.23_c9ef1c69-300x188.jpg 300w\" sizes=\"auto, (max-width: 640px) 100vw, 640px\" \/><\/figure>\n<\/div>\n\n\n<p><\/p>\n\n\n\n<p>Pri Je\u017ei\u0161ovom po\u010dat\u00ed, obetovan\u00ed, \u010di krste bol Duch Sv\u00e4t\u00fd. On nebol sprievodcom iba v minulosti, ale je t\u00fdm Te\u0161ite\u013eom, ktor\u00e9ho n\u00e1m tu Je\u017ei\u0161 zanechal. Po\u010d\u00favam Jeho Radcu alebo sa rad\u0161ej prikl\u00e1\u0148ame ku klamstv\u00e1m zradcu?<\/p>\n\n\n\n<!--more-->\n\n\n\n<p><strong>Sv\u00e4t\u00e9 om\u0161e u n\u00e1s:<\/strong><\/p>\n\n\n\n<p><strong>sobota \u2013 1. febru\u00e1ra (s nede\u013enou platnos\u0165ou)<\/strong><\/p>\n\n\n\n<ul class=\"wp-block-list\">\n<li><strong>17:00 \u2013 Hrub\u00e1 Bor\u0161a (slov.\/ma\u010f.)<\/strong><\/li>\n\n\n\n<li><strong>18:00 \u2013 Kostoln\u00e1 (slov.)<\/strong><\/li>\n<\/ul>\n\n\n\n<p><strong>nede\u013ea \u2013 2. febru\u00e1ra<\/strong><\/p>\n\n\n\n<ul class=\"wp-block-list\">\n<li><strong>8:00 \u2013 Hrub\u00fd \u0160\u00far (ma\u010f.)<\/strong><\/li>\n\n\n\n<li><strong>9:30 \u2013 Kostoln\u00e1 (ma\u010f.)<\/strong><\/li>\n\n\n\n<li><strong>11:00 \u2013 Kostoln\u00e1 (slov.)<\/strong><\/li>\n<\/ul>\n\n\n\n<p>Teraz (v sobotu ve\u010der a v nede\u013eu) na sviatok obetovania P\u00e1na (Hromnice) si m\u00f4\u017eete prinies\u0165 sviece na po\u017eehnanie.<\/p>\n\n\n\n<p>V t\u00fato nede\u013eu je o 11:00 rodinn\u00e1 sv\u00e4t\u00e1 om\u0161a, na ktor\u00fa poz\u00fdvame v\u0161etky deti spolu s rodi\u010dmi.<\/p>\n\n\n\n<p>Tento t\u00fd\u017ede\u0148 budem spoveda\u0165 v Kostolnej v stredu, \u0161tvrtok a piatok v\u017edy od 16:00 do 17:00. V tom \u010dase bude v kostole ador\u00e1cia.<\/p>\n\n\n\n<p>Tak ako sme u\u017e cez Farsk\u00e9 noviny avizovali, na\u0161a farnos\u0165 m\u00e1 vlastn\u00e9 ob\u010dianske zdru\u017eenie s n\u00e1zvom \u017div\u00fd dom. Preto sa \u00factivo uch\u00e1dzame o 2 % z va\u0161ich dan\u00ed v prospech OZ \u017div\u00fd dom, z ktor\u00e9ho potom m\u00f4\u017eeme \u010derpa\u0165 prostriedky na opravu farsk\u00e9ho kostola a aktivity vo farnosti. Tla\u010div\u00e1 s\u00fa k dispoz\u00edcii na farskej str\u00e1nke <a href=\"https:\/\/www.farakostolna.sk\/?page_id=1541\"><strong>na stiahnutie<\/strong><\/a>. Dodato\u010dn\u00e9 dokladovanie u\u017e potom nie je potrebn\u00e9. Vopred ve\u013emi pekne \u010fakujem.<\/p>\n\n\n\n<p>Sv\u00e4t\u00e9 om\u0161e v nasleduj\u00faci t\u00fd\u017ede\u0148 u n\u00e1s v Kostolnej:<\/p>\n\n\n\n<ul class=\"wp-block-list\">\n<li>pondelok \u2013 8:30 (slov.\/ma\u010f.)<\/li>\n\n\n\n<li>utorok \u2013 17:00 (slov.\/ma\u010f.)<\/li>\n\n\n\n<li>streda \u2013 17:00 (ma\u010f.) a 18:00 (slov.-dets.)<\/li>\n\n\n\n<li>\u0161tvrtok \u2013 17:00 (ma\u010f.) a 18:00 (slov.)<\/li>\n\n\n\n<li>piatok \u2013 17:00 (ma\u010f.) a 18:00 (slov.)<\/li>\n<\/ul>\n\n\n\n<p>V piatok bude o 19:00 sv\u00e4t\u00e1 om\u0161a aj v Hrubom \u0160\u00fare v ma\u010farskom jazyku so zrete\u013eom na deti a ml\u00e1de\u017e.<\/p>\n\n\n\n<p>S \u00factou, <br>Pavol Gajdo\u0161,&nbsp;v\u00e1\u0161&nbsp;far\u00e1r<\/p>\n","protected":false},"excerpt":{"rendered":"<p>Pri Je\u017ei\u0161ovom po\u010dat\u00ed, obetovan\u00ed, \u010di krste bol Duch Sv\u00e4t\u00fd. On nebol sprievodcom iba v minulosti, ale je t\u00fdm Te\u0161ite\u013eom, ktor\u00e9ho n\u00e1m tu Je\u017ei\u0161 zanechal. Po\u010d\u00favam Jeho Radcu alebo sa rad\u0161ej prikl\u00e1\u0148ame ku klamstv\u00e1m zradcu?<\/p>\n","protected":false},"author":7,"featured_media":9462,"comment_status":"closed","ping_status":"closed","sticky":false,"template":"","format":"standard","meta":{"footnotes":""},"categories":[13],"tags":[],"class_list":{"0":"entry","1":"post","2":"publish","3":"author-slado89gmail-com","4":"has-more-link","5":"post-9461","7":"format-standard","8":"has-post-thumbnail","9":"category-oznamy"},"_links":{"self":[{"href":"https:\/\/www.farakostolna.sk\/index.php?rest_route=\/wp\/v2\/posts\/9461","targetHints":{"allow":["GET"]}}],"collection":[{"href":"https:\/\/www.farakostolna.sk\/index.php?rest_route=\/wp\/v2\/posts"}],"about":[{"href":"https:\/\/www.farakostolna.sk\/index.php?rest_route=\/wp\/v2\/types\/post"}],"author":[{"embeddable":true,"href":"https:\/\/www.farakostolna.sk\/index.php?rest_route=\/wp\/v2\/users\/7"}],"replies":[{"embeddable":true,"href":"https:\/\/www.farakostolna.sk\/index.php?rest_route=%2Fwp%2Fv2%2Fcomments&post=9461"}],"version-history":[{"count":3,"href":"https:\/\/www.farakostolna.sk\/index.php?rest_route=\/wp\/v2\/posts\/9461\/revisions"}],"predecessor-version":[{"id":9465,"href":"https:\/\/www.farakostolna.sk\/index.php?rest_route=\/wp\/v2\/posts\/9461\/revisions\/9465"}],"wp:featuredmedia":[{"embeddable":true,"href":"https:\/\/www.farakostolna.sk\/index.php?rest_route=\/wp\/v2\/media\/9462"}],"wp:attachment":[{"href":"https:\/\/www.farakostolna.sk\/index.php?rest_route=%2Fwp%2Fv2%2Fmedia&parent=9461"}],"wp:term":[{"taxonomy":"category","embeddable":true,"href":"https:\/\/www.farakostolna.sk\/index.php?rest_route=%2Fwp%2Fv2%2Fcategories&post=9461"},{"taxonomy":"post_tag","embeddable":true,"href":"https:\/\/www.farakostolna.sk\/index.php?rest_route=%2Fwp%2Fv2%2Ftags&post=9461"}],"curies":[{"name":"wp","href":"https:\/\/api.w.org\/{rel}","templated":true}]}}