{"id":9329,"date":"2025-01-10T23:01:34","date_gmt":"2025-01-10T22:01:34","guid":{"rendered":"https:\/\/www.farakostolna.sk\/?p=9329"},"modified":"2025-01-11T15:49:03","modified_gmt":"2025-01-11T14:49:03","slug":"farske-oznamy-a-zamyslenie-13-01-2025","status":"publish","type":"post","link":"https:\/\/www.farakostolna.sk\/?p=9329","title":{"rendered":"Farsk\u00e9 oznamy a zamyslenie (12.01.2025)"},"content":{"rendered":"<div class=\"wp-block-image\">\n<figure class=\"aligncenter size-large\"><img decoding=\"async\" src=\"https:\/\/www.farakostolna.sk\/wp-content\/uploads\/2025\/01\/WhatsApp-Image-2025-01-10-at-22.47.49_224e8627.jpg\" alt=\"\"\/><\/figure>\n<\/div>\n\n\n<p><\/p>\n\n\n\n<p>Ako sa otv\u00e1ra nebo a zvol\u00e1va Duch Sv\u00e4t\u00fd? Podobne, ako to urobil Je\u017ei\u0161 pri svojom krste &#8211; modlitbou. Sk\u00fa\u0161ali ste to niekedy? Tak na \u010do \u010dak\u00e1te?<\/p>\n\n\n\n<!--more-->\n\n\n\n<p><strong>Sv\u00e4t\u00e9 om\u0161e u n\u00e1s:<\/strong><\/p>\n\n\n\n<p><strong>sobota \u2013 11. janu\u00e1ra (s nede\u013enou platnos\u0165ou)<\/strong><\/p>\n\n\n\n<ul class=\"wp-block-list\">\n<li><strong>17:00 \u2013 Hrub\u00e1 Bor\u0161a (slov.\/ma\u010f.)<\/strong><\/li>\n\n\n\n<li><strong>18:00 \u2013 Kostoln\u00e1 (slov.)<\/strong><\/li>\n<\/ul>\n\n\n\n<p><strong>nede\u013ea \u2013 12. janu\u00e1ra<\/strong><\/p>\n\n\n\n<ul class=\"wp-block-list\">\n<li><strong>8:00 \u2013 Hrub\u00fd \u0160\u00far (ma\u010f.)<\/strong><\/li>\n\n\n\n<li><strong>9:30 \u2013 Kostoln\u00e1 (ma\u010f.)<\/strong><\/li>\n\n\n\n<li><strong>11:00 \u2013 Kostoln\u00e1 (slov.)<\/strong><\/li>\n<\/ul>\n\n\n\n<p><strong>Od 13. do 25. janu\u00e1ra budem spolu s \u010fal\u0161\u00edmi na kr\u00e1tkej misijnej ceste v Tanz\u00e1nii.<\/strong><\/p>\n\n\n\n<p>V pr\u00edpade potreby (zaopatrovanie chor\u00fdch, pohreb) volajte, pros\u00edm, vdp. Gabriela Klenku (0911 811 328) alebo farsk\u00fd \u00farad v Senci (02 459 233 77).<\/p>\n\n\n\n<p><strong>Bud\u00faci v\u00edkend (18.-19.1.) v sobotu ve\u010der a v nede\u013eu doobeda bud\u00fa sv\u00e4t\u00e9 om\u0161e ako obvykle. 19. janu\u00e1ra (v nede\u013eu) ma na sv\u00e4t\u00fdch om\u0161iach bude zastupova\u0165 o. Dinh Duy Thien, SVD, reho\u013en\u00fd k\u0148az z Vietnamu.<\/strong><\/p>\n\n\n\n<p>O t\u00fd\u017ede\u0148 bude pravideln\u00e1 mesa\u010dn\u00e1 zbierka na kostol a prev\u00e1dzkov\u00e9 n\u00e1klady farnosti. Vopred \u010fakujem.<\/p>\n\n\n\n<p><strong>Obecn\u00fd \u00farad Kostoln\u00e1 pri Dunaji poz\u00fdva farn\u00edkov na novoro\u010dn\u00e9 stretnutie, ktor\u00e9 sa uskuto\u010dn\u00ed v piatok 17.01.2025 o 14.30 vo farskom kostole. S\u00fa\u010das\u0165ou stretnutia bude koncert, predstavenie novej knihy a ob\u010derstvenie pod alt\u00e1nkom. Te\u0161\u00ed sa na v\u00e1s starosta obce a poslanci obecn\u00e9ho zastupite\u013estva.<\/strong><\/p>\n\n\n\n<p>Mil\u00ed veriaci, s rados\u0165ou v\u00e1s informujeme, \u017ee na\u0161a misijn\u00e1 skupina, ktor\u00e1 pozost\u00e1va z 36 os\u00f4b, vr\u00e1tane 5 k\u0148azov, sa v pondelok 13. janu\u00e1ra 2025 vyd\u00e1va na cestu do Tanz\u00e1nie, aby priniesla materi\u00e1lnu a finan\u010dn\u00fa pomoc t\u00fdm, ktor\u00ed ju najviac potrebuj\u00fa. V r\u00e1mci tejto misie odovzd\u00e1me vy\u0161e 2000 pera\u010dn\u00edkov pre chudobn\u00fdch \u017eiakov z piatich \u0161k\u00f4l, ktor\u00e9 navy\u0161e dostan\u00fa v\u00fdpo\u010dtov\u00fa techniku a u\u010debn\u00e9 pom\u00f4cky, pribli\u017ene 500 kg zdravotn\u00edckeho materi\u00e1lu a liekov pre dve nemocnice, ktor\u00e9 sa staraj\u00fa o chudobn\u00fdch. V\u010faka \u0161tedr\u00e9mu darcovi vezmeme aj pr\u00edstroj EKG, ktor\u00fd bude pre tieto nemocnice obrovskou pomocou. Taktie\u017e prin\u00e1\u0161ame materi\u00e1lnu a finan\u010dn\u00fa pomoc Domu n\u00e1deje, kde argent\u00ednsky mision\u00e1r pom\u00e1ha chlapcom z ulice a sna\u017e\u00ed sa o ich prev\u00fdchovu a n\u00e1vrat do plnohodnotn\u00e9ho \u017eivota. S\u00fa\u010das\u0165ou na\u0161ej misie bude aj vysviacka novopostaven\u00e9ho kostola, ktor\u00fd vznikol v\u010faka slovensk\u00fdm dobrodincom, a otvorenie cirkevnej z\u00e1kladnej \u0161koly, ktor\u00e1 poskytne vzdelanie de\u0165om z miestnej komunity. Chceme sa srde\u010dne po\u010fakova\u0165 v\u0161etk\u00fdm, ktor\u00ed sa zapojili do tejto misie \u2013 darcom, dobrodincom i t\u00fdm, ktor\u00ed na n\u00e1s myslia vo svojich modlitb\u00e1ch. Pod strom\u010dekom v Kostolnej sa do oran\u017eovej \u201cautopokladni\u010dky\u201d na lieky vyzbieralo 962 \u20ac a priamo cezo m\u0148a (k dne\u0161n\u00e9mu d\u0148u) posielate 15-ti 1850 \u20ac, ktor\u00e9 bud\u00fa tie\u017e pou\u017eit\u00e9 na podporu vybran\u00fdch projektov. Va\u0161a \u0161tedros\u0165 a podpora s\u00fa d\u00f4kazom toho, \u017ee spolo\u010dne dok\u00e1\u017eeme prinies\u0165 svetlo a n\u00e1dej tam, kde je to najviac potrebn\u00e9. Pros\u00edme v\u00e1s o \u010fal\u0161ie modlitby za \u00faspe\u0161n\u00fd priebeh misijnej cesty a za v\u0161etk\u00fdch, ktor\u00fdm bude t\u00e1to pomoc venovan\u00e1. P\u00e1n Boh zapla\u0165 za va\u0161u dobrotu a ochotu pom\u00e1ha\u0165!<\/p>\n\n\n\n<p>S \u00factou, <br>Pavol Gajdo\u0161, v\u00e1\u0161 far\u00e1r<\/p>\n\n\n\n<p><em>\u010eal\u0161ie aktu\u00e1lne oznamy:<\/em><\/p>\n\n\n\n<ul class=\"wp-block-list\">\n<li>Bor\u0161ania organizuj\u00fa fa\u0161iangov\u00fd ples, ktor\u00fd sa uskuto\u010dn\u00ed 15.2.2025 v s\u00e1le elektrovodu v Senci. Viac inform\u00e1ci\u00ed n\u00e1jdete&nbsp;na&nbsp;n\u00e1stenke.<\/li>\n<\/ul>\n","protected":false},"excerpt":{"rendered":"<p>Ako sa otv\u00e1ra nebo a zvol\u00e1va Duch Sv\u00e4t\u00fd? Podobne, ako to urobil Je\u017ei\u0161 pri svojom krste &#8211; modlitbou. Sk\u00fa\u0161ali ste to niekedy? Tak na \u010do \u010dak\u00e1te?<\/p>\n","protected":false},"author":7,"featured_media":9330,"comment_status":"closed","ping_status":"closed","sticky":false,"template":"","format":"standard","meta":{"footnotes":""},"categories":[13],"tags":[],"class_list":{"0":"entry","1":"post","2":"publish","3":"author-slado89gmail-com","4":"has-more-link","5":"post-9329","7":"format-standard","8":"has-post-thumbnail","9":"category-oznamy"},"_links":{"self":[{"href":"https:\/\/www.farakostolna.sk\/index.php?rest_route=\/wp\/v2\/posts\/9329","targetHints":{"allow":["GET"]}}],"collection":[{"href":"https:\/\/www.farakostolna.sk\/index.php?rest_route=\/wp\/v2\/posts"}],"about":[{"href":"https:\/\/www.farakostolna.sk\/index.php?rest_route=\/wp\/v2\/types\/post"}],"author":[{"embeddable":true,"href":"https:\/\/www.farakostolna.sk\/index.php?rest_route=\/wp\/v2\/users\/7"}],"replies":[{"embeddable":true,"href":"https:\/\/www.farakostolna.sk\/index.php?rest_route=%2Fwp%2Fv2%2Fcomments&post=9329"}],"version-history":[{"count":4,"href":"https:\/\/www.farakostolna.sk\/index.php?rest_route=\/wp\/v2\/posts\/9329\/revisions"}],"predecessor-version":[{"id":9336,"href":"https:\/\/www.farakostolna.sk\/index.php?rest_route=\/wp\/v2\/posts\/9329\/revisions\/9336"}],"wp:featuredmedia":[{"embeddable":true,"href":"https:\/\/www.farakostolna.sk\/index.php?rest_route=\/wp\/v2\/media\/9330"}],"wp:attachment":[{"href":"https:\/\/www.farakostolna.sk\/index.php?rest_route=%2Fwp%2Fv2%2Fmedia&parent=9329"}],"wp:term":[{"taxonomy":"category","embeddable":true,"href":"https:\/\/www.farakostolna.sk\/index.php?rest_route=%2Fwp%2Fv2%2Fcategories&post=9329"},{"taxonomy":"post_tag","embeddable":true,"href":"https:\/\/www.farakostolna.sk\/index.php?rest_route=%2Fwp%2Fv2%2Ftags&post=9329"}],"curies":[{"name":"wp","href":"https:\/\/api.w.org\/{rel}","templated":true}]}}