{"id":9317,"date":"2025-01-04T06:41:05","date_gmt":"2025-01-04T05:41:05","guid":{"rendered":"https:\/\/www.farakostolna.sk\/?p=9317"},"modified":"2025-01-04T14:13:53","modified_gmt":"2025-01-04T13:13:53","slug":"farske-oznamy-a-zamyslenie-05-01-2025","status":"publish","type":"post","link":"https:\/\/www.farakostolna.sk\/?p=9317","title":{"rendered":"Farsk\u00e9 oznamy a zamyslenie (05.01.2025)"},"content":{"rendered":"<div class=\"wp-block-image\">\n<figure class=\"aligncenter size-large\"><img decoding=\"async\" src=\"https:\/\/www.farakostolna.sk\/wp-content\/uploads\/2025\/01\/WhatsApp-Image-2025-01-03-at-23.49.51_b0038050.jpg\" alt=\"\"\/><\/figure>\n<\/div>\n\n\n<p><\/p>\n\n\n\n<p>Sv\u00e4t\u00fd Ambr\u00f3z hovor\u00ed, \u017ee nie \u010dlovek n\u00e1jde pravdu, ale Pravda si n\u00e1jde \u010dloveka. Tak to bolo aj v \u017eivote mnoh\u00fdch obr\u00e1ten\u00fdch, nielen pohanov. Ako je to s nami? Dovol\u00edme, aby sa M\u00fadros\u0165 a Pravda dotkli n\u00e1\u0161ho srdca?<\/p>\n\n\n\n<!--more-->\n\n\n\n<p><strong>Sv\u00e4t\u00e9 om\u0161e u n\u00e1s:<\/strong><\/p>\n\n\n\n<p><strong>sobota \u2013 4. janu\u00e1ra (s nede\u013enou platnos\u0165ou)<\/strong><\/p>\n\n\n\n<ul class=\"wp-block-list\">\n<li><strong>17:00 \u2013 Hrub\u00e1 Bor\u0161a (slov.\/ma\u010f.)<\/strong><\/li>\n\n\n\n<li><strong>18:00 \u2013 Kostoln\u00e1 (slov.)<\/strong><\/li>\n<\/ul>\n\n\n\n<p><strong>nede\u013ea \u2013 5. janu\u00e1ra<\/strong><\/p>\n\n\n\n<ul class=\"wp-block-list\">\n<li><strong>8:00 \u2013 Hrub\u00fd \u0160\u00far (ma\u010f.)<\/strong><\/li>\n\n\n\n<li><strong>9:30 \u2013 Kostoln\u00e1 (ma\u010f.)<\/strong><\/li>\n\n\n\n<li><strong>11:00 \u2013 Kostoln\u00e1 (slov.)<\/strong><\/li>\n<\/ul>\n\n\n\n<p>V t\u00fato nede\u013eu je o 11:00 \u201crodinn\u00e1\u201d sv\u00e4t\u00e1 om\u0161a, na ktor\u00fa poz\u00fdvame v\u0161etk\u00fdch, osobitne deti spolu s rodi\u010dmi.<\/p>\n\n\n\n<p>Od sviatku Zjavenia P\u00e1na, \u013eudovo \u201cTroch kr\u00e1\u013eov\u201d, budem chodi\u0165 posviaca\u0165 domy. Z\u00e1ujemcovia sa hl\u00e1ste, pros\u00edm, u m\u0148a v sakristii.<\/p>\n\n\n\n<p>Spoveda\u0165 budem tento t\u00fd\u017ede\u0148 v Kostolnej vo \u0161tvrtok a piatok od 16:00 do 17:00. V tom \u010dase bude v kostole ador\u00e1cia.<\/p>\n\n\n\n<p>Deti z na\u0161ej farnosti si pre v\u00e1s pripravili jasli\u010dkov\u00fa pobo\u017enos\u0165. Predstavia ju v pondelok 6. janu\u00e1ra po sv\u00e4tej om\u0161i o 11:00.<\/p>\n\n\n\n<p><strong>Teraz v pondelok je Zjavenie P\u00e1na &#8211; cirkevne prik\u00e1zan\u00fd sviatok. Sv\u00e4t\u00e9 om\u0161e u n\u00e1s bud\u00fa:<\/strong><\/p>\n\n\n\n<p><strong>pondelok \u2013 6.1. Zjavenie P\u00e1na<\/strong><\/p>\n\n\n\n<ul class=\"wp-block-list\">\n<li><strong>8:00 \u2013 Hrub\u00fd \u0160\u00far (ma\u010f.)<\/strong><\/li>\n\n\n\n<li><strong>9:30 \u2013 Kostoln\u00e1 (ma\u010f.)<\/strong><\/li>\n\n\n\n<li><strong>11:00 \u2013 Kostoln\u00e1 (slov.)<\/strong><\/li>\n\n\n\n<li><strong>17:00 \u2013 Hrub\u00e1 Bor\u0161a (slov.\/ma\u010f.)<\/strong><\/li>\n<\/ul>\n\n\n\n<p>Sv\u00e4t\u00e9 om\u0161e v \u010fal\u0161ie dni v Kostolnej:<\/p>\n\n\n\n<ul class=\"wp-block-list\">\n<li>utorok \u2013 8:30 (slov.\/ma\u010f.)<\/li>\n\n\n\n<li>streda \u2013 17:00 (ma\u010f), 18:00 (slov.)<\/li>\n\n\n\n<li>\u0161tvrtok \u2013 17:00 (ma\u010f), 18:00 (slov.)<\/li>\n\n\n\n<li>piatok \u2013 17:00 (ma\u010f), 18:00 (slov.)<\/li>\n<\/ul>\n\n\n\n<p>V Hrubom \u0160\u00fare bude sv\u00e4t\u00e1 om\u0161a v stredu o 13:00 a v piatok o 19:00 v ma\u010farskom jazyku.<\/p>\n\n\n\n<p>S \u00factou, <br>Pavol Gajdo\u0161,&nbsp;v\u00e1\u0161&nbsp;far\u00e1r<\/p>\n","protected":false},"excerpt":{"rendered":"<p>Sv\u00e4t\u00fd Ambr\u00f3z hovor\u00ed, \u017ee nie \u010dlovek n\u00e1jde pravdu, ale Pravda si n\u00e1jde \u010dloveka. Tak to bolo aj v \u017eivote mnoh\u00fdch obr\u00e1ten\u00fdch, nielen pohanov. Ako je to s nami? Dovol\u00edme, aby sa M\u00fadros\u0165 a Pravda dotkli n\u00e1\u0161ho srdca?<\/p>\n","protected":false},"author":7,"featured_media":9318,"comment_status":"closed","ping_status":"closed","sticky":false,"template":"","format":"standard","meta":{"footnotes":""},"categories":[13],"tags":[],"class_list":{"0":"entry","1":"post","2":"publish","3":"author-slado89gmail-com","4":"has-more-link","5":"post-9317","7":"format-standard","8":"has-post-thumbnail","9":"category-oznamy"},"_links":{"self":[{"href":"https:\/\/www.farakostolna.sk\/index.php?rest_route=\/wp\/v2\/posts\/9317","targetHints":{"allow":["GET"]}}],"collection":[{"href":"https:\/\/www.farakostolna.sk\/index.php?rest_route=\/wp\/v2\/posts"}],"about":[{"href":"https:\/\/www.farakostolna.sk\/index.php?rest_route=\/wp\/v2\/types\/post"}],"author":[{"embeddable":true,"href":"https:\/\/www.farakostolna.sk\/index.php?rest_route=\/wp\/v2\/users\/7"}],"replies":[{"embeddable":true,"href":"https:\/\/www.farakostolna.sk\/index.php?rest_route=%2Fwp%2Fv2%2Fcomments&post=9317"}],"version-history":[{"count":2,"href":"https:\/\/www.farakostolna.sk\/index.php?rest_route=\/wp\/v2\/posts\/9317\/revisions"}],"predecessor-version":[{"id":9320,"href":"https:\/\/www.farakostolna.sk\/index.php?rest_route=\/wp\/v2\/posts\/9317\/revisions\/9320"}],"wp:featuredmedia":[{"embeddable":true,"href":"https:\/\/www.farakostolna.sk\/index.php?rest_route=\/wp\/v2\/media\/9318"}],"wp:attachment":[{"href":"https:\/\/www.farakostolna.sk\/index.php?rest_route=%2Fwp%2Fv2%2Fmedia&parent=9317"}],"wp:term":[{"taxonomy":"category","embeddable":true,"href":"https:\/\/www.farakostolna.sk\/index.php?rest_route=%2Fwp%2Fv2%2Fcategories&post=9317"},{"taxonomy":"post_tag","embeddable":true,"href":"https:\/\/www.farakostolna.sk\/index.php?rest_route=%2Fwp%2Fv2%2Ftags&post=9317"}],"curies":[{"name":"wp","href":"https:\/\/api.w.org\/{rel}","templated":true}]}}