{"id":9306,"date":"2024-12-28T08:32:54","date_gmt":"2024-12-28T07:32:54","guid":{"rendered":"https:\/\/www.farakostolna.sk\/?p=9306"},"modified":"2024-12-28T08:48:24","modified_gmt":"2024-12-28T07:48:24","slug":"farske-oznamy-a-zamyslenie-29-12-2024","status":"publish","type":"post","link":"https:\/\/www.farakostolna.sk\/?p=9306","title":{"rendered":"Farsk\u00e9 oznamy a zamyslenie (29.12.2024)"},"content":{"rendered":"<div class=\"wp-block-image\">\n<figure class=\"aligncenter size-large is-resized\"><img decoding=\"async\" src=\"https:\/\/www.farakostolna.sk\/wp-content\/uploads\/2024\/12\/WhatsApp-Image-2024-12-28-at-07.30.54_4ab7beeb.jpg\" alt=\"\" style=\"width:812px;height:auto\"\/><\/figure>\n<\/div>\n\n\n<p><\/p>\n\n\n\n<p>Rodina je jedine\u010dn\u00e9 miesto, kde sa u\u010d\u00edme v\u0161etk\u00fdm \u010dnostiam, ktor\u00e9 n\u00e1s ved\u00fa nielen k \u013eu\u010fom, ale aj k Bohu. Ak by n\u00e1m niekto chcel naru\u0161i\u0165 tieto vz\u0165ahy, tak bude \u00fato\u010di\u0165 pr\u00e1ve na rodinu. Chr\u00e1nime si ju alebo sa tv\u00e1rime, \u017ee n\u00e1s sa to net\u00fdka?<\/p>\n\n\n\n<!--more-->\n\n\n\n<p><strong>Sv\u00e4t\u00e9 om\u0161e u n\u00e1s:<\/strong><\/p>\n\n\n\n<p><strong>sobota \u2013 28. decembra (s nede\u013enou platnos\u0165ou)<\/strong><\/p>\n\n\n\n<ul class=\"wp-block-list\">\n<li><strong>17:00 \u2013 Hrub\u00e1 Bor\u0161a (slov.\/ma\u010f.)<\/strong><\/li>\n\n\n\n<li><strong>18:00 \u2013 Kostoln\u00e1 (slov.)<\/strong><\/li>\n<\/ul>\n\n\n\n<p><strong>nede\u013ea \u2013 29. decembra<\/strong><\/p>\n\n\n\n<ul class=\"wp-block-list\">\n<li><strong>8:00 \u2013 Hrub\u00fd \u0160\u00far (ma\u010f.)<\/strong><\/li>\n\n\n\n<li><strong>9:30 \u2013 Kostoln\u00e1 (ma\u010f.)<\/strong><\/li>\n\n\n\n<li><strong>11:00 \u2013 Kostoln\u00e1 (slov.)<\/strong><\/li>\n<\/ul>\n\n\n\n<p>Spoveda\u0165 budem tento t\u00fd\u017ede\u0148 v Kostolnej v stredu a v piatok od 16:00 do 17:00. V tom \u010dase bude v kostole ador\u00e1cia.<\/p>\n\n\n\n<p>Na Silvestra v noci bude farsk\u00fd kostol otvoren\u00fd od 23:15. Pr\u00ed\u010fte posledn\u00e9 min\u00faty star\u00e9ho roka pre\u017ei\u0165 v modlitb\u00e1ch chv\u00e1l a nov\u00fd ob\u010diansky rok priv\u00edtame s po\u017eehnan\u00edm so Sviatos\u0165ou. Pred kostolom si n\u00e1sledne pripijeme so \u0161ampansk\u00fdm a zavin\u0161ujeme.<\/p>\n\n\n\n<p><strong>Do 6. janu\u00e1ra trv\u00e1 zbierka na lieky. <\/strong>Pokladni\u010dka &#8211; lek\u00e1rni\u010dka je umiestnen\u00e1 v Kostolnej na bo\u010dnom olt\u00e1ri. \u010eakujem, \u017ee n\u00e1m pom\u00e1hate robi\u0165 svet lep\u0161\u00edm miestom!<\/p>\n\n\n\n<p><strong>Sv\u00e4t\u00e9 om\u0161e u n\u00e1s v nasleduj\u00faci t\u00fd\u017ede\u0148:<\/strong><\/p>\n\n\n\n<ul class=\"wp-block-list\">\n<li>pondelok \u2013 30. decembra &#8211; sv. om\u0161a nebude<\/li>\n<\/ul>\n\n\n\n<ul class=\"wp-block-list\">\n<li><strong>utorok \u2013 31. decembra<\/strong>\n<ul class=\"wp-block-list\">\n<li><strong>15:30 \u2013 Hrub\u00fd \u0160\u00far (ma\u010f.)<\/strong><\/li>\n\n\n\n<li><strong>17:00 \u2013 Hrub\u00e1 Bor\u0161a (slov.\/ma\u010f.)<\/strong><\/li>\n\n\n\n<li><strong>18:00 \u2013 Kostoln\u00e1 (slov.\/ma\u010f.)<\/strong><\/li>\n<\/ul>\n<\/li>\n<\/ul>\n\n\n\n<ul class=\"wp-block-list\">\n<li><strong>streda \u2013 1. janu\u00e1ra 2025<\/strong>\n<ul class=\"wp-block-list\">\n<li><strong>8:00 \u2013 Hrub\u00fd \u0160\u00far (ma\u010f.)<\/strong><\/li>\n\n\n\n<li><strong>9:30 \u2013 Kostoln\u00e1 (ma\u010f.)<\/strong><\/li>\n\n\n\n<li><strong>11:00 \u2013 Kostoln\u00e1 (<strong>slov<\/strong>.)<\/strong><\/li>\n<\/ul>\n<\/li>\n<\/ul>\n\n\n\n<ul class=\"wp-block-list\">\n<li>\u0161tvrtok \u2013 2. janu\u00e1ra 2025 &#8211; sv. om\u0161a nebude<\/li>\n<\/ul>\n\n\n\n<ul class=\"wp-block-list\">\n<li><strong>piatok \u2013 3. janu\u00e1ra 2025<\/strong>\n<ul class=\"wp-block-list\">\n<li><strong>17:00 \u2013 Kostoln\u00e1 (ma\u010f.)<\/strong><\/li>\n\n\n\n<li><strong>18:00 \u2013 Kostoln\u00e1 (slov.)<\/strong><\/li>\n\n\n\n<li><strong>19:00 \u2013 Hrub\u00fd \u0160\u00far (ma\u010f.)<\/strong><\/li>\n<\/ul>\n<\/li>\n<\/ul>\n\n\n\n<p>S \u00factou, <br>Pavol Gajdo\u0161, v\u00e1\u0161 far\u00e1r<\/p>\n\n\n\n<p><em>\u010eal\u0161\u00ed oznam z arcidiec\u00e9zy:<\/em><\/p>\n\n\n\n<ul class=\"wp-block-list\">\n<li>Mlad\u00ed z Komunity CENACOLO poz\u00fdvaj\u00fa aj tento rok na podujatie <strong>&#8220;\u017div\u00e9 jasli\u010dky&#8221;<\/strong> v komunitnom dome <strong>na V\u010del\u00e1rskej Paseke, v bl\u00edzkosti obce Kr\u00e1\u013eov\u00e1 pri Senci<\/strong>. Uskuto\u010dn\u00ed sa e\u0161te <strong>4.1. o 17.00 hod<\/strong>. Pr\u00ed\u010fte si spolo\u010dne pripomen\u00fa\u0165 narodenie mal\u00e9ho Je\u017ei\u0161ka, te\u0161\u00edme sa na V\u00e1s. K oznamu je k dispoz\u00edcii aj <a href=\"https:\/\/remote.abuba.sk:8444\/filr\/public-link\/file-download\/8ae482af923abff00193bb8c1b3575d8\/3806\/5776452025933778829\/Plagat-Jaslicky-24-WEB.jpg\" target=\"_blank\" rel=\"noopener\" title=\"\">plag\u00e1t<\/a>.<\/li>\n<\/ul>\n\n\n\n<p><\/p>\n","protected":false},"excerpt":{"rendered":"<p>Rodina je jedine\u010dn\u00e9 miesto, kde sa u\u010d\u00edme v\u0161etk\u00fdm \u010dnostiam, ktor\u00e9 n\u00e1s ved\u00fa nielen k \u013eu\u010fom, ale aj k Bohu. Ak by n\u00e1m niekto chcel naru\u0161i\u0165 tieto vz\u0165ahy, tak bude \u00fato\u010di\u0165 pr\u00e1ve na rodinu. Chr\u00e1nime si ju alebo sa tv\u00e1rime, \u017ee n\u00e1s sa to net\u00fdka?<\/p>\n","protected":false},"author":7,"featured_media":9307,"comment_status":"closed","ping_status":"closed","sticky":false,"template":"","format":"standard","meta":{"footnotes":""},"categories":[13],"tags":[],"class_list":{"0":"entry","1":"post","2":"publish","3":"author-slado89gmail-com","4":"has-more-link","5":"post-9306","7":"format-standard","8":"has-post-thumbnail","9":"category-oznamy"},"_links":{"self":[{"href":"https:\/\/www.farakostolna.sk\/index.php?rest_route=\/wp\/v2\/posts\/9306","targetHints":{"allow":["GET"]}}],"collection":[{"href":"https:\/\/www.farakostolna.sk\/index.php?rest_route=\/wp\/v2\/posts"}],"about":[{"href":"https:\/\/www.farakostolna.sk\/index.php?rest_route=\/wp\/v2\/types\/post"}],"author":[{"embeddable":true,"href":"https:\/\/www.farakostolna.sk\/index.php?rest_route=\/wp\/v2\/users\/7"}],"replies":[{"embeddable":true,"href":"https:\/\/www.farakostolna.sk\/index.php?rest_route=%2Fwp%2Fv2%2Fcomments&post=9306"}],"version-history":[{"count":3,"href":"https:\/\/www.farakostolna.sk\/index.php?rest_route=\/wp\/v2\/posts\/9306\/revisions"}],"predecessor-version":[{"id":9311,"href":"https:\/\/www.farakostolna.sk\/index.php?rest_route=\/wp\/v2\/posts\/9306\/revisions\/9311"}],"wp:featuredmedia":[{"embeddable":true,"href":"https:\/\/www.farakostolna.sk\/index.php?rest_route=\/wp\/v2\/media\/9307"}],"wp:attachment":[{"href":"https:\/\/www.farakostolna.sk\/index.php?rest_route=%2Fwp%2Fv2%2Fmedia&parent=9306"}],"wp:term":[{"taxonomy":"category","embeddable":true,"href":"https:\/\/www.farakostolna.sk\/index.php?rest_route=%2Fwp%2Fv2%2Fcategories&post=9306"},{"taxonomy":"post_tag","embeddable":true,"href":"https:\/\/www.farakostolna.sk\/index.php?rest_route=%2Fwp%2Fv2%2Ftags&post=9306"}],"curies":[{"name":"wp","href":"https:\/\/api.w.org\/{rel}","templated":true}]}}