{"id":9292,"date":"2024-12-21T00:34:37","date_gmt":"2024-12-20T23:34:37","guid":{"rendered":"https:\/\/www.farakostolna.sk\/?p=9292"},"modified":"2024-12-21T11:16:28","modified_gmt":"2024-12-21T10:16:28","slug":"farske-oznamy-a-zamyslenie-22-12-2024","status":"publish","type":"post","link":"https:\/\/www.farakostolna.sk\/?p=9292","title":{"rendered":"Farsk\u00e9 oznamy a zamyslenie (22.12.2024)"},"content":{"rendered":"<div class=\"wp-block-image\">\n<figure class=\"aligncenter size-large is-resized\"><img decoding=\"async\" src=\"https:\/\/www.farakostolna.sk\/wp-content\/uploads\/2024\/12\/WhatsApp-Image-2024-12-21-at-11.00.39_7d0db605.jpg\" alt=\"\" style=\"width:720px;height:auto\"\/><\/figure>\n<\/div>\n\n\n<p><\/p>\n\n\n\n<p>Fiat \/ H\u013ea, slu\u017eobnica P\u00e1na a Non serviam \/ Nebudem sl\u00fa\u017ei\u0165. Tieto dva postoje sprev\u00e1dzaj\u00fa \u013eudstvo od vekov. Teraz v\u00ed\u0165az\u00ed M\u00e1riino &#8220;fiat&#8221; &#8211; okrem fyzickej pomoci prin\u00e1\u0161a Ducha Sv\u00e4t\u00e9ho. \u010co v\u00ed\u0165az\u00ed u n\u00e1s a \u010do prin\u00e1\u0161ame, ke\u010f sl\u00fa\u017eime in\u00fdm?<\/p>\n\n\n\n<!--more-->\n\n\n\n<p><strong>Sv\u00e4t\u00e9 om\u0161e u n\u00e1s:<\/strong><\/p>\n\n\n\n<p><strong>sobota \u2013 21. decembra (s nede\u013enou platnos\u0165ou)<\/strong><\/p>\n\n\n\n<ul class=\"wp-block-list\">\n<li><strong>17:00 \u2013 Hrub\u00e1 Bor\u0161a (slov.\/ma\u010f.)<\/strong><\/li>\n\n\n\n<li><strong>18:00 \u2013 Kostoln\u00e1 (slov.)<\/strong><\/li>\n<\/ul>\n\n\n\n<p><strong>nede\u013ea \u2013 22. decembra<\/strong><\/p>\n\n\n\n<ul class=\"wp-block-list\">\n<li><strong>8:00 \u2013 Hrub\u00fd \u0160\u00far (ma\u010f.)<\/strong><\/li>\n\n\n\n<li><strong>9:30 \u2013 Kostoln\u00e1 (ma\u010f.)<\/strong><\/li>\n\n\n\n<li><strong>11:00 \u2013 Kostoln\u00e1 (slov.)<\/strong><\/li>\n<\/ul>\n\n\n\n<p>Spoved\u00e1me e\u0161te v t\u00fato nede\u013eu vo Ve\u013ekom Bieli a v Novej Dedinke od 14:00 do 16:00. Vo farnosti budem spoveda\u0165 potom a\u017e v piatok od 17:30 do 18:00. \u010eakujem za porozumenie.<\/p>\n\n\n\n<p><strong>V utorok doobeda (24.12.) bud\u00fa na\u0161i skauti rozn\u00e1\u0161a\u0165 \u201cBetlehemsk\u00e9 svetlo\u201d.<\/strong><\/p>\n\n\n\n<p><strong>N\u00e1sledne ve\u010der \u201cpo polno\u010dnej\u201d (o 22:00) v\u0161etk\u00fdch u\u017e tradi\u010dne poz\u00fdvam na poh\u00e1rik viano\u010dn\u00e9ho pun\u010du a tepl\u00fd \u010daj.<\/strong><\/p>\n\n\n\n<p>Chor\u00fdch budem nav\u0161tevova\u0165 po domoch 25. decembra 2024 od 14:00 do 15:00 (v stredu na prv\u00fd sviatok viano\u010dn\u00fd), aby som im priniesol sv. prij\u00edmanie.<\/p>\n\n\n\n<p><strong>V stredu bude viano\u010dn\u00e1 ofera.<\/strong><\/p>\n\n\n\n<p>Minulot\u00fd\u017ed\u0148ov\u00e1 mesa\u010dn\u00e1 zbierka na kostol a prev\u00e1dzkov\u00e9 n\u00e1klady farnosti vyniesla v Kostolnej 760,50 \u20ac, v Hrubom \u0160\u00fare na prev\u00e1dzkov\u00e9 n\u00e1klady farnosti a potreby \u0161\u00farskej kaplnky 218,10 \u20ac a v Hrubej Bor\u0161i na splatenie rekon\u0161trukcie bor\u0161anskej kaplnky 192 \u20ac. \u00daprimne \u010fakujem za va\u0161u \u0161tedros\u0165.<\/p>\n\n\n\n<p>\u010eakujem za mno\u017estvo kufrov pln\u00fdch pomoci pre chudobn\u00fdch \u013eud\u00ed v Tanz\u00e1nii. Va\u0161a podpora je pre nich nesmierne cenn\u00e1 a d\u00e1va im n\u00e1dej na lep\u0161\u00ed \u017eivot. Z\u00e1rove\u0148 d\u00e1vam do pozornosti zbierku zdravotn\u00edckej pomoci. M\u00f4\u017eete prispie\u0165 vecami, liekmi alebo finan\u010dnou podporou, ktor\u00fa m\u00f4\u017eete vlo\u017ei\u0165 do pokladni\u010dky &#8211;  lek\u00e1rni\u010dky, ktor\u00e1 je umiestnen\u00e1 na bo\u010dnom olt\u00e1ri a\u017e do sviatku Zjavenia P\u00e1na. Va\u0161a pomoc m\u00e1 obrovsk\u00fd v\u00fdznam. \u010eakujem, \u017ee n\u00e1m pom\u00e1hate robi\u0165 svet lep\u0161\u00edm miestom!<\/p>\n\n\n\n<p>Pokra\u010dujeme vo viano\u010dnom dar\u010deku pre Je\u017ei\u0161ka a poz\u00fdvame v\u0161etk\u00fdch na\u010falej denne ku modlitbe srdcom, sv\u00e4tej om\u0161i, Sv\u00e4t\u00e9mu P\u00edsmu a prid\u00e1vame p\u00f4st &#8211; zrieknu\u0165 sa nie\u010doho z l\u00e1sky k Je\u017ei\u0161kovi. Vpredu v kostole je pripraven\u00e1 dar\u010dekov\u00e1 krabica pre Je\u017ei\u0161ka, kde m\u00f4\u017eeme Je\u017ei\u0161kovi hodi\u0165 papierik, ke\u010f sa pomodl\u00edme, sme na sv\u00e4tej om\u0161i, \u010d\u00edtame zo Sv\u00e4t\u00e9ho P\u00edsma a nie\u010doho sa zriekneme. Krabica sa na Vianoce potom d\u00e1 pod strom\u010dek ako dar Je\u017ei\u0161kovi.<\/p>\n\n\n\n<p>V uplynul\u00fdch d\u0148och ste si mohli n\u00e1js\u0165 vo svojich po\u0161tov\u00fdch schr\u00e1nkach na\u0161e najnov\u0161ie vydanie Farsk\u00fdch nov\u00edn. T\u00fdmto \u00faprimne \u010fakujem v\u0161etk\u00fdm za pomoc pri jeho tvorbe a roznosen\u00ed. Svoj dobrovo\u013en\u00fd pr\u00edspevok m\u00f4\u017eete kedyko\u013evek vlo\u017ei\u0165 do pokladni\u010dky na noviny. \u010eakujem.<\/p>\n\n\n\n<p><strong>Sv\u00e4t\u00e9 om\u0161e u n\u00e1s v nasleduj\u00faci t\u00fd\u017ede\u0148:<\/strong><\/p>\n\n\n\n<p><strong>pondelok \u2013 23. decembra<\/strong><\/p>\n\n\n\n<ul class=\"wp-block-list\">\n<li><strong>6:45 \u2013 Kostoln\u00e1 (slov.\/ma\u010f.) osobitne pre deti pri svie\u010dkach, po nej spolo\u010dn\u00e9 ra\u0148ajky v pastorku<\/strong><\/li>\n<\/ul>\n\n\n\n<p><strong>utorok \u2013 24. decembra<\/strong><\/p>\n\n\n\n<ul class=\"wp-block-list\">\n<li><strong>22:00 &#8211; Kostoln\u00e1 (slov.\/ma\u010f.\/lat.) &#8211; tzv. \u201cpolno\u010dn\u00e1\u201d<\/strong><\/li>\n<\/ul>\n\n\n\n<p><strong>streda \u2013 25. decembra<\/strong><\/p>\n\n\n\n<ul class=\"wp-block-list\">\n<li><strong>8:00 \u2013 Hrub\u00fd \u0160\u00far (ma\u010f.)<\/strong><\/li>\n\n\n\n<li><strong>9:30 \u2013 Kostoln\u00e1 (ma\u010f.)<\/strong><\/li>\n\n\n\n<li><strong>11:00 &#8211; Kostoln\u00e1 (slov.)<\/strong><\/li>\n\n\n\n<li><strong>17:00 &#8211; Hrub\u00e1 Bor\u0161a (slov.\/ma\u010f.)<\/strong><\/li>\n<\/ul>\n\n\n\n<p><strong>\u0161tvrtok \u2013 26. decembra<\/strong><\/p>\n\n\n\n<ul class=\"wp-block-list\">\n<li><strong>8:00 \u2013 Hrub\u00fd \u0160\u00far (ma\u010f.)<\/strong><\/li>\n\n\n\n<li><strong>9:30 \u2013 Kostoln\u00e1 (ma\u010f.)<\/strong><\/li>\n\n\n\n<li><strong>11:00 \u2013 Kostoln\u00e1 (slov.)<\/strong><\/li>\n<\/ul>\n\n\n\n<p><strong>piatok \u2013 27. decembra<\/strong><\/p>\n\n\n\n<ul class=\"wp-block-list\">\n<li><strong>18:00 \u2013 Kostoln\u00e1 (slov.\/ma\u010f.)<\/strong><\/li>\n\n\n\n<li><strong>19:00 \u2013 Hrub\u00fd \u0160\u00far (ma\u010f.)<\/strong><\/li>\n<\/ul>\n\n\n\n<p>Prajem v\u0161etk\u00fdm milostipln\u00e9 viano\u010dn\u00e9 sviatky a te\u0161\u00edm sa na spolo\u010dn\u00e9 stretnutia v Bo\u017eom chr\u00e1me.<\/p>\n\n\n\n<p>S \u00factou, <br>Pavol Gajdo\u0161, v\u00e1\u0161 far\u00e1r<\/p>\n\n\n\n<p><br><em>\u010eal\u0161ie oznamy z arcidiec\u00e9zy:<\/em><\/p>\n\n\n\n<ul class=\"wp-block-list\">\n<li>Sme pozvan\u00ed na <strong>sl\u00e1vnostn\u00e9 otvorenie Jubilejn\u00e9ho roku 2025 v Bratislavskej arcidiec\u00e9ze<\/strong>, ktor\u00e9 sa uskuto\u010dn\u00ed <strong>v nede\u013eu 29. decembra 2024<\/strong> v Bratislave. Za\u010diatok je napl\u00e1novan\u00fd <strong>o 10:00 h. vo franti\u0161k\u00e1nskom kostole Zvestovania P\u00e1na<\/strong>, odkia\u013e p\u00f4jde procesia s jubilejn\u00fdm kr\u00ed\u017eom do Katedr\u00e1ly sv. Martina, v ktorej pri tejto pr\u00edle\u017eitosti bude bratislavsk\u00fd arcibiskup Mons. Stanislav Zvolensk\u00fd o 10:30 hod. celebrova\u0165 sl\u00e1vnostn\u00fa sv\u00e4t\u00fa om\u0161u. V\u0161etci ste srde\u010dne pozvan\u00ed. K oznamu je k dispoz\u00edcii <a href=\"https:\/\/remote.abuba.sk:8444\/filr\/public-link\/file-download\/8ae482af923abff00193da06c7bb0c0a\/3814\/-7711845279295244869\/JubilejnyRok_VizualA3.pdf\" target=\"_blank\" rel=\"noopener\" title=\"\">plag\u00e1t<\/a>.<\/li>\n<\/ul>\n\n\n\n<ul class=\"wp-block-list\">\n<li>Mlad\u00ed z Komunity CENACOLO poz\u00fdvaj\u00fa aj tento rok na podujatie <strong>&#8220;\u017div\u00e9 jasli\u010dky&#8221;<\/strong> v komunitnom dome <strong>na V\u010del\u00e1rskej Paseke, v bl\u00edzkosti obce Kr\u00e1\u013eov\u00e1 pri Senci<\/strong>. Uskuto\u010dnia sa v nasledovn\u00fdch term\u00ednoch: <strong>27.12., 30.12. a 4.1. v\u017edy o 17.00 hod.<\/strong> Pr\u00ed\u010fte si spolo\u010dne pripomen\u00fa\u0165 narodenie mal\u00e9ho Je\u017ei\u0161ka, te\u0161\u00edme sa na V\u00e1s. K oznamu je k dispoz\u00edcii aj <a href=\"https:\/\/remote.abuba.sk:8444\/filr\/public-link\/file-download\/8ae482af923abff00193bb8c1b3575d8\/3806\/5776452025933778829\/Plagat-Jaslicky-24-WEB.jpg\" target=\"_blank\" rel=\"noopener\" title=\"\">plag\u00e1t<\/a>.<\/li>\n<\/ul>\n","protected":false},"excerpt":{"rendered":"<p>Fiat \/ H\u013ea, slu\u017eobnica P\u00e1na a Non serviam \/ Nebudem sl\u00fa\u017ei\u0165. Tieto dva postoje sprev\u00e1dzaj\u00fa \u013eudstvo od vekov. Teraz v\u00ed\u0165az\u00ed M\u00e1riino &#8220;fiat&#8221; &#8211; okrem fyzickej pomoci prin\u00e1\u0161a Ducha Sv\u00e4t\u00e9ho. \u010co v\u00ed\u0165az\u00ed u n\u00e1s a \u010do prin\u00e1\u0161ame, ke\u010f sl\u00fa\u017eime in\u00fdm?<\/p>\n","protected":false},"author":7,"featured_media":9297,"comment_status":"closed","ping_status":"closed","sticky":false,"template":"","format":"standard","meta":{"footnotes":""},"categories":[13],"tags":[],"class_list":{"0":"entry","1":"post","2":"publish","3":"author-slado89gmail-com","4":"has-more-link","5":"post-9292","7":"format-standard","8":"has-post-thumbnail","9":"category-oznamy"},"_links":{"self":[{"href":"https:\/\/www.farakostolna.sk\/index.php?rest_route=\/wp\/v2\/posts\/9292","targetHints":{"allow":["GET"]}}],"collection":[{"href":"https:\/\/www.farakostolna.sk\/index.php?rest_route=\/wp\/v2\/posts"}],"about":[{"href":"https:\/\/www.farakostolna.sk\/index.php?rest_route=\/wp\/v2\/types\/post"}],"author":[{"embeddable":true,"href":"https:\/\/www.farakostolna.sk\/index.php?rest_route=\/wp\/v2\/users\/7"}],"replies":[{"embeddable":true,"href":"https:\/\/www.farakostolna.sk\/index.php?rest_route=%2Fwp%2Fv2%2Fcomments&post=9292"}],"version-history":[{"count":2,"href":"https:\/\/www.farakostolna.sk\/index.php?rest_route=\/wp\/v2\/posts\/9292\/revisions"}],"predecessor-version":[{"id":9298,"href":"https:\/\/www.farakostolna.sk\/index.php?rest_route=\/wp\/v2\/posts\/9292\/revisions\/9298"}],"wp:featuredmedia":[{"embeddable":true,"href":"https:\/\/www.farakostolna.sk\/index.php?rest_route=\/wp\/v2\/media\/9297"}],"wp:attachment":[{"href":"https:\/\/www.farakostolna.sk\/index.php?rest_route=%2Fwp%2Fv2%2Fmedia&parent=9292"}],"wp:term":[{"taxonomy":"category","embeddable":true,"href":"https:\/\/www.farakostolna.sk\/index.php?rest_route=%2Fwp%2Fv2%2Fcategories&post=9292"},{"taxonomy":"post_tag","embeddable":true,"href":"https:\/\/www.farakostolna.sk\/index.php?rest_route=%2Fwp%2Fv2%2Ftags&post=9292"}],"curies":[{"name":"wp","href":"https:\/\/api.w.org\/{rel}","templated":true}]}}