{"id":9281,"date":"2024-12-13T23:56:25","date_gmt":"2024-12-13T22:56:25","guid":{"rendered":"https:\/\/www.farakostolna.sk\/?p=9281"},"modified":"2024-12-14T12:58:53","modified_gmt":"2024-12-14T11:58:53","slug":"farske-oznamy-a-zamyslenie-15-12-2024","status":"publish","type":"post","link":"https:\/\/www.farakostolna.sk\/?p=9281","title":{"rendered":"Farsk\u00e9 oznamy a zamyslenie (15.12.2024)"},"content":{"rendered":"<div class=\"wp-block-image\">\n<figure class=\"aligncenter size-large\"><img decoding=\"async\" src=\"https:\/\/www.farakostolna.sk\/wp-content\/uploads\/2024\/12\/WhatsApp-Image-2024-12-13-at-23.22.34_55487e75.jpg\" alt=\"\"\/><\/figure>\n<\/div>\n\n\n<p><\/p>\n\n\n\n<p>\u013dudia neust\u00e1le upadaj\u00fa do extr\u00e9mov &#8211; raz je to \u017eivot v neust\u00e1lom strachu a neistote, inokedy zas v bezduchej radosti. Boh n\u00e1m v\u0161ak v J\u00e1novi posiela skuto\u010dn\u00e9ho proroka, ktor\u00fd nielen napom\u00edna, ale aj ohlasuje evanjelium. Ak\u00fdmi prorokmi sme my? Ohlasujeme radostn\u00fa zves\u0165 alebo \u017eijeme v sm\u00fatku a strachu?<\/p>\n\n\n\n<!--more-->\n\n\n\n<p><strong>Sv\u00e4t\u00e9 om\u0161e u n\u00e1s:<\/strong><\/p>\n\n\n\n<p><strong>sobota \u2013 14. decembra (s nede\u013enou platnos\u0165ou)<\/strong><\/p>\n\n\n\n<ul class=\"wp-block-list\">\n<li><strong>17:00 \u2013 Hrub\u00e1 Bor\u0161a (slov.\/ma\u010f.)<\/strong><\/li>\n\n\n\n<li><strong>18:00 \u2013 Kostoln\u00e1 (slov.)<\/strong><\/li>\n<\/ul>\n\n\n\n<p><strong>nede\u013ea \u2013 15. decembra<\/strong><\/p>\n\n\n\n<ul class=\"wp-block-list\">\n<li><strong>8:00 \u2013 Hrub\u00fd \u0160\u00far (ma\u010f.)<\/strong><\/li>\n\n\n\n<li><strong>9:30 \u2013 Kostoln\u00e1 (ma\u010f.)<\/strong><\/li>\n\n\n\n<li><strong>11:00 \u2013 Kostoln\u00e1 (slov.)<\/strong><\/li>\n<\/ul>\n\n\n\n<p>Tento t\u00fd\u017ede\u0148 budem v Kostolnej spoveda\u0165 iba v pondelok a v piatok od 16:00 do 17:00 pod pr\u00edstre\u0161kom na farskom dvore. V tom \u010dase bude v kostole ador\u00e1cia. V ostatn\u00e9 dni spoved\u00e1m v in\u00fdch farnostiach. V utorok spoved\u00e1m v Boldogu, v stredu v Turni od 16:00 do 18:00 a vo \u0161tvrtok v Tom\u00e1\u0161ove. Ke\u010f e\u0161te niekto potrebuje pred sviatkami vyspoveda\u0165 doma, ozvite sa mi, pros\u00edm, telefonicky (0902 359 859). <strong>O t\u00fd\u017ede\u0148 v sobotu (21.12.) budeme viacer\u00ed k\u0148azi spoveda\u0165 v Senci od 9:00 do 12:00 a od 15:00 do 17:00. <\/strong>Nenechajte si spove\u010f na posledn\u00fd t\u00fd\u017ede\u0148!<\/p>\n\n\n\n<p>Teraz v pondelok od 9:00 do 12:00 staviame a zdob\u00edme v Kostolnej v kostole viano\u010dn\u00e9 stromy. Pros\u00edm najm\u00e4 mu\u017eov o pomoc. Pitn\u00fd re\u017eim a pizzu zabezpe\u010d\u00edm.<\/p>\n\n\n\n<p>Tento v\u00edkend m\u00e1me pravideln\u00fa mesa\u010dn\u00fa zbierku na kostol a prev\u00e1dzkov\u00e9 n\u00e1klady farnosti. Vopred \u010fakujem za va\u0161u ve\u013ekodu\u0161nos\u0165.<\/p>\n\n\n\n<p>E\u0161te st\u00e1le sa na v\u00e1s v advente obraciam <strong>s prosbou o pomoc pri zbierke cestovn\u00fdch kufrov a zdravotn\u00edckeho materi\u00e1lu<\/strong> (n\u00e1plne do autolek\u00e1rni\u010diek, lieky, ale aj in\u00fd \u2013 odborn\u00fd materi\u00e1l). Tieto veci zoberiem spolu s \u010fal\u0161\u00edmi v janu\u00e1ri a bud\u00fa odovzdan\u00e9 \u013eu\u010fom v n\u00fadzi v Tanz\u00e1nii. \u010eakujem.<\/p>\n\n\n\n<p>Pokra\u010dujeme vo viano\u010dnom dar\u010deku pre Je\u017ei\u0161ka a poz\u00fdvame v\u0161etk\u00fdch na\u010falej denne ku modlitbe srdcom, sv\u00e4tej om\u0161i a prid\u00e1vame Sv\u00e4t\u00e9 P\u00edsmo. V kostoloch s\u00fa vpredu pripraven\u00e9 dar\u010dekov\u00e9 krabice pre Je\u017ei\u0161ka, kde m\u00f4\u017eeme Je\u017ei\u0161kovi hodi\u0165 papierik, ke\u010f sa pomodl\u00edme, sme na sv\u00e4tej om\u0161i a pre\u010d\u00edtame si zo Sv\u00e4t\u00e9ho P\u00edsma. Krabica sa na Vianoce potom d\u00e1 pod strom\u010dek ako dar Je\u017ei\u0161kovi.<\/p>\n\n\n\n<p>Sv\u00e4t\u00e9 om\u0161e v nasleduj\u00faci t\u00fd\u017ede\u0148 u n\u00e1s v Kostolnej:<\/p>\n\n\n\n<ul class=\"wp-block-list\">\n<li>pondelok \u2013 17:00 (slov.\/ma\u010f.)<\/li>\n\n\n\n<li>utorok \u2013 17:30 (slov.\/ma\u010f.)<\/li>\n\n\n\n<li>streda \u2013 6:00 (ma\u010f.) a 18:00 (slov.)<\/li>\n\n\n\n<li>\u0161tvrtok \u2013 6:00 (slov.) a 18:00 (ma\u010f.)<\/li>\n\n\n\n<li>piatok \u2013 17:00 (ma\u010f.) a 18:00 (slov.)<\/li>\n<\/ul>\n\n\n\n<p>V piatok bude o 6:00 ror\u00e1tna sv\u00e4t\u00e1 om\u0161a aj v Hrubom \u0160\u00fare v ma\u010farskom jazyku.<\/p>\n\n\n\n<p>S \u00factou,<br>Pavol Gajdo\u0161, v\u00e1\u0161 far\u00e1r<br><\/p>\n\n\n\n<p><em>\u010eal\u0161ie oznamy z arcidiec\u00e9zy:<\/em><\/p>\n\n\n\n<ul class=\"wp-block-list\">\n<li>Mlad\u00ed z Komunity CENACOLO poz\u00fdvaj\u00fa aj tento rok na podujatie <strong>&#8220;\u017div\u00e9 jasli\u010dky&#8221;<\/strong> v komunitnom dome <strong>na V\u010del\u00e1rskej Paseke, v bl\u00edzkosti obce Kr\u00e1\u013eov\u00e1 pri Senci<\/strong>. Uskuto\u010dnia sa v nasledovn\u00fdch term\u00ednoch: <strong>27.12., 30.12. a 4.1. v\u017edy o 17.00 hod<\/strong>. Pr\u00ed\u010fte si spolo\u010dne pripomen\u00fa\u0165 narodenie mal\u00e9ho Je\u017ei\u0161ka, te\u0161\u00edme sa na V\u00e1s. K oznamu je k dispoz\u00edcii aj <a href=\"https:\/\/remote.abuba.sk:8444\/filr\/public-link\/file-download\/8ae482af923abff00193bb8c1b3575d8\/3806\/5776452025933778829\/Plagat-Jaslicky-24-WEB.jpg\" target=\"_blank\" rel=\"noopener\" title=\"\">plag\u00e1t.<\/a><\/li>\n<\/ul>\n\n\n\n<p><\/p>\n","protected":false},"excerpt":{"rendered":"<p>\u013dudia neust\u00e1le upadaj\u00fa do extr\u00e9mov &#8211; raz je to \u017eivot v neust\u00e1lom strachu a neistote, inokedy zas v bezduchej radosti. Boh n\u00e1m v\u0161ak v J\u00e1novi posiela skuto\u010dn\u00e9ho proroka, ktor\u00fd nielen napom\u00edna, ale aj ohlasuje evanjelium. Ak\u00fdmi prorokmi sme my? Ohlasujeme radostn\u00fa zves\u0165 alebo \u017eijeme v sm\u00fatku a strachu?<\/p>\n","protected":false},"author":7,"featured_media":9282,"comment_status":"closed","ping_status":"closed","sticky":false,"template":"","format":"standard","meta":{"footnotes":""},"categories":[13],"tags":[],"class_list":{"0":"entry","1":"post","2":"publish","3":"author-slado89gmail-com","4":"has-more-link","5":"post-9281","7":"format-standard","8":"has-post-thumbnail","9":"category-oznamy"},"_links":{"self":[{"href":"https:\/\/www.farakostolna.sk\/index.php?rest_route=\/wp\/v2\/posts\/9281","targetHints":{"allow":["GET"]}}],"collection":[{"href":"https:\/\/www.farakostolna.sk\/index.php?rest_route=\/wp\/v2\/posts"}],"about":[{"href":"https:\/\/www.farakostolna.sk\/index.php?rest_route=\/wp\/v2\/types\/post"}],"author":[{"embeddable":true,"href":"https:\/\/www.farakostolna.sk\/index.php?rest_route=\/wp\/v2\/users\/7"}],"replies":[{"embeddable":true,"href":"https:\/\/www.farakostolna.sk\/index.php?rest_route=%2Fwp%2Fv2%2Fcomments&post=9281"}],"version-history":[{"count":5,"href":"https:\/\/www.farakostolna.sk\/index.php?rest_route=\/wp\/v2\/posts\/9281\/revisions"}],"predecessor-version":[{"id":9288,"href":"https:\/\/www.farakostolna.sk\/index.php?rest_route=\/wp\/v2\/posts\/9281\/revisions\/9288"}],"wp:featuredmedia":[{"embeddable":true,"href":"https:\/\/www.farakostolna.sk\/index.php?rest_route=\/wp\/v2\/media\/9282"}],"wp:attachment":[{"href":"https:\/\/www.farakostolna.sk\/index.php?rest_route=%2Fwp%2Fv2%2Fmedia&parent=9281"}],"wp:term":[{"taxonomy":"category","embeddable":true,"href":"https:\/\/www.farakostolna.sk\/index.php?rest_route=%2Fwp%2Fv2%2Fcategories&post=9281"},{"taxonomy":"post_tag","embeddable":true,"href":"https:\/\/www.farakostolna.sk\/index.php?rest_route=%2Fwp%2Fv2%2Ftags&post=9281"}],"curies":[{"name":"wp","href":"https:\/\/api.w.org\/{rel}","templated":true}]}}