{"id":9277,"date":"2024-12-08T17:20:01","date_gmt":"2024-12-08T16:20:01","guid":{"rendered":"https:\/\/www.farakostolna.sk\/?p=9277"},"modified":"2024-12-08T17:20:03","modified_gmt":"2024-12-08T16:20:03","slug":"mikulas-v-kostolnej-pri-dunaji","status":"publish","type":"post","link":"https:\/\/www.farakostolna.sk\/?p=9277","title":{"rendered":"Mikul\u00e1\u0161 v Kostolnej pri Dunaji"},"content":{"rendered":"<div class=\"wp-block-image\">\n<figure class=\"aligncenter size-large\"><img decoding=\"async\" src=\"https:\/\/www.farakostolna.sk\/wp-content\/uploads\/2024\/12\/WhatsApp-Image-2024-12-08-at-12.10.53.jpeg\" alt=\"\"\/><\/figure>\n<\/div>\n\n\n<p><\/p>\n\n\n\n<p>Po nede\u013enej sv\u00e4tej om\u0161i v Kostolnej pri Dunaji sme priv\u00edtali sv\u00e4t\u00e9ho Mikul\u00e1\u0161a, ktor\u00fd sa pri\u0161iel pozrie\u0165 ako na\u0161e deti napreduj\u00fa v nasledovan\u00ed kres\u0165ansk\u00fdch ide\u00e1lov. Viacer\u00e9 z nich mu zarecitovali a niekor\u00e9 dokonca zaspievali. Na\u0161e obavy, \u017ee \u0161tedros\u0165 Mikul\u00e1\u0161a je iba legendou, rozpt\u00fdlil t\u00fdm, \u017ee v\u0161etky mal\u00e9 deti obdaroval bohat\u00fdmi bal\u00ed\u010dkami pln\u00fdch sladkost\u00ed.<\/p>\n\n\n\n<!--more-->\n\n\n\n<p>\u010eakujeme sponzorom a aj individu\u00e1lnym darcom, ktor\u00ed pomohli n\u00e1\u0161mu vz\u00e1cnemu hos\u0165ovi s dar\u010dekmi.<\/p>\n\n\n\n<p>Fotky z n\u00e1v\u0161tevy sv\u00e4t\u00e9ho Mikul\u00e1\u0161a s\u00fa dostupn\u00e9 <a href=\"https:\/\/drive.google.com\/drive\/folders\/1ICuqDh4dLaFjmKLJq7eyVjGgr-bpBP3U?usp=sharing\" title=\"\">na tomto odkaze.<\/a><\/p>\n\n\n\n<p><\/p>\n","protected":false},"excerpt":{"rendered":"<p>Po nede\u013enej sv\u00e4tej om\u0161i v Kostolnej pri Dunaji sme priv\u00edtali sv\u00e4t\u00e9ho Mikul\u00e1\u0161a, ktor\u00fd sa pri\u0161iel pozrie\u0165 ako na\u0161e deti napreduj\u00fa v nasledovan\u00ed kres\u0165ansk\u00fdch ide\u00e1lov. Viacer\u00e9 z nich mu zarecitovali a niekor\u00e9 dokonca zaspievali. Na\u0161e obavy, \u017ee \u0161tedros\u0165 Mikul\u00e1\u0161a je iba legendou, rozpt\u00fdlil t\u00fdm, \u017ee v\u0161etky mal\u00e9 deti obdaroval bohat\u00fdmi bal\u00ed\u010dkami pln\u00fdch sladkost\u00ed.<\/p>\n","protected":false},"author":7,"featured_media":9278,"comment_status":"closed","ping_status":"closed","sticky":false,"template":"","format":"standard","meta":{"footnotes":""},"categories":[17],"tags":[],"class_list":{"0":"entry","1":"post","2":"publish","3":"author-slado89gmail-com","4":"has-more-link","5":"post-9277","7":"format-standard","8":"has-post-thumbnail","9":"category-sv-omsa"},"_links":{"self":[{"href":"https:\/\/www.farakostolna.sk\/index.php?rest_route=\/wp\/v2\/posts\/9277","targetHints":{"allow":["GET"]}}],"collection":[{"href":"https:\/\/www.farakostolna.sk\/index.php?rest_route=\/wp\/v2\/posts"}],"about":[{"href":"https:\/\/www.farakostolna.sk\/index.php?rest_route=\/wp\/v2\/types\/post"}],"author":[{"embeddable":true,"href":"https:\/\/www.farakostolna.sk\/index.php?rest_route=\/wp\/v2\/users\/7"}],"replies":[{"embeddable":true,"href":"https:\/\/www.farakostolna.sk\/index.php?rest_route=%2Fwp%2Fv2%2Fcomments&post=9277"}],"version-history":[{"count":1,"href":"https:\/\/www.farakostolna.sk\/index.php?rest_route=\/wp\/v2\/posts\/9277\/revisions"}],"predecessor-version":[{"id":9279,"href":"https:\/\/www.farakostolna.sk\/index.php?rest_route=\/wp\/v2\/posts\/9277\/revisions\/9279"}],"wp:featuredmedia":[{"embeddable":true,"href":"https:\/\/www.farakostolna.sk\/index.php?rest_route=\/wp\/v2\/media\/9278"}],"wp:attachment":[{"href":"https:\/\/www.farakostolna.sk\/index.php?rest_route=%2Fwp%2Fv2%2Fmedia&parent=9277"}],"wp:term":[{"taxonomy":"category","embeddable":true,"href":"https:\/\/www.farakostolna.sk\/index.php?rest_route=%2Fwp%2Fv2%2Fcategories&post=9277"},{"taxonomy":"post_tag","embeddable":true,"href":"https:\/\/www.farakostolna.sk\/index.php?rest_route=%2Fwp%2Fv2%2Ftags&post=9277"}],"curies":[{"name":"wp","href":"https:\/\/api.w.org\/{rel}","templated":true}]}}