{"id":9269,"date":"2024-12-07T01:31:53","date_gmt":"2024-12-07T00:31:53","guid":{"rendered":"https:\/\/www.farakostolna.sk\/?p=9269"},"modified":"2024-12-13T23:58:29","modified_gmt":"2024-12-13T22:58:29","slug":"farske-oznamy-a-zamyslenie-07-12-2024","status":"publish","type":"post","link":"https:\/\/www.farakostolna.sk\/?p=9269","title":{"rendered":"Farsk\u00e9 oznamy a zamyslenie (08.12.2024)"},"content":{"rendered":"<div class=\"wp-block-image\">\n<figure class=\"aligncenter size-large\"><img decoding=\"async\" src=\"https:\/\/www.farakostolna.sk\/wp-content\/uploads\/2024\/12\/WhatsApp-Image-2024-12-06-at-22.52.06_04e0210f.jpg\" alt=\"\"\/><\/figure>\n<\/div>\n\n\n<p><\/p>\n\n\n\n<p>Pred sviatkami sme si u\u017e zvykli upratova\u0165 &#8211; dom, byt, izby,\u2026 dokonca aj tie miesta, ktor\u00e9 be\u017ene neupratujeme. A \u010do tak uprata\u0165 chr\u00e1m Ducha Sv\u00e4t\u00e9ho? &#8211; N\u00e1s sam\u00fdch?<\/p>\n\n\n\n<!--more-->\n\n\n\n<p><strong>Sv\u00e4t\u00e9 om\u0161e u n\u00e1s:<\/strong><\/p>\n\n\n\n<p><strong>sobota \u2013 7. decembra (s nede\u013enou platnos\u0165ou)<\/strong><\/p>\n\n\n\n<ul class=\"wp-block-list\">\n<li><strong>17:00 \u2013 Hrub\u00e1 Bor\u0161a (slov.\/ma\u010f.)<\/strong><\/li>\n\n\n\n<li><strong>18:00 \u2013 Kostoln\u00e1 (slov.)<\/strong><\/li>\n<\/ul>\n\n\n\n<p><strong>nede\u013ea \u2013 8. decembra<\/strong><\/p>\n\n\n\n<ul class=\"wp-block-list\">\n<li><strong>8:00 \u2013 Hrub\u00fd \u0160\u00far (ma\u010f.)<\/strong><\/li>\n\n\n\n<li><strong>9:30 \u2013 Kostoln\u00e1 (ma\u010f.)<\/strong><\/li>\n\n\n\n<li><strong>11:00 \u2013 Kostoln\u00e1 (slov.)<\/strong><\/li>\n<\/ul>\n\n\n\n<p>Tento t\u00fd\u017ede\u0148 budem v Kostolnej spoveda\u0165 iba vo \u0161tvrtok a piatok od 16:00 do 17:00 pod pr\u00edstre\u0161kom na farskom dvore. V tom \u010dase bude v kostole ador\u00e1cia.<\/p>\n\n\n\n<p><strong><span style=\"color:red\">Predviano\u010dn\u00e9 spovedanie bude v na\u0161ej farnosti u\u017e v najbli\u017e\u0161iu sobotu 14. decembra 2024 od 9:00 do 11:00. Pr\u00ed\u010fte sa duchovne pripravi\u0165 na bl\u00ed\u017eiace sa sviatky.<\/span><\/strong><\/p>\n\n\n\n<p>Minulot\u00fd\u017ed\u0148ov\u00e1 zbierka na katol\u00edcku charitu vyniesla v na\u0161ej farnosti spolu 1095,56 \u20ac, z toho v Kostolnej 780,06 \u20ac, v Hrubom \u0160\u00fare 191,50 \u20ac a v Hrubej Bor\u0161i 124 \u20ac. Peniaze som e\u0161te v utorok preposlal na dan\u00fd \u00fa\u010det. \u00daprimne \u010fakujem.<\/p>\n\n\n\n<p>Po\u010das adventu sa obraciam na v\u00e1s <strong>s prosbou o pomoc pri zbierke cestovn\u00fdch kufrov a zdravotn\u00edckeho materi\u00e1lu <\/strong>(n\u00e1plne do autolek\u00e1rni\u010diek, lieky, ale aj in\u00fd &#8211; odborn\u00fd materi\u00e1l). Tieto veci zoberiem spolu s \u010fal\u0161\u00edmi v janu\u00e1ri a bud\u00fa odovzdan\u00e9 \u013eu\u010fom v n\u00fadzi v Tanz\u00e1nii. \u010eakujem.<\/p>\n\n\n\n<p>Do farsk\u00e9ho kostola v Kostolnej n\u00e1m tento rok e\u0161te ch\u00fdba tradi\u010dn\u00fd ve\u013ek\u00fd viano\u010dn\u00fd strom. Kto by vedel podarova\u0165 za odvoz, dajte, pros\u00edm, vedie\u0165.<\/p>\n\n\n\n<p>Pokra\u010dujeme vo viano\u010dnom dar\u010deku pre Je\u017ei\u0161ka a poz\u00fdvame v\u0161etk\u00fdch na\u010falej denne ku modlitbe srdcom a prid\u00e1vame pozvanie ku Eucharistii &#8211; sv\u00e4tej om\u0161i. V kostoloch s\u00fa vpredu pripraven\u00e9 dar\u010dekov\u00e9 krabice pre Je\u017ei\u0161ka, kde m\u00f4\u017eme Je\u017ei\u0161kovi hodi\u0165 srdie\u010dko alebo in\u00fd papierik, ke\u010f sa pomodl\u00edme a sme na sv\u00e4tej om\u0161i. Krabica sa na Vianoce potom d\u00e1 pod strom\u010dek ako dar Je\u017ei\u0161kovi.<\/p>\n\n\n\n<p>Sv\u00e4t\u00e9 om\u0161e v nasleduj\u00faci t\u00fd\u017ede\u0148 u n\u00e1s v Kostolnej:<\/p>\n\n\n\n<ul class=\"wp-block-list\">\n<li>pondelok \u2013 8:30 (slov.\/ma\u010f.)<\/li>\n\n\n\n<li>utorok \u2013 17:00 (slov.\/ma\u010f.)<\/li>\n\n\n\n<li>streda \u2013 6:00 (ma\u010f.) a 18:00 (slov.)<\/li>\n\n\n\n<li>\u0161tvrtok \u2013 6:00 (slov.) a 17:00 (ma\u010f.)<\/li>\n\n\n\n<li>piatok \u2013 17:00 (ma\u010f.) a 18:00 (slov.)<\/li>\n<\/ul>\n\n\n\n<p>V piatok bude o 6:00 ror\u00e1tna sv\u00e4t\u00e1 om\u0161a aj v Hrubom \u0160\u00fare v ma\u010farskom jazyku.<\/p>\n\n\n\n<p>S \u00factou, <br>Pavol Gajdo\u0161, v\u00e1\u0161 far\u00e1r<\/p>\n\n\n\n<p><em>\u010eal\u0161ie oznamy z arcidiec\u00e9zy:<\/em><\/p>\n\n\n\n<ul class=\"wp-block-list\">\n<li>Srde\u010dne poz\u00fdvame veriacich na sl\u00e1vnostn\u00fa sv\u00e4t\u00fa om\u0161u spojen\u00fa so zveren\u00edm Bratislavy Panne M\u00e1rii v pondelok 9. decembra 2024, v de\u0148 sl\u00e1vnosti Nepo\u0161kvrnen\u00e9ho Po\u010datia Panny M\u00e1rie, ktor\u00fa bude o 17:30 sl\u00e1vi\u0165 bratislavsk\u00fd arcibiskup Mons. Stanislav Zvolensk\u00fd v Kostole sv. J\u00e1na z Mathy (Troji\u010dka) v Bratislave. K oznamu je k dispoz\u00edcii <a href=\"https:\/\/remote.abuba.sk:8444\/filr\/public-link\/file-download\/8ae482af923abff0019362cc1b1c3641\/3794\/557048533044172252\/Plagat%20-%20Sl%C3%A1vnos%C5%A5%20zverenia%20mesta%20Panne%20M%C3%A1rii%209.12.2024.pdf\" target=\"_blank\" rel=\"noopener\" title=\"\">plag\u00e1t<\/a>.<\/li>\n<\/ul>\n\n\n\n<ul class=\"wp-block-list\">\n<li>D\u00e1vame do pozornosti knihu \u017di\u0165 jubilejn\u00fd rok, ktor\u00fa pripravilo vydavate\u013estvo Zachej.sk. Kniha je kompletn\u00fdm sprievodcom cel\u00fdm jubilejn\u00fdm rokom a umo\u017e\u0148uje pre\u017ei\u0165 t\u00fato v\u00fdnimo\u010dn\u00fa udalos\u0165 plnohodnotne aj slovensk\u00fdm \u010ditate\u013eom a p\u00fatnikom do R\u00edma. Oznam pre farnosti posielame vo forme <a href=\"https:\/\/remote.abuba.sk:8444\/filr\/public-link\/file-download\/8ae482af923abff00193924729285a05\/3803\/3966289215605606953\/kniha%20%C5%BDi%C5%A5%20jubilejn%C3%BD%20rok.pdf\" target=\"_blank\" rel=\"noopener\" title=\"\">plag\u00e1tu<\/a>.<\/li>\n<\/ul>\n\n\n\n<p><\/p>\n","protected":false},"excerpt":{"rendered":"<p>Pred sviatkami sme si u\u017e zvykli upratova\u0165 &#8211; dom, byt, izby,\u2026 dokonca aj tie miesta, ktor\u00e9 be\u017ene neupratujeme. A \u010do tak uprata\u0165 chr\u00e1m Ducha Sv\u00e4t\u00e9ho? &#8211; N\u00e1s sam\u00fdch?<\/p>\n","protected":false},"author":7,"featured_media":9270,"comment_status":"closed","ping_status":"closed","sticky":false,"template":"","format":"standard","meta":{"footnotes":""},"categories":[13],"tags":[],"class_list":{"0":"entry","1":"post","2":"publish","3":"author-slado89gmail-com","4":"has-more-link","5":"post-9269","7":"format-standard","8":"has-post-thumbnail","9":"category-oznamy"},"_links":{"self":[{"href":"https:\/\/www.farakostolna.sk\/index.php?rest_route=\/wp\/v2\/posts\/9269","targetHints":{"allow":["GET"]}}],"collection":[{"href":"https:\/\/www.farakostolna.sk\/index.php?rest_route=\/wp\/v2\/posts"}],"about":[{"href":"https:\/\/www.farakostolna.sk\/index.php?rest_route=\/wp\/v2\/types\/post"}],"author":[{"embeddable":true,"href":"https:\/\/www.farakostolna.sk\/index.php?rest_route=\/wp\/v2\/users\/7"}],"replies":[{"embeddable":true,"href":"https:\/\/www.farakostolna.sk\/index.php?rest_route=%2Fwp%2Fv2%2Fcomments&post=9269"}],"version-history":[{"count":3,"href":"https:\/\/www.farakostolna.sk\/index.php?rest_route=\/wp\/v2\/posts\/9269\/revisions"}],"predecessor-version":[{"id":9286,"href":"https:\/\/www.farakostolna.sk\/index.php?rest_route=\/wp\/v2\/posts\/9269\/revisions\/9286"}],"wp:featuredmedia":[{"embeddable":true,"href":"https:\/\/www.farakostolna.sk\/index.php?rest_route=\/wp\/v2\/media\/9270"}],"wp:attachment":[{"href":"https:\/\/www.farakostolna.sk\/index.php?rest_route=%2Fwp%2Fv2%2Fmedia&parent=9269"}],"wp:term":[{"taxonomy":"category","embeddable":true,"href":"https:\/\/www.farakostolna.sk\/index.php?rest_route=%2Fwp%2Fv2%2Fcategories&post=9269"},{"taxonomy":"post_tag","embeddable":true,"href":"https:\/\/www.farakostolna.sk\/index.php?rest_route=%2Fwp%2Fv2%2Ftags&post=9269"}],"curies":[{"name":"wp","href":"https:\/\/api.w.org\/{rel}","templated":true}]}}