{"id":9264,"date":"2024-12-02T10:42:00","date_gmt":"2024-12-02T09:42:00","guid":{"rendered":"https:\/\/www.farakostolna.sk\/?p=9264"},"modified":"2024-12-03T08:47:03","modified_gmt":"2024-12-03T07:47:03","slug":"pozehnanie-adventnych-vencov","status":"publish","type":"post","link":"https:\/\/www.farakostolna.sk\/?p=9264","title":{"rendered":"Po\u017eehnanie adventn\u00fdch vencov"},"content":{"rendered":"<div class=\"wp-block-image\">\n<figure class=\"aligncenter size-large\"><img loading=\"lazy\" decoding=\"async\" width=\"1024\" height=\"768\" src=\"https:\/\/www.farakostolna.sk\/wp-content\/uploads\/2024\/12\/IMG_2877-1-1024x768.jpg\" alt=\"\" class=\"wp-image-9266\" srcset=\"https:\/\/www.farakostolna.sk\/wp-content\/uploads\/2024\/12\/IMG_2877-1-1024x768.jpg 1024w, https:\/\/www.farakostolna.sk\/wp-content\/uploads\/2024\/12\/IMG_2877-1-300x225.jpg 300w, https:\/\/www.farakostolna.sk\/wp-content\/uploads\/2024\/12\/IMG_2877-1-768x576.jpg 768w, https:\/\/www.farakostolna.sk\/wp-content\/uploads\/2024\/12\/IMG_2877-1-1536x1152.jpg 1536w, https:\/\/www.farakostolna.sk\/wp-content\/uploads\/2024\/12\/IMG_2877-1-2048x1536.jpg 2048w\" sizes=\"auto, (max-width: 1024px) 100vw, 1024px\" \/><\/figure>\n<\/div>\n\n\n<p>V prv\u00fa adventn\u00fa nede\u013eu sa konalo v na\u0161om farskom kostole u\u017e tradi\u010dn\u00e9 po\u017eehnanie adventn\u00fdch vencov, ktor\u00e9 si veriaci priniesli naozaj v hojnom po\u010dte. S\u00fa\u010dasne to bola aj takzvan\u00e1 Rodinn\u00e1 sv\u00e4t\u00e1 om\u0161a, kde spieval n\u00e1\u0161 zbor doprev\u00e1dzan\u00fd hudobn\u00edkmi.&#8221; <em>(red.)<\/em><\/p>\n\n\n\n<!--more-->\n\n\n\n<p class=\"has-text-align-right\"><em>foto: Tibor Vlas\u00e1k<\/em><\/p>\n","protected":false},"excerpt":{"rendered":"<p>V prv\u00fa adventn\u00fa nede\u013eu sa konalo v na\u0161om farskom kostole u\u017e tradi\u010dn\u00e9 po\u017eehnanie adventn\u00fdch vencov, ktor\u00e9 si veriaci priniesli naozaj v hojnom po\u010dte. S\u00fa\u010dasne to bola aj takzvan\u00e1 Rodinn\u00e1 sv\u00e4t\u00e1 om\u0161a, kde spieval n\u00e1\u0161 zbor doprev\u00e1dzan\u00fd hudobn\u00edkmi.&#8221; (red.)<\/p>\n","protected":false},"author":7,"featured_media":9267,"comment_status":"closed","ping_status":"closed","sticky":false,"template":"","format":"standard","meta":{"footnotes":""},"categories":[17],"tags":[],"class_list":{"0":"entry","1":"post","2":"publish","3":"author-slado89gmail-com","4":"has-more-link","5":"post-9264","7":"format-standard","8":"has-post-thumbnail","9":"category-sv-omsa"},"_links":{"self":[{"href":"https:\/\/www.farakostolna.sk\/index.php?rest_route=\/wp\/v2\/posts\/9264","targetHints":{"allow":["GET"]}}],"collection":[{"href":"https:\/\/www.farakostolna.sk\/index.php?rest_route=\/wp\/v2\/posts"}],"about":[{"href":"https:\/\/www.farakostolna.sk\/index.php?rest_route=\/wp\/v2\/types\/post"}],"author":[{"embeddable":true,"href":"https:\/\/www.farakostolna.sk\/index.php?rest_route=\/wp\/v2\/users\/7"}],"replies":[{"embeddable":true,"href":"https:\/\/www.farakostolna.sk\/index.php?rest_route=%2Fwp%2Fv2%2Fcomments&post=9264"}],"version-history":[{"count":1,"href":"https:\/\/www.farakostolna.sk\/index.php?rest_route=\/wp\/v2\/posts\/9264\/revisions"}],"predecessor-version":[{"id":9268,"href":"https:\/\/www.farakostolna.sk\/index.php?rest_route=\/wp\/v2\/posts\/9264\/revisions\/9268"}],"wp:featuredmedia":[{"embeddable":true,"href":"https:\/\/www.farakostolna.sk\/index.php?rest_route=\/wp\/v2\/media\/9267"}],"wp:attachment":[{"href":"https:\/\/www.farakostolna.sk\/index.php?rest_route=%2Fwp%2Fv2%2Fmedia&parent=9264"}],"wp:term":[{"taxonomy":"category","embeddable":true,"href":"https:\/\/www.farakostolna.sk\/index.php?rest_route=%2Fwp%2Fv2%2Fcategories&post=9264"},{"taxonomy":"post_tag","embeddable":true,"href":"https:\/\/www.farakostolna.sk\/index.php?rest_route=%2Fwp%2Fv2%2Ftags&post=9264"}],"curies":[{"name":"wp","href":"https:\/\/api.w.org\/{rel}","templated":true}]}}