{"id":9251,"date":"2024-11-29T23:57:52","date_gmt":"2024-11-29T22:57:52","guid":{"rendered":"https:\/\/www.farakostolna.sk\/?p=9251"},"modified":"2024-11-30T14:35:08","modified_gmt":"2024-11-30T13:35:08","slug":"farske-oznamy-a-zamyslenie-01-12-2024","status":"publish","type":"post","link":"https:\/\/www.farakostolna.sk\/?p=9251","title":{"rendered":"Farsk\u00e9 oznamy a zamyslenie (01.12.2024)"},"content":{"rendered":"<div class=\"wp-block-image\">\n<figure class=\"aligncenter size-full is-resized\"><img loading=\"lazy\" decoding=\"async\" width=\"660\" height=\"440\" src=\"https:\/\/www.farakostolna.sk\/wp-content\/uploads\/2024\/11\/czy-wyksztalcenie-wplywa-na-sposob-odzywiania-660x440-1.jpg\" alt=\"\" class=\"wp-image-9252\" style=\"width:840px;height:auto\" srcset=\"https:\/\/www.farakostolna.sk\/wp-content\/uploads\/2024\/11\/czy-wyksztalcenie-wplywa-na-sposob-odzywiania-660x440-1.jpg 660w, https:\/\/www.farakostolna.sk\/wp-content\/uploads\/2024\/11\/czy-wyksztalcenie-wplywa-na-sposob-odzywiania-660x440-1-300x200.jpg 300w\" sizes=\"auto, (max-width: 660px) 100vw, 660px\" \/><\/figure>\n<\/div>\n\n\n<p><\/p>\n\n\n\n<p>Dve protichodn\u00e9 ponuky sa n\u00e1m predostieraj\u00fa: o\u0165a\u017eenie srdca a bdenie. Ktor\u00e1 z nich n\u00e1s vedie k Bohu? K\u0155menie brucha, \u010di ducha?<\/p>\n\n\n\n<!--more-->\n\n\n\n<p><strong>Sv\u00e4t\u00e9 om\u0161e u n\u00e1s:<\/strong><\/p>\n\n\n\n<p><strong>sobota \u2013 30. novembra (s nede\u013enou platnos\u0165ou)<\/strong><\/p>\n\n\n\n<ul class=\"wp-block-list\">\n<li><strong>17:00 \u2013 Hrub\u00e1 Bor\u0161a (slov.\/ma\u010f.)<\/strong><\/li>\n\n\n\n<li><strong>18:00 \u2013 Kostoln\u00e1 (slov.)<\/strong><\/li>\n<\/ul>\n\n\n\n<p><strong>nede\u013ea \u2013 1. decembra<\/strong><\/p>\n\n\n\n<ul class=\"wp-block-list\">\n<li><strong>8:00 \u2013 Hrub\u00fd \u0160\u00far (ma\u010f.)<\/strong><\/li>\n\n\n\n<li><strong>9:30 \u2013 Kostoln\u00e1 (ma\u010f.)<\/strong><\/li>\n\n\n\n<li><strong>11:00 \u2013 Kostoln\u00e1 (slov.)<\/strong><\/li>\n<\/ul>\n\n\n\n<p><strong>Tento v\u00edkend m\u00e1me prv\u00fa adventn\u00fa nede\u013eu. M\u00f4\u017eete si prinies\u0165 adventn\u00e9 vence na po\u017eehnanie, ktor\u00e9 sa bud\u00fa po\u017eehn\u00e1va\u0165 na v\u0161etk\u00fdch sv\u00e4t\u00fdch om\u0161iach.<\/strong><\/p>\n\n\n\n<p>Sv\u00e4t\u00e1 om\u0161a v Kostolnej o 11:00 bude \u201crodinn\u00e1\u201d, na ktor\u00fa poz\u00fdvame v\u0161etky deti spolu s rodi\u010dmi.<\/p>\n\n\n\n<p>Tento t\u00fd\u017ede\u0148 budem v Kostolnej spoveda\u0165 len vo \u0161tvrtok a piatok od 16:00 do 17:00 pod pr\u00edstre\u0161kom na farskom dvore. V tom \u010dase bude v kostole ador\u00e1cia. <strong><span style=\"color:red\">Predviano\u010dn\u00e9 spovedanie bude v na\u0161ej farnosti o dva t\u00fd\u017edne v sobotu 14. decembra 2024 od 9:00 do 11:00.<\/span><\/strong><\/p>\n\n\n\n<p>Chor\u00fdch po domoch budem spoveda\u0165 tento piatok (6.12.) od 8:30 do 11:00. Nahl\u00e1ste mi, pros\u00edm, men\u00e1 v sakristii. T\u00e1to spove\u010f sa bude po\u010d\u00edta\u0165 pre chor\u00fdch u\u017e ako viano\u010dn\u00e1.<\/p>\n\n\n\n<p>Tento v\u00edkend je vo v\u0161etk\u00fdch kostoloch zbierka na katol\u00edcku charitu.<\/p>\n\n\n\n<p>Drah\u00ed veriaci, obraciam sa na v\u00e1s s <strong>prosbou o pomoc pri zbierke cestovn\u00fdch kufrov a zdravotn\u00edckeho materi\u00e1lu<\/strong> (n\u00e1plne do autolek\u00e1rni\u010diek, lieky, ale aj in\u00fd &#8211; odborn\u00fd materi\u00e1l). Tieto veci zoberiem spolu s \u010fal\u0161\u00edmi v janu\u00e1ri a bud\u00fa odovzdan\u00e9 \u013eu\u010fom v n\u00fadzi v Tanz\u00e1nii. Zbierka bude prebieha\u0165 po\u010das cel\u00e9ho adventu v priestoroch fary ako aj po ka\u017edej sv\u00e4tej om\u0161i v Kostolnej v sakristii. Vopred \u010fakujem za va\u0161u \u0161tedros\u0165 a ochotu pom\u00e1ha\u0165 tam, kde je to ve\u013emi potrebn\u00e9.<\/p>\n\n\n\n<p>D\u00e1vam do pozornosti, \u017ee je mo\u017en\u00e9 si nahl\u00e1si\u0165 \u00famysly sv\u00e4t\u00fdch om\u0161\u00ed u\u017e aj na rok 2025.<\/p>\n\n\n\n<p>Sv\u00e4t\u00e9 om\u0161e v nasleduj\u00faci t\u00fd\u017ede\u0148 u n\u00e1s v Kostolnej:<\/p>\n\n\n\n<ul class=\"wp-block-list\">\n<li>pondelok \u2013 17:00 (slov.\/ma\u010f.)<\/li>\n\n\n\n<li>utorok \u2013 17:00 (slov.\/ma\u010f.)<\/li>\n\n\n\n<li>streda \u2013 6:00 (ma\u010f.) a 18:00 (slov.)<\/li>\n\n\n\n<li>\u0161tvrtok \u2013 6:00 (slov.) a 17:00 (ma\u010f.)<\/li>\n\n\n\n<li>piatok \u2013 17:00 (ma\u010f.) a 18:00 (slov.)<\/li>\n<\/ul>\n\n\n\n<p>Tento t\u00fd\u017ede\u0148 bud\u00fa aj ror\u00e1tne sv\u00e4t\u00e9 om\u0161e. V stredu v Kostolnej v ma\u010farskom, vo \u0161tvrtok v Kostolnej v slovenskom a v piatok v Hrubom \u0160\u00fare v ma\u010farskom jazyku v\u017edy o 6:00 r\u00e1no. Sv\u00e4t\u00e9 om\u0161e s\u00fa sl\u00e1ven\u00e9 v \u00faplnej tme a ka\u017ed\u00fd preto dostane pri vstupe svie\u010dku.<\/p>\n\n\n\n<p>S \u00factou, <br>Pavol Gajdo\u0161,&nbsp;v\u00e1\u0161&nbsp;far\u00e1r<\/p>\n","protected":false},"excerpt":{"rendered":"<p>Dve protichodn\u00e9 ponuky sa n\u00e1m predostieraj\u00fa: o\u0165a\u017eenie srdca a bdenie. Ktor\u00e1 z nich n\u00e1s vedie k Bohu? K\u0155menie brucha, \u010di ducha?<\/p>\n","protected":false},"author":7,"featured_media":9253,"comment_status":"closed","ping_status":"closed","sticky":false,"template":"","format":"standard","meta":{"footnotes":""},"categories":[13],"tags":[],"class_list":{"0":"entry","1":"post","2":"publish","3":"author-slado89gmail-com","4":"has-more-link","5":"post-9251","7":"format-standard","8":"has-post-thumbnail","9":"category-oznamy"},"_links":{"self":[{"href":"https:\/\/www.farakostolna.sk\/index.php?rest_route=\/wp\/v2\/posts\/9251","targetHints":{"allow":["GET"]}}],"collection":[{"href":"https:\/\/www.farakostolna.sk\/index.php?rest_route=\/wp\/v2\/posts"}],"about":[{"href":"https:\/\/www.farakostolna.sk\/index.php?rest_route=\/wp\/v2\/types\/post"}],"author":[{"embeddable":true,"href":"https:\/\/www.farakostolna.sk\/index.php?rest_route=\/wp\/v2\/users\/7"}],"replies":[{"embeddable":true,"href":"https:\/\/www.farakostolna.sk\/index.php?rest_route=%2Fwp%2Fv2%2Fcomments&post=9251"}],"version-history":[{"count":4,"href":"https:\/\/www.farakostolna.sk\/index.php?rest_route=\/wp\/v2\/posts\/9251\/revisions"}],"predecessor-version":[{"id":9260,"href":"https:\/\/www.farakostolna.sk\/index.php?rest_route=\/wp\/v2\/posts\/9251\/revisions\/9260"}],"wp:featuredmedia":[{"embeddable":true,"href":"https:\/\/www.farakostolna.sk\/index.php?rest_route=\/wp\/v2\/media\/9253"}],"wp:attachment":[{"href":"https:\/\/www.farakostolna.sk\/index.php?rest_route=%2Fwp%2Fv2%2Fmedia&parent=9251"}],"wp:term":[{"taxonomy":"category","embeddable":true,"href":"https:\/\/www.farakostolna.sk\/index.php?rest_route=%2Fwp%2Fv2%2Fcategories&post=9251"},{"taxonomy":"post_tag","embeddable":true,"href":"https:\/\/www.farakostolna.sk\/index.php?rest_route=%2Fwp%2Fv2%2Ftags&post=9251"}],"curies":[{"name":"wp","href":"https:\/\/api.w.org\/{rel}","templated":true}]}}