{"id":9242,"date":"2024-11-22T22:38:34","date_gmt":"2024-11-22T21:38:34","guid":{"rendered":"https:\/\/www.farakostolna.sk\/?p=9242"},"modified":"2024-11-22T23:03:29","modified_gmt":"2024-11-22T22:03:29","slug":"farske-oznamy-a-zamyslenie-24-11-2024","status":"publish","type":"post","link":"https:\/\/www.farakostolna.sk\/?p=9242","title":{"rendered":"Farsk\u00e9 oznamy a zamyslenie (24.11.2024)"},"content":{"rendered":"<div class=\"wp-block-image\">\n<figure class=\"aligncenter size-full is-resized\"><img loading=\"lazy\" decoding=\"async\" width=\"429\" height=\"240\" src=\"https:\/\/www.farakostolna.sk\/wp-content\/uploads\/2024\/11\/WhatsApp-Image-2024-11-22-at-22.10.31_60b83f31.jpg\" alt=\"\" class=\"wp-image-9243\" style=\"width:657px;height:auto\" srcset=\"https:\/\/www.farakostolna.sk\/wp-content\/uploads\/2024\/11\/WhatsApp-Image-2024-11-22-at-22.10.31_60b83f31.jpg 429w, https:\/\/www.farakostolna.sk\/wp-content\/uploads\/2024\/11\/WhatsApp-Image-2024-11-22-at-22.10.31_60b83f31-300x168.jpg 300w\" sizes=\"auto, (max-width: 429px) 100vw, 429px\" \/><\/figure>\n<\/div>\n\n\n<p><\/p>\n\n\n\n<p>Na\u0161a vlas\u0165 je v Nebi a Je\u017ei\u0161ovo kr\u00e1\u013eovstvo nie je z tohto sveta. S\u00fa to vlastne slov\u00e1 \u00fatechy a n\u00e1deje. Berieme ich smrte\u013ene v\u00e1\u017ene alebo s\u00fa to pre n\u00e1s len pr\u00e1zdne fr\u00e1zy?<\/p>\n\n\n\n<!--more-->\n\n\n\n<p><strong>Sv\u00e4t\u00e9 om\u0161e u n\u00e1s:<\/strong><\/p>\n\n\n\n<p><strong>sobota \u2013 23. novembra (s nede\u013enou platnos\u0165ou)<\/strong><\/p>\n\n\n\n<ul class=\"wp-block-list\">\n<li><strong>17:00 \u2013 Hrub\u00e1 Bor\u0161a (slov.\/ma\u010f.)<\/strong><\/li>\n\n\n\n<li><strong>18:00 \u2013 Kostoln\u00e1 (slov.)<\/strong><\/li>\n<\/ul>\n\n\n\n<p><strong>nede\u013ea \u2013 24. novembra<\/strong><\/p>\n\n\n\n<ul class=\"wp-block-list\">\n<li><strong>8:00 \u2013 Hrub\u00fd \u0160\u00far (ma\u010f.)<\/strong><\/li>\n\n\n\n<li><strong>9:30 \u2013 Kostoln\u00e1 (ma\u010f.)<\/strong><\/li>\n\n\n\n<li><strong>11:00 \u2013 Kostoln\u00e1 (slov.)<\/strong><\/li>\n<\/ul>\n\n\n\n<p>Tento t\u00fd\u017ede\u0148 budem v Kostolnej spoveda\u0165 op\u00e4\u0165 v stredu, \u0161tvrtok a piatok v\u017edy od 16:00 do 17:00 pod pr\u00edstre\u0161kom na farskom dvore. V tom \u010dase bude v kostole ador\u00e1cia.<\/p>\n\n\n\n<p>O t\u00fd\u017ede\u0148 m\u00e1me prv\u00fa adventn\u00fa nede\u013eu. M\u00f4\u017eete si prinies\u0165 adventn\u00e9 vence na po\u017eehnanie.<\/p>\n\n\n\n<p>Minulot\u00fd\u017ed\u0148ov\u00e1 pravideln\u00e1 mesa\u010dn\u00e1 zbierka vyniesla v Kostolnej na kostol a prev\u00e1dzkov\u00e9 n\u00e1klady farnosti 793,70 \u20ac, v Hrubom \u0160\u00fare na prev\u00e1dzkov\u00e9 n\u00e1klady farnosti a potreby \u0161\u00farskej kaplnky 231,50 \u20ac a v Hrubej Bor\u0161i na splatenie rekon\u0161trukcie bor\u0161anskej kaplnky 225 \u20ac. (Pre inform\u00e1ciu: vonkaj\u0161ia rekon\u0161trukcia kaplnky st\u00e1la 22 600 \u20ac a zost\u00e1va n\u00e1m splati\u0165 e\u0161te 1 135 \u20ac.) \u00daprimne \u010fakujem za va\u0161u \u0161tedros\u0165.<\/p>\n\n\n\n<p><strong>O t\u00fd\u017ede\u0148 bude vo v\u0161etk\u00fdch kostoloch zbierka na katol\u00edcku charitu.<\/strong><\/p>\n\n\n\n<p><strong>D\u00e1vam do pozornosti, \u017ee je mo\u017en\u00e9 si nahl\u00e1si\u0165 \u00famysly sv\u00e4t\u00fdch om\u0161\u00ed u\u017e aj na rok 2025.<\/strong><\/p>\n\n\n\n<p>Aj tento rok pl\u00e1nujeme pozva\u0165 sv\u00e4t\u00e9ho Mikul\u00e1\u0161a do farnosti. T\u00fdmto chcem poprosi\u0165 o pomoc t\u00fdch, ktor\u00fdm to mo\u017enosti dovolia. Pros\u00edm, ozvite sa mi, aj telefonicky 0902 359 859 a vysvetl\u00edm, \u010do by pomohlo. Vopred \u010fakujem.<\/p>\n\n\n\n<p>Sv\u00e4t\u00e9 om\u0161e v nasleduj\u00faci t\u00fd\u017ede\u0148 u n\u00e1s v Kostolnej:<\/p>\n\n\n\n<ul class=\"wp-block-list\">\n<li>pondelok \u2013 8:30 (slov. \/ ma\u010f.)<\/li>\n\n\n\n<li>utorok \u2013 17:00 (slov. \/ ma\u010f.)<\/li>\n\n\n\n<li>streda \u2013 17:00 (ma\u010f.) a 18:00 (slov.)<\/li>\n\n\n\n<li>\u0161tvrtok \u2013 17:00 (ma\u010f.) a 18:00 (slov.)<\/li>\n\n\n\n<li>piatok \u2013 17:00 (ma\u010f.) a 18:00 (slov.)<\/li>\n<\/ul>\n\n\n\n<p>V stredu bude sv\u00e4t\u00e1 om\u0161a v Kostolnej o 18:00 so zrete\u013eom na deti v slovenskom jazyku a v piatok o 19:00 bude v Hrubom \u0160\u00fare sv\u00e4t\u00e1 om\u0161a so zrete\u013eom na deti a ml\u00e1de\u017e v ma\u010farskom jazyku.<\/p>\n\n\n\n<p>S \u00factou, <br>Pavol Gajdo\u0161, v\u00e1\u0161 far\u00e1r<\/p>\n\n\n\n<p>\u010eal\u0161ie oznamy s arcidiec\u00e9zy:<\/p>\n\n\n\n<ul class=\"wp-block-list\">\n<li>Bratislavsk\u00e1 arcidiec\u00e9zna charita sa po\u010das 1. adventnej nedele v chr\u00e1moch uch\u00e1dza o podporu veriacich v Zbierke na charitu. S va\u0161ou pomocou vieme podporova\u0165 inkluz\u00edvne a rozvojov\u00e9 projekty cez grantov\u00fd program CreoCaritas, zabezpe\u010dova\u0165 opatrovate\u013esk\u00fa slu\u017ebu v dom\u00e1com prostred\u00ed, pom\u00e1ha\u0165 \u013eu\u010fom so sk\u00fasenos\u0165ou s du\u0161evn\u00fdm ochoren\u00edm \u017ei\u0165 plnohodnotnej\u0161\u00ed \u017eivot, \u010di poskytova\u0165 zdravotn\u00e9 pom\u00f4cky tam, kde ch\u00fdbaj\u00fa. Slu\u017ebu a pomoc n\u00fadznym v Bratislavskej arcidiec\u00e9ze m\u00f4\u017eete podpori\u0165 priamo v kostole alebo zaslan\u00edm finan\u010dn\u00e9ho pr\u00edspevku \u00fa\u010det SK54 0900 0000 0051 2351 0222 s variabiln\u00fdm symbolom 8008. Online podporu Bratislavskej arcidiec\u00e9znej charity a jej slu\u017eby n\u00e1jdete na <a href=\"https:\/\/www.charitaba.sk\/\" target=\"_blank\" rel=\"noopener\" title=\"\">www.charitaba.sk<\/a> a jej soci\u00e1lnych sie\u0165ach.<\/li>\n<\/ul>\n\n\n\n<ul class=\"wp-block-list\">\n<li>Mo\u017enos\u0165 z\u00edska\u0165 z\u013eavu na koncert Piotra Rubika &#8211;<a href=\"https:\/\/remote.abuba.sk:8444\/ssf\/s\/readFile\/share\/3778\/-3482800601568012845\/publicLink\/Rubik%20A4%20z%C4%BEava.pdf\" target=\"_blank\" rel=\"noopener\" title=\"\"> plag\u00e1t na stiahnutie<\/a>.<\/li>\n<\/ul>\n","protected":false},"excerpt":{"rendered":"<p>Na\u0161a vlas\u0165 je v Nebi a Je\u017ei\u0161ovo kr\u00e1\u013eovstvo nie je z tohto sveta. S\u00fa to vlastne slov\u00e1 \u00fatechy a n\u00e1deje. Berieme ich smrte\u013ene v\u00e1\u017ene alebo s\u00fa to pre n\u00e1s len pr\u00e1zdne fr\u00e1zy?<\/p>\n","protected":false},"author":7,"featured_media":9244,"comment_status":"closed","ping_status":"closed","sticky":false,"template":"","format":"standard","meta":{"footnotes":""},"categories":[13],"tags":[],"class_list":{"0":"entry","1":"post","2":"publish","3":"author-slado89gmail-com","4":"has-more-link","5":"post-9242","7":"format-standard","8":"has-post-thumbnail","9":"category-oznamy"},"_links":{"self":[{"href":"https:\/\/www.farakostolna.sk\/index.php?rest_route=\/wp\/v2\/posts\/9242","targetHints":{"allow":["GET"]}}],"collection":[{"href":"https:\/\/www.farakostolna.sk\/index.php?rest_route=\/wp\/v2\/posts"}],"about":[{"href":"https:\/\/www.farakostolna.sk\/index.php?rest_route=\/wp\/v2\/types\/post"}],"author":[{"embeddable":true,"href":"https:\/\/www.farakostolna.sk\/index.php?rest_route=\/wp\/v2\/users\/7"}],"replies":[{"embeddable":true,"href":"https:\/\/www.farakostolna.sk\/index.php?rest_route=%2Fwp%2Fv2%2Fcomments&post=9242"}],"version-history":[{"count":3,"href":"https:\/\/www.farakostolna.sk\/index.php?rest_route=\/wp\/v2\/posts\/9242\/revisions"}],"predecessor-version":[{"id":9247,"href":"https:\/\/www.farakostolna.sk\/index.php?rest_route=\/wp\/v2\/posts\/9242\/revisions\/9247"}],"wp:featuredmedia":[{"embeddable":true,"href":"https:\/\/www.farakostolna.sk\/index.php?rest_route=\/wp\/v2\/media\/9244"}],"wp:attachment":[{"href":"https:\/\/www.farakostolna.sk\/index.php?rest_route=%2Fwp%2Fv2%2Fmedia&parent=9242"}],"wp:term":[{"taxonomy":"category","embeddable":true,"href":"https:\/\/www.farakostolna.sk\/index.php?rest_route=%2Fwp%2Fv2%2Fcategories&post=9242"},{"taxonomy":"post_tag","embeddable":true,"href":"https:\/\/www.farakostolna.sk\/index.php?rest_route=%2Fwp%2Fv2%2Ftags&post=9242"}],"curies":[{"name":"wp","href":"https:\/\/api.w.org\/{rel}","templated":true}]}}