{"id":9219,"date":"2024-11-09T09:31:44","date_gmt":"2024-11-09T08:31:44","guid":{"rendered":"https:\/\/www.farakostolna.sk\/?p=9219"},"modified":"2024-11-09T12:36:53","modified_gmt":"2024-11-09T11:36:53","slug":"farske-oznamy-a-zamyslenie-10-11-2024","status":"publish","type":"post","link":"https:\/\/www.farakostolna.sk\/?p=9219","title":{"rendered":"Farsk\u00e9 oznamy a zamyslenie (10.11.2024)"},"content":{"rendered":"<div class=\"wp-block-image\">\n<figure class=\"aligncenter size-large\"><img loading=\"lazy\" decoding=\"async\" width=\"1024\" height=\"672\" src=\"https:\/\/www.farakostolna.sk\/wp-content\/uploads\/2024\/11\/WhatsApp-Image-2024-11-09-at-09.22.00_b45552b7-1024x672.jpg\" alt=\"\" class=\"wp-image-9220\" srcset=\"https:\/\/www.farakostolna.sk\/wp-content\/uploads\/2024\/11\/WhatsApp-Image-2024-11-09-at-09.22.00_b45552b7-1024x672.jpg 1024w, https:\/\/www.farakostolna.sk\/wp-content\/uploads\/2024\/11\/WhatsApp-Image-2024-11-09-at-09.22.00_b45552b7-300x197.jpg 300w, https:\/\/www.farakostolna.sk\/wp-content\/uploads\/2024\/11\/WhatsApp-Image-2024-11-09-at-09.22.00_b45552b7-768x504.jpg 768w, https:\/\/www.farakostolna.sk\/wp-content\/uploads\/2024\/11\/WhatsApp-Image-2024-11-09-at-09.22.00_b45552b7-1536x1008.jpg 1536w, https:\/\/www.farakostolna.sk\/wp-content\/uploads\/2024\/11\/WhatsApp-Image-2024-11-09-at-09.22.00_b45552b7.jpg 1560w\" sizes=\"auto, (max-width: 1024px) 100vw, 1024px\" \/><\/figure>\n<\/div>\n\n\n<p><\/p>\n\n\n\n<p>Kde sa nach\u00e1dzame v slu\u017ebe? Sme ako vdova, \u010do d\u00e1va v\u0161etko, \u010di ako farizej, \u010do d\u00e1va m\u00e1lo? No, ale \u010do ak sme t\u00ed, \u010do iba sleduj\u00fa a posudzuj\u00fa &#8220;ko\u013eko d\u00e1vaj\u00fa&#8221; in\u00ed?<\/p>\n\n\n\n<!--more-->\n\n\n\n<p><strong>Sv\u00e4t\u00e9 om\u0161e u n\u00e1s:<\/strong><\/p>\n\n\n\n<p><strong>sobota \u2013 9. novembra (s nede\u013enou platnos\u0165ou)<\/strong><\/p>\n\n\n\n<ul class=\"wp-block-list\">\n<li><strong>17:00 \u2013 Hrub\u00e1 Bor\u0161a (slov.\/ma\u010f.)<\/strong><\/li>\n\n\n\n<li><strong>18:00 \u2013 Kostoln\u00e1 (slov.)<\/strong><\/li>\n<\/ul>\n\n\n\n<p><strong>nede\u013ea \u2013 10. novembra<\/strong><\/p>\n\n\n\n<ul class=\"wp-block-list\">\n<li><strong>8:00 \u2013 Hrub\u00fd \u0160\u00far (ma\u010f.)<\/strong><\/li>\n\n\n\n<li><strong>9:30 \u2013 Kostoln\u00e1 (ma\u010f.)<\/strong><\/li>\n\n\n\n<li><strong>11:00 \u2013 Kostoln\u00e1 (slov.)<\/strong><\/li>\n<\/ul>\n\n\n\n<p><strong>V t\u00fato nede\u013eu bude po slovenskej sv\u00e4tej om\u0161i predstavenie b\u00e1bkov\u00e9ho divadla s n\u00e1zvom \u201cCesta k moru\u201d. Predstavenie bude v pastora\u010dnom centre pod farou, trv\u00e1 30 min\u00fat a je ur\u010den\u00e9 pre mal\u00e9 deti a \u0161kol\u00e1kov prv\u00e9ho stup\u0148a.<\/strong><\/p>\n\n\n\n<p>Pre rodi\u010dov, ktor\u00ed bud\u00fa \u010daka\u0165 na svoje deti, bude pripraven\u00fd pod pr\u00edstre\u0161kom tepl\u00fd \u010daj.<\/p>\n\n\n\n<p>Tento t\u00fd\u017ede\u0148 budem v Kostolnej spoveda\u0165 v stredu, \u0161tvrtok a piatok v\u017edy od 16:00 do 17:00 pod pr\u00edstre\u0161kom na farskom dvore. V tom \u010dase bude v kostole ador\u00e1cia.<\/p>\n\n\n\n<p>Z predaja svie\u010dok \u201cza nenaroden\u00e9 deti\u201d sme pre F\u00f3rum \u017eivota vyzbierali v na\u0161ej farnosti spolu 814 \u20ac, z toho v Kostolnej 572,70 \u20ac, v Hrubom \u0160\u00fare 185 \u20ac a v Hrubej Bor\u0161i 56,30 \u20ac. Peniaze sa prepo\u0161l\u00fa na dan\u00fd \u00fa\u010det. \u010eakujeme.<\/p>\n\n\n\n<p><strong>Tento v\u00edkend sa pri v\u0161etk\u00fdch sv. om\u0161iach kon\u00e1 tradi\u010dn\u00e1 Sv\u00e4tomartinsk\u00e1 zbierka. <\/strong>Jej v\u00fd\u0165a\u017eok je tento rok ur\u010den\u00fd na pomoc pre nieko\u013eko desiatok rod\u00edn z Ostravsko-opavskej diec\u00e9zy, ktor\u00fdm tohoro\u010dn\u00e9 povodne zni\u010dili obydlia.<\/p>\n\n\n\n<p>Sv\u00e4t\u00e9 om\u0161e v nasleduj\u00faci t\u00fd\u017ede\u0148 u n\u00e1s v Kostolnej:<\/p>\n\n\n\n<ul class=\"wp-block-list\">\n<li>pondelok \u2013 8:30 (slov. \/ ma\u010f.)<\/li>\n\n\n\n<li>utorok \u2013 17:00 (slov. \/ ma\u010f.)<\/li>\n\n\n\n<li>streda \u2013 17:00 (ma\u010f.) a 18:00 (slov.)<\/li>\n\n\n\n<li>\u0161tvrtok \u2013 17:00 (ma\u010f.) a 18:00 (slov.)<\/li>\n\n\n\n<li>piatok \u2013 17:00 (ma\u010f.) a 18:00 (slov.)<\/li>\n<\/ul>\n\n\n\n<p>V stredu o 18:00 bude v Kostolnej sv\u00e4t\u00e1 om\u0161a so zrete\u013eom na deti v slovenskom jazyku.<br>V piatok o 19:00 bude sv\u00e4t\u00e1 om\u0161a aj v \u0161\u00farskej kaplnke v ma\u010farskom jazyku osobitne pre deti a ml\u00e1de\u017e.<\/p>\n\n\n\n<p><strong>D\u00e1vam do pozornosti mo\u017enos\u0165 nahlasovania \u00famyslov sv\u00e4t\u00fdch om\u0161\u00ed na tento rok, ako u\u017e&nbsp;aj&nbsp;na&nbsp;rok&nbsp;2025.<\/strong><\/p>\n\n\n\n<p>S \u00factou, <br>Pavol Gajdo\u0161,&nbsp;v\u00e1\u0161&nbsp;far\u00e1r<\/p>\n","protected":false},"excerpt":{"rendered":"<p>Kde sa nach\u00e1dzame v slu\u017ebe? Sme ako vdova, \u010do d\u00e1va v\u0161etko, \u010di ako farizej, \u010do d\u00e1va m\u00e1lo? No, ale \u010do ak sme t\u00ed, \u010do iba sleduj\u00fa a posudzuj\u00fa &#8220;ko\u013eko d\u00e1vaj\u00fa&#8221; in\u00ed?<\/p>\n","protected":false},"author":7,"featured_media":9220,"comment_status":"closed","ping_status":"closed","sticky":false,"template":"","format":"standard","meta":{"footnotes":""},"categories":[13],"tags":[],"class_list":{"0":"entry","1":"post","2":"publish","3":"author-slado89gmail-com","4":"has-more-link","5":"post-9219","7":"format-standard","8":"has-post-thumbnail","9":"category-oznamy"},"_links":{"self":[{"href":"https:\/\/www.farakostolna.sk\/index.php?rest_route=\/wp\/v2\/posts\/9219","targetHints":{"allow":["GET"]}}],"collection":[{"href":"https:\/\/www.farakostolna.sk\/index.php?rest_route=\/wp\/v2\/posts"}],"about":[{"href":"https:\/\/www.farakostolna.sk\/index.php?rest_route=\/wp\/v2\/types\/post"}],"author":[{"embeddable":true,"href":"https:\/\/www.farakostolna.sk\/index.php?rest_route=\/wp\/v2\/users\/7"}],"replies":[{"embeddable":true,"href":"https:\/\/www.farakostolna.sk\/index.php?rest_route=%2Fwp%2Fv2%2Fcomments&post=9219"}],"version-history":[{"count":3,"href":"https:\/\/www.farakostolna.sk\/index.php?rest_route=\/wp\/v2\/posts\/9219\/revisions"}],"predecessor-version":[{"id":9224,"href":"https:\/\/www.farakostolna.sk\/index.php?rest_route=\/wp\/v2\/posts\/9219\/revisions\/9224"}],"wp:featuredmedia":[{"embeddable":true,"href":"https:\/\/www.farakostolna.sk\/index.php?rest_route=\/wp\/v2\/media\/9220"}],"wp:attachment":[{"href":"https:\/\/www.farakostolna.sk\/index.php?rest_route=%2Fwp%2Fv2%2Fmedia&parent=9219"}],"wp:term":[{"taxonomy":"category","embeddable":true,"href":"https:\/\/www.farakostolna.sk\/index.php?rest_route=%2Fwp%2Fv2%2Fcategories&post=9219"},{"taxonomy":"post_tag","embeddable":true,"href":"https:\/\/www.farakostolna.sk\/index.php?rest_route=%2Fwp%2Fv2%2Ftags&post=9219"}],"curies":[{"name":"wp","href":"https:\/\/api.w.org\/{rel}","templated":true}]}}