{"id":9211,"date":"2024-11-01T22:40:48","date_gmt":"2024-11-01T21:40:48","guid":{"rendered":"https:\/\/www.farakostolna.sk\/?p=9211"},"modified":"2024-11-03T07:11:38","modified_gmt":"2024-11-03T06:11:38","slug":"farske-oznamy-a-zamyslenie-03-11-2024","status":"publish","type":"post","link":"https:\/\/www.farakostolna.sk\/?p=9211","title":{"rendered":"Farsk\u00e9 oznamy a zamyslenie (03.11.2024)"},"content":{"rendered":"<div class=\"wp-block-image\">\n<figure class=\"aligncenter size-large\"><img loading=\"lazy\" decoding=\"async\" width=\"1024\" height=\"703\" src=\"https:\/\/www.farakostolna.sk\/wp-content\/uploads\/2024\/11\/WhatsApp-Image-2024-11-01-at-22.10.15_3265bbf2-1024x703.jpg\" alt=\"\" class=\"wp-image-9212\" srcset=\"https:\/\/www.farakostolna.sk\/wp-content\/uploads\/2024\/11\/WhatsApp-Image-2024-11-01-at-22.10.15_3265bbf2-1024x703.jpg 1024w, https:\/\/www.farakostolna.sk\/wp-content\/uploads\/2024\/11\/WhatsApp-Image-2024-11-01-at-22.10.15_3265bbf2-300x206.jpg 300w, https:\/\/www.farakostolna.sk\/wp-content\/uploads\/2024\/11\/WhatsApp-Image-2024-11-01-at-22.10.15_3265bbf2-768x528.jpg 768w, https:\/\/www.farakostolna.sk\/wp-content\/uploads\/2024\/11\/WhatsApp-Image-2024-11-01-at-22.10.15_3265bbf2-1536x1055.jpg 1536w, https:\/\/www.farakostolna.sk\/wp-content\/uploads\/2024\/11\/WhatsApp-Image-2024-11-01-at-22.10.15_3265bbf2.jpg 1600w\" sizes=\"auto, (max-width: 1024px) 100vw, 1024px\" \/><\/figure>\n<\/div>\n\n\n<p><\/p>\n\n\n\n<p>Na svete je mnoho s\u00fa\u0165a\u017e\u00ed o &#8220;NAJ&#8221; &#8211; \u0161portovca, \u017eenu, mu\u017ea, herca, spev\u00e1ka, piese\u0148, film, knihu, vedeck\u00fa pr\u00e1cu,\u2026 Dnes n\u00e1m v\u0161ak Je\u017ei\u0161 d\u00e1va do stredobodu pozornosti svoje &#8220;NAJ&#8221; &#8211; Boha samotn\u00e9ho a l\u00e1sku k bl\u00ed\u017enemu. \u010co je pre n\u00e1s skuto\u010dn\u00fdm stredom &#8220;vesm\u00edru&#8221;?<\/p>\n\n\n\n<!--more-->\n\n\n\n<p><strong>Sv\u00e4t\u00e9 om\u0161e u n\u00e1s:<\/strong><\/p>\n\n\n\n<p><strong>sobota \u2013 2. novembra (s nede\u013enou platnos\u0165ou)<\/strong><\/p>\n\n\n\n<ul class=\"wp-block-list\">\n<li><strong>17:00 \u2013 Hrub\u00e1 Bor\u0161a (slov.\/ma\u010f.)<\/strong><\/li>\n\n\n\n<li><strong>18:00 \u2013 Kostoln\u00e1 (slov.)<\/strong><\/li>\n<\/ul>\n\n\n\n<p><strong>nede\u013ea \u2013 3. novembra<\/strong><\/p>\n\n\n\n<ul class=\"wp-block-list\">\n<li><strong>8:00 \u2013 Hrub\u00fd \u0160\u00far (ma\u010f.)<\/strong><\/li>\n\n\n\n<li><strong>9:30 \u2013 Kostoln\u00e1 (ma\u010f.)<\/strong><\/li>\n\n\n\n<li><strong>11:00 \u2013 Kostoln\u00e1 (slov.)<\/strong><\/li>\n<\/ul>\n\n\n\n<p>V t\u00fato nede\u013eu je o 11:00 v Kostolnej \u201crodinn\u00e1\u201d sv\u00e4t\u00e1 om\u0161a, na ktor\u00fa poz\u00fdvame v\u0161etk\u00fdch, osobitne deti spolu s rodi\u010dmi. Pri sv\u00e4tej om\u0161i bude aj po\u017eehnanie mami\u010diek pred p\u00f4rodom a p\u00fatnikov, ktor\u00ed v pondelok odlietaj\u00fa aj s na\u0161imi pera\u010dn\u00edkmi do Tanz\u00e1nie.<\/p>\n\n\n\n<p>Ke\u010f\u017ee z\u00e1pas o \u201cdu\u0161i\u010dky\u201d trv\u00e1, spoveda\u0165 budem v Kostolnej tento t\u00fd\u017ede\u0148 od pondelka do piatku v\u017edy od 16:00 do 17:00 pod pr\u00edstre\u0161kom na farskom dvore. V tom \u010dase bude v kostole ador\u00e1cia.<\/p>\n\n\n\n<p>Po\u010das t\u00fdchto dn\u00ed nezabudnime pre du\u0161e z\u00edskava\u0165 \u00fapln\u00e9 odpustky, ktor\u00e9 mo\u017eno privlastni\u0165 du\u0161iam v o\u010distci raz denne a\u017e do 8. novembra. K tomu treba okrem sv\u00e4t\u00e9ho prij\u00edmania, n\u00e1v\u0161tevy cintor\u00edna a modlitieb by\u0165 v stave posv\u00e4cuj\u00facej milosti, teda by\u0165 po sv\u00e4tej spovedi a vyl\u00fa\u010di\u0165 ak\u00fako\u013evek prip\u00fatanos\u0165 k hriechu, aj k v\u0161edn\u00e9mu.<\/p>\n\n\n\n<p>V r\u00e1mci sviatkov &#8220;du\u0161i\u010diek&#8221; si v na\u0161ich kostoloch m\u00f4\u017eete zak\u00fapi\u0165 origin\u00e1lnu svie\u010dku (2 \u20ac a 5 \u20ac) s logom kampane \u201cSvie\u010dka za nenaroden\u00e9 deti\u201d a takto podpori\u0165 aktivity zameran\u00e9 na ochranu \u017eivota a rodiny. Hlavnou my\u0161lienkou tejto akcie je spoji\u0165 spomienku na v\u0161etk\u00fdch vern\u00fdch zosnul\u00fdch so spomienkou na deti, ktor\u00e9 sa nemohli narodi\u0165, lebo zomreli pri potrate.<\/p>\n\n\n\n<p>Minulot\u00fd\u017ed\u0148ov\u00e1 zbierka na kostol a prev\u00e1dzkov\u00e9 n\u00e1klady farnosti vyniesla v Kostolnej 845,75 \u20ac, v Hrubom \u0160\u00fare na prev\u00e1dzkov\u00e9 n\u00e1klady farnosti a potreby \u0161\u00farskej kaplnky 165,20 \u20ac a v Hrubej Bor\u0161i na splatenie rekon\u0161trukcie bor\u0161anskej kaplnky 191 \u20ac. \u00daprimne \u010fakujem.<\/p>\n\n\n\n<p><strong>Bud\u00facu nede\u013eu 10. novembra sa pri v\u0161etk\u00fdch sv. om\u0161iach kon\u00e1 tradi\u010dn\u00e1 Sv\u00e4tomartinsk\u00e1<br>zbierka.<\/strong> Jej v\u00fd\u0165a\u017eok je tento rok ur\u010den\u00fd na pomoc pre nieko\u013eko desiatok rod\u00edn z Ostravsko-<br>opavskej diec\u00e9zy, ktor\u00fdm tohoro\u010dn\u00e9 povodne zni\u010dili\u00a0obydlia.<\/p>\n\n\n\n<p><strong>Sv\u00e4t\u00e9 om\u0161e v nasleduj\u00faci t\u00fd\u017ede\u0148 u n\u00e1s:<\/strong><\/p>\n\n\n\n<ul class=\"wp-block-list\">\n<li><strong>od pondelka do piatku v\u017edy o 17:00 v ma\u010farskom a o 18:00 v slovenskom jazyku<\/strong><\/li>\n<\/ul>\n\n\n\n<ul class=\"wp-block-list\">\n<li><strong>v piatok o 19:00 aj v \u0161\u00farskej kaplnke v ma\u010farskom jazyku osobitne pre deti a ml\u00e1de\u017e<\/strong><\/li>\n<\/ul>\n\n\n\n<p>Te\u0161\u00edme sa na V\u00c1S!<\/p>\n\n\n\n<p>S \u00factou, <br>Pavol Gajdo\u0161,&nbsp;v\u00e1\u0161&nbsp;far\u00e1r<\/p>\n","protected":false},"excerpt":{"rendered":"<p>Na svete je mnoho s\u00fa\u0165a\u017e\u00ed o &#8220;NAJ&#8221; &#8211; \u0161portovca, \u017eenu, mu\u017ea, herca, spev\u00e1ka, piese\u0148, film, knihu, vedeck\u00fa pr\u00e1cu,\u2026 Dnes n\u00e1m v\u0161ak Je\u017ei\u0161 d\u00e1va do stredobodu pozornosti svoje &#8220;NAJ&#8221; &#8211; Boha samotn\u00e9ho a l\u00e1sku k bl\u00ed\u017enemu. \u010co je pre n\u00e1s skuto\u010dn\u00fdm stredom &#8220;vesm\u00edru&#8221;?<\/p>\n","protected":false},"author":7,"featured_media":9212,"comment_status":"closed","ping_status":"closed","sticky":false,"template":"","format":"standard","meta":{"footnotes":""},"categories":[13],"tags":[],"class_list":{"0":"entry","1":"post","2":"publish","3":"author-slado89gmail-com","4":"has-more-link","5":"post-9211","7":"format-standard","8":"has-post-thumbnail","9":"category-oznamy"},"_links":{"self":[{"href":"https:\/\/www.farakostolna.sk\/index.php?rest_route=\/wp\/v2\/posts\/9211","targetHints":{"allow":["GET"]}}],"collection":[{"href":"https:\/\/www.farakostolna.sk\/index.php?rest_route=\/wp\/v2\/posts"}],"about":[{"href":"https:\/\/www.farakostolna.sk\/index.php?rest_route=\/wp\/v2\/types\/post"}],"author":[{"embeddable":true,"href":"https:\/\/www.farakostolna.sk\/index.php?rest_route=\/wp\/v2\/users\/7"}],"replies":[{"embeddable":true,"href":"https:\/\/www.farakostolna.sk\/index.php?rest_route=%2Fwp%2Fv2%2Fcomments&post=9211"}],"version-history":[{"count":2,"href":"https:\/\/www.farakostolna.sk\/index.php?rest_route=\/wp\/v2\/posts\/9211\/revisions"}],"predecessor-version":[{"id":9218,"href":"https:\/\/www.farakostolna.sk\/index.php?rest_route=\/wp\/v2\/posts\/9211\/revisions\/9218"}],"wp:featuredmedia":[{"embeddable":true,"href":"https:\/\/www.farakostolna.sk\/index.php?rest_route=\/wp\/v2\/media\/9212"}],"wp:attachment":[{"href":"https:\/\/www.farakostolna.sk\/index.php?rest_route=%2Fwp%2Fv2%2Fmedia&parent=9211"}],"wp:term":[{"taxonomy":"category","embeddable":true,"href":"https:\/\/www.farakostolna.sk\/index.php?rest_route=%2Fwp%2Fv2%2Fcategories&post=9211"},{"taxonomy":"post_tag","embeddable":true,"href":"https:\/\/www.farakostolna.sk\/index.php?rest_route=%2Fwp%2Fv2%2Ftags&post=9211"}],"curies":[{"name":"wp","href":"https:\/\/api.w.org\/{rel}","templated":true}]}}