{"id":9202,"date":"2024-10-25T22:34:55","date_gmt":"2024-10-25T20:34:55","guid":{"rendered":"https:\/\/www.farakostolna.sk\/?p=9202"},"modified":"2024-10-25T22:34:56","modified_gmt":"2024-10-25T20:34:56","slug":"farske-oznamy-a-zamyslenie-27-10-2024","status":"publish","type":"post","link":"https:\/\/www.farakostolna.sk\/?p=9202","title":{"rendered":"Farsk\u00e9 oznamy a zamyslenie (27.10.2024)"},"content":{"rendered":"<div class=\"wp-block-image\">\n<figure class=\"aligncenter size-full is-resized\"><img loading=\"lazy\" decoding=\"async\" width=\"800\" height=\"500\" src=\"https:\/\/www.farakostolna.sk\/wp-content\/uploads\/2024\/10\/Cecita-civile-invalidita-e-pensione.jpg\" alt=\"\" class=\"wp-image-9203\" style=\"width:1028px;height:auto\" srcset=\"https:\/\/www.farakostolna.sk\/wp-content\/uploads\/2024\/10\/Cecita-civile-invalidita-e-pensione.jpg 800w, https:\/\/www.farakostolna.sk\/wp-content\/uploads\/2024\/10\/Cecita-civile-invalidita-e-pensione-300x188.jpg 300w, https:\/\/www.farakostolna.sk\/wp-content\/uploads\/2024\/10\/Cecita-civile-invalidita-e-pensione-768x480.jpg 768w\" sizes=\"auto, (max-width: 800px) 100vw, 800px\" \/><\/figure>\n<\/div>\n\n\n<p><\/p>\n\n\n\n<p>Slep\u00fd Bartimej po\u010dul o Je\u017ei\u0161ovi, ke\u010f \u0161iel okolo neho. Vyu\u017eil celo\u017eivotn\u00fa \u0161ancu a prosil o milos\u0165. Vid\u00edme a po\u010dujeme Je\u017ei\u0161a? V kom je dnes pr\u00edtomn\u00fd?<\/p>\n\n\n\n<!--more-->\n\n\n\n<p><strong>Sv\u00e4t\u00e9 om\u0161e u n\u00e1s:<\/strong><\/p>\n\n\n\n<p><strong>sobota \u2013 26. okt\u00f3bra (s nede\u013enou platnos\u0165ou)<\/strong><\/p>\n\n\n\n<ul class=\"wp-block-list\">\n<li><strong>17:00 \u2013 Hrub\u00e1 Bor\u0161a (slov.\/ma\u010f.)<\/strong><\/li>\n\n\n\n<li><strong>18:00 \u2013 Kostoln\u00e1 (slov.)<\/strong><\/li>\n<\/ul>\n\n\n\n<p><strong>nede\u013ea \u2013 27. okt\u00f3bra<\/strong><\/p>\n\n\n\n<ul class=\"wp-block-list\">\n<li><strong>8:00 \u2013 Hrub\u00fd \u0160\u00far (ma\u010f.)<\/strong><\/li>\n\n\n\n<li><strong>9:30 \u2013 Kostoln\u00e1 (ma\u010f.)<\/strong><\/li>\n\n\n\n<li><strong>11:00 \u2013 Kostoln\u00e1 (slov.)<\/strong><\/li>\n<\/ul>\n\n\n\n<p>Tento t\u00fd\u017ede\u0148 budem spoveda\u0165 v Kostolnej v utorok od 17:00 do 18:00 a v stredu od 16:00 do 17:00 pod pr\u00edstre\u0161kom na farskom dvore. V tom \u010dase bude v kostole ador\u00e1cia. V Hrubej Bor\u0161i vo \u0161tvrtok od 16:30 do 17:00.<\/p>\n\n\n\n<p><strong>Vo \u0161tvrtok &#8211; v predve\u010der sviatku V\u0161etk\u00fdch sv\u00e4t\u00fdch &#8211; poz\u00fdvame v\u0161etky deti na oslavu sviatku v\u0161etk\u00fdch sv\u00e4t\u00fdch do Kostolnej pri Dunaji o 16:00 v pastora\u010dnom centre pod farou. Vstupenkou je pr\u00eds\u0165 v maske nejak\u00e9ho sv\u00e4t\u00e9ho.<\/strong> V\u00edtan\u00e9 s\u00fa aj kol\u00e1\u010diky alebo nie\u010do in\u00e9 pod zub. Ukon\u010denie bude sl\u00e1vnostnou sv\u00e4tou om\u0161ou o 18:00.<\/p>\n\n\n\n<p>V piatok, v predve\u010der \u201edu\u0161i\u010diek\u201c, sa stretneme na cintor\u00edne: v Hrubej Bor\u0161i o 14:30, v Kostolnej o 15:00 a v Hrubom \u0160\u00fare o 15:30. Na po\u017eiadanie m\u00f4\u017eem po\u017eehna\u0165 nov\u00e9 hroby.<\/p>\n\n\n\n<p>Po\u010das t\u00fdchto dn\u00ed, ke\u010f viacej nav\u0161tevujeme cintor\u00edny, nezabudnime pre du\u0161e z\u00edskava\u0165 \u00fapln\u00e9 odpustky, ktor\u00e9 mo\u017eno privlastni\u0165 du\u0161iam v o\u010distci raz denne od 1. novembra do 8. novembra. K tomu treba okrem sv\u00e4t\u00e9ho prij\u00edmania, n\u00e1v\u0161tevy cintor\u00edna a modlitieb by\u0165 v stave posv\u00e4cuj\u00facej milosti, teda by\u0165 po sv\u00e4tej spovedi a vyl\u00fa\u010di\u0165 ak\u00fako\u013evek prip\u00fatanos\u0165 k hriechu, aj k v\u0161edn\u00e9mu.<\/p>\n\n\n\n<p><strong>V na\u0161ej farnosti sme sa pustili do projektu \u201cNapl\u0148 pera\u010dn\u00edk\u201d. U\u017e o t\u00fd\u017ede\u0148 sa tieto pera\u010dn\u00edky prevez\u00fa do Tanz\u00e1nie, kde ich dostan\u00fa chudobn\u00ed \u0161kol\u00e1ci, ktor\u00fdch podporujeme v r\u00e1mci projektu Adopcia na dia\u013eku.<\/strong><\/p>\n\n\n\n<p>V r\u00e1mci sviatkov &#8220;du\u0161i\u010diek&#8221; si v na\u0161ich kostoloch m\u00f4\u017eete zak\u00fapi\u0165 origin\u00e1lnu svie\u010dku (2 \u20ac a 5 \u20ac) s logom kampane \u201cSvie\u010dka za nenaroden\u00e9 deti\u201d a takto podpori\u0165 aktivity zameran\u00e9 na ochranu \u017eivota a rodiny. Hlavnou my\u0161lienkou tejto akcie je spoji\u0165 spomienku na v\u0161etk\u00fdch vern\u00fdch zosnul\u00fdch so spomienkou na deti, ktor\u00e9 sa nemohli narodi\u0165, lebo zomreli pri potrate.<\/p>\n\n\n\n<p>Minulot\u00fd\u017ed\u0148ov\u00e1 zbierka na misie v na\u0161ej farnosti vyniesla spolu 946,56 \u20ac, z toho v Kostolnej 694,76 \u20ac, v Hrubom \u0160\u00fare 162,80 \u20ac a v Hrubej Bor\u0161i 89 \u20ac. Peniaze som u\u017e preposlal na dan\u00fd \u00fa\u010det.<\/p>\n\n\n\n<p>Tento v\u00edkend bude pravideln\u00e1 mesa\u010dn\u00e1 zbierka na kostol a na prev\u00e1dzkov\u00e9 n\u00e1klady farnosti. Vopred \u010fakujem.<\/p>\n\n\n\n<p>Sv\u00e4t\u00e9 om\u0161e v nasleduj\u00faci t\u00fd\u017ede\u0148 u n\u00e1s:<\/p>\n\n\n\n<ul class=\"wp-block-list\">\n<li>pondelok &#8211; 8:30 Kostoln\u00e1 (slov.\/ma\u010f.)<\/li>\n\n\n\n<li>utorok &#8211; 18:00 Kostoln\u00e1 (slov.\/ma\u010f.)<\/li>\n\n\n\n<li>streda &#8211; 17:00 (ma\u010f.) a 18:00 (slov.) Kostoln\u00e1<\/li>\n<\/ul>\n\n\n\n<p><strong>SVIATOK V\u0160ETK\u00ddCH SV\u00c4T\u00ddCH<\/strong><\/p>\n\n\n\n<p><strong>\u0161tvrtok 31. okt\u00f3bra (s platnos\u0165ou sviatku)<\/strong><\/p>\n\n\n\n<ul class=\"wp-block-list\">\n<li><strong>17:00 \u2013 Hrub\u00e1 Bor\u0161a (slov.\/ma\u010f.)<\/strong><\/li>\n\n\n\n<li><strong>18:00 \u2013 Kostoln\u00e1 (slov.)<\/strong><\/li>\n<\/ul>\n\n\n\n<p><strong>piatok \u2013 1. novembra (ako v nedele)<\/strong><\/p>\n\n\n\n<ul class=\"wp-block-list\">\n<li><strong>8:00 \u2013 Hrub\u00fd \u0160\u00far (ma\u010f.)<\/strong><\/li>\n\n\n\n<li><strong>9:30 \u2013 Kostoln\u00e1 (ma\u010f.)<\/strong><\/li>\n\n\n\n<li><strong>11:00 \u2013 Kostoln\u00e1 (slov.)<\/strong><\/li>\n<\/ul>\n\n\n\n<p><strong>Spomienka na vern\u00fdch zosnul\u00fdch &#8211; \u201cdu\u0161i\u010dky\u201d<\/strong><\/p>\n\n\n\n<p><strong>sobota \u2013 2. novembra<\/strong><\/p>\n\n\n\n<ul class=\"wp-block-list\">\n<li><strong>8:00 \u2013 Hrub\u00fd \u0160\u00far (ma\u010f.)<\/strong><\/li>\n\n\n\n<li><strong>9:00 \u2013 Kostoln\u00e1 (ma\u010f.)<\/strong><\/li>\n<\/ul>\n\n\n\n<ul class=\"wp-block-list\">\n<li><strong>17:00 \u2013 Hrub\u00e1 Bor\u0161a (slov.\/ma\u010f.)<\/strong><\/li>\n\n\n\n<li><strong>18:00 \u2013 Kostoln\u00e1 (slov.)<\/strong><\/li>\n<\/ul>\n\n\n\n<p>Te\u0161\u00edme sa na V\u00c1S!<br><br>S \u00factou, <br>Pavol Gajdo\u0161,\u00a0v\u00e1\u0161\u00a0far\u00e1r<\/p>\n","protected":false},"excerpt":{"rendered":"<p>Slep\u00fd Bartimej po\u010dul o Je\u017ei\u0161ovi, ke\u010f \u0161iel okolo neho. Vyu\u017eil celo\u017eivotn\u00fa \u0161ancu a prosil o milos\u0165. Vid\u00edme a po\u010dujeme Je\u017ei\u0161a? V kom je dnes pr\u00edtomn\u00fd?<\/p>\n","protected":false},"author":7,"featured_media":9203,"comment_status":"closed","ping_status":"closed","sticky":false,"template":"","format":"standard","meta":{"footnotes":""},"categories":[13],"tags":[],"class_list":{"0":"entry","1":"post","2":"publish","3":"author-slado89gmail-com","4":"has-more-link","5":"post-9202","7":"format-standard","8":"has-post-thumbnail","9":"category-oznamy"},"_links":{"self":[{"href":"https:\/\/www.farakostolna.sk\/index.php?rest_route=\/wp\/v2\/posts\/9202","targetHints":{"allow":["GET"]}}],"collection":[{"href":"https:\/\/www.farakostolna.sk\/index.php?rest_route=\/wp\/v2\/posts"}],"about":[{"href":"https:\/\/www.farakostolna.sk\/index.php?rest_route=\/wp\/v2\/types\/post"}],"author":[{"embeddable":true,"href":"https:\/\/www.farakostolna.sk\/index.php?rest_route=\/wp\/v2\/users\/7"}],"replies":[{"embeddable":true,"href":"https:\/\/www.farakostolna.sk\/index.php?rest_route=%2Fwp%2Fv2%2Fcomments&post=9202"}],"version-history":[{"count":1,"href":"https:\/\/www.farakostolna.sk\/index.php?rest_route=\/wp\/v2\/posts\/9202\/revisions"}],"predecessor-version":[{"id":9204,"href":"https:\/\/www.farakostolna.sk\/index.php?rest_route=\/wp\/v2\/posts\/9202\/revisions\/9204"}],"wp:featuredmedia":[{"embeddable":true,"href":"https:\/\/www.farakostolna.sk\/index.php?rest_route=\/wp\/v2\/media\/9203"}],"wp:attachment":[{"href":"https:\/\/www.farakostolna.sk\/index.php?rest_route=%2Fwp%2Fv2%2Fmedia&parent=9202"}],"wp:term":[{"taxonomy":"category","embeddable":true,"href":"https:\/\/www.farakostolna.sk\/index.php?rest_route=%2Fwp%2Fv2%2Fcategories&post=9202"},{"taxonomy":"post_tag","embeddable":true,"href":"https:\/\/www.farakostolna.sk\/index.php?rest_route=%2Fwp%2Fv2%2Ftags&post=9202"}],"curies":[{"name":"wp","href":"https:\/\/api.w.org\/{rel}","templated":true}]}}