{"id":9194,"date":"2024-10-18T23:22:15","date_gmt":"2024-10-18T21:22:15","guid":{"rendered":"https:\/\/www.farakostolna.sk\/?p=9194"},"modified":"2024-10-19T13:02:23","modified_gmt":"2024-10-19T11:02:23","slug":"farske-oznamy-a-zamyslenie-20-10-2024","status":"publish","type":"post","link":"https:\/\/www.farakostolna.sk\/?p=9194","title":{"rendered":"Farsk\u00e9 oznamy a zamyslenie (20.10.2024)"},"content":{"rendered":"<div class=\"wp-block-image\">\n<figure class=\"aligncenter size-large\"><img loading=\"lazy\" decoding=\"async\" width=\"1024\" height=\"618\" src=\"https:\/\/www.farakostolna.sk\/wp-content\/uploads\/2024\/10\/Screenshot-2024-10-18-231757-1024x618.png\" alt=\"\" class=\"wp-image-9195\" srcset=\"https:\/\/www.farakostolna.sk\/wp-content\/uploads\/2024\/10\/Screenshot-2024-10-18-231757-1024x618.png 1024w, https:\/\/www.farakostolna.sk\/wp-content\/uploads\/2024\/10\/Screenshot-2024-10-18-231757-300x181.png 300w, https:\/\/www.farakostolna.sk\/wp-content\/uploads\/2024\/10\/Screenshot-2024-10-18-231757-768x464.png 768w, https:\/\/www.farakostolna.sk\/wp-content\/uploads\/2024\/10\/Screenshot-2024-10-18-231757.png 1121w\" sizes=\"auto, (max-width: 1024px) 100vw, 1024px\" \/><\/figure>\n<\/div>\n\n\n<p><\/p>\n\n\n\n<p>Prav\u00fd l\u00edder, ve\u013ek\u00fd \u0161t\u00e1tnik, dobr\u00fd rodi\u010d, in\u0161pirat\u00edvny u\u010dite\u013e, charizmatick\u00fd k\u0148az,\u2026 \u010do maj\u00fa spolo\u010dn\u00e9? To, o \u010dom n\u00e1m Je\u017ei\u0161 hovor\u00ed u\u017e stovky rokov &#8211; slu\u017eba v l\u00e1ske. Objavili sme toto Bo\u017eie &#8220;tajomstvo&#8221;?<\/p>\n\n\n\n<!--more-->\n\n\n\n<p><strong>Sv\u00e4t\u00e9 om\u0161e u n\u00e1s:<\/strong><\/p>\n\n\n\n<p><strong>sobota \u2013 19. okt\u00f3bra (s nede\u013enou platnos\u0165ou)<\/strong><\/p>\n\n\n\n<ul class=\"wp-block-list\">\n<li><strong>17:00 \u2013 Hrub\u00e1 Bor\u0161a (slov.\/ma\u010f.)<\/strong><\/li>\n\n\n\n<li><strong>18:00 \u2013 Kostoln\u00e1 (slov.)<\/strong><\/li>\n<\/ul>\n\n\n\n<p><strong>nede\u013ea \u2013 20. okt\u00f3bra<\/strong><\/p>\n\n\n\n<ul class=\"wp-block-list\">\n<li><strong>8:00 \u2013 Hrub\u00fd \u0160\u00far (ma\u010f.)<\/strong><\/li>\n\n\n\n<li><strong>9:30 \u2013 Kostoln\u00e1 (ma\u010f.)<\/strong><\/li>\n\n\n\n<li><strong>11:00 \u2013 Kostoln\u00e1 (slov.)<\/strong><\/li>\n<\/ul>\n\n\n\n<p>Tento t\u00fd\u017ede\u0148 budem v\u00fdnimo\u010dne spoveda\u0165 v Kostolnej iba v piatok od 16:00 do 17:00 pod pr\u00edstre\u0161kom na farskom dvore. V tom \u010dase bude v kostole ador\u00e1cia.<\/p>\n\n\n\n<p>Sv\u00e4t\u00e9 om\u0161e cez t\u00fd\u017ede\u0148 vo farnosti nebud\u00fa. Najsk\u00f4r a\u017e v piatok, ako obvykle.<\/p>\n\n\n\n<p>V na\u0161ej farnosti sme sa pustili do projektu <strong>\u201cNapl\u0148 pera\u010dn\u00edk\u201d<\/strong>. Tieto pera\u010dn\u00edky (750ks) n\u00e1sledne potom odovzd\u00e1me chudobn\u00fdm \u0161kol\u00e1kom v Tanz\u00e1nii, ktor\u00fdch podporujeme v r\u00e1mci projektu Adopcia na dia\u013eku.<\/p>\n\n\n\n<p>S bl\u00ed\u017eiacimi sa sviatkami &#8220;du\u0161i\u010diek&#8221; sa na\u0161a farnos\u0165 op\u00e4\u0165 zap\u00e1ja do celoslovenskej akcie <strong>Svie\u010dka za nenaroden\u00e9 deti<\/strong>, ktor\u00fa organizuje zdru\u017eenie F\u00f3rum \u017eivota s podporou a po\u017eehnan\u00edm biskupov Slovenska. V na\u0161ich kostoloch si m\u00f4\u017eete zak\u00fapi\u0165 origin\u00e1lnu svie\u010dku (2 \u20ac a 5 \u20ac) s logom kampane a takto podpori\u0165 aktivity zameran\u00e9 na ochranu \u017eivota a rodiny. Hlavnou my\u0161lienkou tejto akcie je spoji\u0165 spomienku na v\u0161etk\u00fdch vern\u00fdch zosnul\u00fdch so spomienkou na deti, ktor\u00e9 sa nemohli narodi\u0165, lebo zomreli pri potrate.<\/p>\n\n\n\n<p>V tento v\u00edkend je misijn\u00e1 nede\u013ea, v r\u00e1mci ktorej bude aj ka\u017edoro\u010dn\u00e1 zbierka na misie. O t\u00fd\u017ede\u0148 bude pravideln\u00e1 mesa\u010dn\u00e1 zbierka na kostol a na prev\u00e1dzkov\u00e9 n\u00e1klady farnosti. Vopred \u010fakujem.<\/p>\n\n\n\n<p><strong>Tento t\u00fd\u017ede\u0148 budem na duchovn\u00fdch cvi\u010deniach.<\/strong> Do farnosti sa vr\u00e1tim v piatok poobede. Fara bude str\u00e1\u017een\u00e1. <strong>V pr\u00edpade zaopatrovania chor\u00fdch, alebo pohrebu, volajte vdp. Gabriela Klenku, p\u00e1na far\u00e1ra z Ve\u013ek\u00e9ho Bielu (0911 811 328)<\/strong>. Mne, pros\u00edm, netelefonujte, v s\u00farnom pr\u00edpade iba po\u0161lite spr\u00e1vu. \u010eakujem za porozumenie.<\/p>\n\n\n\n<p>S \u00factou, <br>Pavol Gajdo\u0161,&nbsp;v\u00e1\u0161&nbsp;far\u00e1r<\/p>\n","protected":false},"excerpt":{"rendered":"<p>Prav\u00fd l\u00edder, ve\u013ek\u00fd \u0161t\u00e1tnik, dobr\u00fd rodi\u010d, in\u0161pirat\u00edvny u\u010dite\u013e, charizmatick\u00fd k\u0148az,\u2026 \u010do maj\u00fa spolo\u010dn\u00e9? To, o \u010dom n\u00e1m Je\u017ei\u0161 hovor\u00ed u\u017e stovky rokov &#8211; slu\u017eba v l\u00e1ske. Objavili sme toto Bo\u017eie &#8220;tajomstvo&#8221;?<\/p>\n","protected":false},"author":7,"featured_media":9195,"comment_status":"closed","ping_status":"closed","sticky":false,"template":"","format":"standard","meta":{"footnotes":""},"categories":[13],"tags":[],"class_list":{"0":"entry","1":"post","2":"publish","3":"author-slado89gmail-com","4":"has-more-link","5":"post-9194","7":"format-standard","8":"has-post-thumbnail","9":"category-oznamy"},"_links":{"self":[{"href":"https:\/\/www.farakostolna.sk\/index.php?rest_route=\/wp\/v2\/posts\/9194","targetHints":{"allow":["GET"]}}],"collection":[{"href":"https:\/\/www.farakostolna.sk\/index.php?rest_route=\/wp\/v2\/posts"}],"about":[{"href":"https:\/\/www.farakostolna.sk\/index.php?rest_route=\/wp\/v2\/types\/post"}],"author":[{"embeddable":true,"href":"https:\/\/www.farakostolna.sk\/index.php?rest_route=\/wp\/v2\/users\/7"}],"replies":[{"embeddable":true,"href":"https:\/\/www.farakostolna.sk\/index.php?rest_route=%2Fwp%2Fv2%2Fcomments&post=9194"}],"version-history":[{"count":3,"href":"https:\/\/www.farakostolna.sk\/index.php?rest_route=\/wp\/v2\/posts\/9194\/revisions"}],"predecessor-version":[{"id":9198,"href":"https:\/\/www.farakostolna.sk\/index.php?rest_route=\/wp\/v2\/posts\/9194\/revisions\/9198"}],"wp:featuredmedia":[{"embeddable":true,"href":"https:\/\/www.farakostolna.sk\/index.php?rest_route=\/wp\/v2\/media\/9195"}],"wp:attachment":[{"href":"https:\/\/www.farakostolna.sk\/index.php?rest_route=%2Fwp%2Fv2%2Fmedia&parent=9194"}],"wp:term":[{"taxonomy":"category","embeddable":true,"href":"https:\/\/www.farakostolna.sk\/index.php?rest_route=%2Fwp%2Fv2%2Fcategories&post=9194"},{"taxonomy":"post_tag","embeddable":true,"href":"https:\/\/www.farakostolna.sk\/index.php?rest_route=%2Fwp%2Fv2%2Ftags&post=9194"}],"curies":[{"name":"wp","href":"https:\/\/api.w.org\/{rel}","templated":true}]}}