{"id":9180,"date":"2024-10-12T08:49:10","date_gmt":"2024-10-12T06:49:10","guid":{"rendered":"https:\/\/www.farakostolna.sk\/?p=9180"},"modified":"2024-10-12T11:12:32","modified_gmt":"2024-10-12T09:12:32","slug":"farske-oznamy-a-zamyslenie-13-10-2024","status":"publish","type":"post","link":"https:\/\/www.farakostolna.sk\/?p=9180","title":{"rendered":"Farsk\u00e9 oznamy a zamyslenie (13.10.2024)"},"content":{"rendered":"<div class=\"wp-block-image\">\n<figure class=\"aligncenter size-full is-resized\"><img loading=\"lazy\" decoding=\"async\" width=\"1017\" height=\"677\" src=\"https:\/\/www.farakostolna.sk\/wp-content\/uploads\/2024\/10\/Screenshot-2024-10-12-084757.png\" alt=\"\" class=\"wp-image-9181\" style=\"width:1028px;height:auto\" srcset=\"https:\/\/www.farakostolna.sk\/wp-content\/uploads\/2024\/10\/Screenshot-2024-10-12-084757.png 1017w, https:\/\/www.farakostolna.sk\/wp-content\/uploads\/2024\/10\/Screenshot-2024-10-12-084757-300x200.png 300w, https:\/\/www.farakostolna.sk\/wp-content\/uploads\/2024\/10\/Screenshot-2024-10-12-084757-768x511.png 768w\" sizes=\"auto, (max-width: 1017px) 100vw, 1017px\" \/><\/figure>\n<\/div>\n\n\n<p><\/p>\n\n\n\n<p>Cui bono? U\u017e sme raz tak\u00ed a apo\u0161toli neboli v\u00fdnimkou. P\u00fdtali sa aj za n\u00e1s, \u010do bud\u00fa ma\u0165 z toho, \u017ee v\u0161etko opustili. Jedine Je\u017ei\u0161 n\u00e1m pon\u00faka nie\u010do, \u010do u\u017e viac, ne\u017e dve tis\u00edc rokov presahuje v\u0161etko ch\u00e1panie a m\u00fadros\u0165. Si ochotn\u00fd po\u010d\u00favnu\u0165 Jeho volanie?<\/p>\n\n\n\n<!--more-->\n\n\n\n<p><strong>Sv\u00e4t\u00e9 om\u0161e u n\u00e1s:<\/strong><\/p>\n\n\n\n<p><strong>sobota \u2013 12. okt\u00f3bra (s nede\u013enou platnos\u0165ou)<\/strong><\/p>\n\n\n\n<ul class=\"wp-block-list\">\n<li><strong>17:00 \u2013 Hrub\u00e1 Bor\u0161a (slov.\/ma\u010f.)<\/strong><\/li>\n\n\n\n<li><strong>18:00 \u2013 Kostoln\u00e1 (slov.)<\/strong><\/li>\n<\/ul>\n\n\n\n<p><strong>nede\u013ea \u2013 13. okt\u00f3bra<\/strong><\/p>\n\n\n\n<ul class=\"wp-block-list\">\n<li><strong>8:00 \u2013 Hrub\u00fd \u0160\u00far (ma\u010f.)<\/strong><\/li>\n\n\n\n<li><strong>9:30 \u2013 Kostoln\u00e1 (ma\u010f.)<\/strong><\/li>\n\n\n\n<li><strong>11:00 \u2013 Kostoln\u00e1 (slov.)<\/strong><\/li>\n<\/ul>\n\n\n\n<p>Spoveda\u0165 budem tento t\u00fd\u017ede\u0148 v Kostolnej op\u00e4\u0165 v stredu, \u0161tvrtok a piatok od 16:00 do 17:00 pod pr\u00edstre\u0161kom na farskom dvore. V tom \u010dase bude v kostole ador\u00e1cia.<\/p>\n\n\n\n<p>V stredu bude sv\u00e4t\u00e1 om\u0161a v Kostolnej so zrete\u013eom na deti o 18:00 v slovenskom jazyku a v piatok v Hrubom \u0160\u00fare o 19:00 v ma\u010farskom jazyku.<\/p>\n\n\n\n<p><strong>V piatok &#8211; 18.okt\u00f3bra &#8211; sa uskuto\u010dn\u00ed celosvetov\u00e1 akcia &#8211; mili\u00f3n det\u00ed sa modl\u00ed ru\u017eenec za pokoj a mier vo svete.<\/strong> Svet dnes potrebuje na\u0161e modlitby viac ako inokedy. Preto poz\u00fdvame deti k modlitbe ru\u017eenca, ktor\u00fd sa budeme modli\u0165 v Kostolnej po sv\u00e4tej om\u0161i od 19.00 do 19.30 v slovenskom jazyku a v Hrubom \u0160\u00fare v kaplnke o 18:30 v ma\u010farskom jazyku.<\/p>\n\n\n\n<p><strong>V na\u0161ej farnosti sme sa pustili do projektu \u201cNapl\u0148 pera\u010dn\u00edk\u201d. Tieto pera\u010dn\u00edky (750ks) n\u00e1sledne potom odovzd\u00e1me chudobn\u00fdm \u0161kol\u00e1kom v Tanz\u00e1nii, ktor\u00fdch podporujeme v r\u00e1mci projektu Adopcia na dia\u013eku.<\/strong><\/p>\n\n\n\n<p>O t\u00fd\u017ede\u0148 je misijn\u00e1 nede\u013ea, v r\u00e1mci ktorej bude aj ka\u017edoro\u010dn\u00e1 zbierka na misie.<\/p>\n\n\n\n<p>S \u00factou, <br>Pavol Gajdo\u0161, v\u00e1\u0161 far\u00e1r<\/p>\n\n\n\n<p>\u010eal\u0161ie oznamy z arcidiec\u00e9zy:<\/p>\n\n\n\n<ul class=\"wp-block-list\">\n<li>Reho\u013en\u00e9 sestry z r\u00f4znych spolo\u010denstiev V\u00e1s srde\u010dne poz\u00fdvaj\u00fa na <strong>modlitbu ve\u010dern\u00fdch chv\u00e1l <\/strong>&#8211; ve\u0161pier, ktor\u00e1 sa kon\u00e1 ka\u017ed\u00fd tret\u00ed \u0161tvrtok v mesiaci, tzn. tento mesiac to bude <strong>vo \u0161tvrtok 17. okt\u00f3bra 2024 v ur\u0161ul\u00ednskom kostole Loret\u00e1nskej P. M\u00e1rie<\/strong>. Program: o 17:30 ador\u00e1cia, o 18:00 ve\u010dern\u00e9 chv\u00e1ly (ve\u0161pery). Inform\u00e1cie n\u00e1jdete aj na plag\u00e1te. Plag\u00e1t na stiahnutie <a href=\"https:\/\/remote.abuba.sk:8444\/filr\/public-link\/file-download\/8ae482af923abff001926bf7f9451d9e\/3560\/-7784567083533382962\/Modlitba%20VCH-plag%C3%A1t2024-25.pdf\" title=\"\"><strong>na tomto odkaze<\/strong><\/a>.<\/li>\n<\/ul>\n\n\n\n<ul class=\"wp-block-list\">\n<li>Liturgick\u00e1 komisia KBS informuje<strong> o Celoslovenskom liturgickom dni<\/strong>, ktor\u00fd sa bude kona\u0165 <strong>28. okt\u00f3bra 2024 v Bad\u00edne.<\/strong> Podrobnosti s\u00fa na plag\u00e1te. Plag\u00e1t na stiahnutie <a href=\"https:\/\/remote.abuba.sk:8444\/filr\/public-link\/file-download\/8ae482af923abff0019271a0d9782d17\/3561\/-4982321284910621429\/cld2024.pdf\" title=\"\"><strong>na tomto odkaze<\/strong><\/a>.<\/li>\n<\/ul>\n\n\n\n<p><\/p>\n","protected":false},"excerpt":{"rendered":"<p>Cui bono? U\u017e sme raz tak\u00ed a apo\u0161toli neboli v\u00fdnimkou. P\u00fdtali sa aj za n\u00e1s, \u010do bud\u00fa ma\u0165 z toho, \u017ee v\u0161etko opustili. Jedine Je\u017ei\u0161 n\u00e1m pon\u00faka nie\u010do, \u010do u\u017e viac, ne\u017e dve tis\u00edc rokov presahuje v\u0161etko ch\u00e1panie a m\u00fadros\u0165. Si ochotn\u00fd po\u010d\u00favnu\u0165 Jeho volanie?<\/p>\n","protected":false},"author":7,"featured_media":9181,"comment_status":"closed","ping_status":"closed","sticky":false,"template":"","format":"standard","meta":{"footnotes":""},"categories":[13],"tags":[],"class_list":{"0":"entry","1":"post","2":"publish","3":"author-slado89gmail-com","4":"has-more-link","5":"post-9180","7":"format-standard","8":"has-post-thumbnail","9":"category-oznamy"},"_links":{"self":[{"href":"https:\/\/www.farakostolna.sk\/index.php?rest_route=\/wp\/v2\/posts\/9180","targetHints":{"allow":["GET"]}}],"collection":[{"href":"https:\/\/www.farakostolna.sk\/index.php?rest_route=\/wp\/v2\/posts"}],"about":[{"href":"https:\/\/www.farakostolna.sk\/index.php?rest_route=\/wp\/v2\/types\/post"}],"author":[{"embeddable":true,"href":"https:\/\/www.farakostolna.sk\/index.php?rest_route=\/wp\/v2\/users\/7"}],"replies":[{"embeddable":true,"href":"https:\/\/www.farakostolna.sk\/index.php?rest_route=%2Fwp%2Fv2%2Fcomments&post=9180"}],"version-history":[{"count":6,"href":"https:\/\/www.farakostolna.sk\/index.php?rest_route=\/wp\/v2\/posts\/9180\/revisions"}],"predecessor-version":[{"id":9189,"href":"https:\/\/www.farakostolna.sk\/index.php?rest_route=\/wp\/v2\/posts\/9180\/revisions\/9189"}],"wp:featuredmedia":[{"embeddable":true,"href":"https:\/\/www.farakostolna.sk\/index.php?rest_route=\/wp\/v2\/media\/9181"}],"wp:attachment":[{"href":"https:\/\/www.farakostolna.sk\/index.php?rest_route=%2Fwp%2Fv2%2Fmedia&parent=9180"}],"wp:term":[{"taxonomy":"category","embeddable":true,"href":"https:\/\/www.farakostolna.sk\/index.php?rest_route=%2Fwp%2Fv2%2Fcategories&post=9180"},{"taxonomy":"post_tag","embeddable":true,"href":"https:\/\/www.farakostolna.sk\/index.php?rest_route=%2Fwp%2Fv2%2Ftags&post=9180"}],"curies":[{"name":"wp","href":"https:\/\/api.w.org\/{rel}","templated":true}]}}