{"id":9166,"date":"2024-10-04T21:56:44","date_gmt":"2024-10-04T19:56:44","guid":{"rendered":"https:\/\/www.farakostolna.sk\/?p=9166"},"modified":"2024-10-05T12:34:21","modified_gmt":"2024-10-05T10:34:21","slug":"farske-oznamy-a-zamyslenie-06-10-2024","status":"publish","type":"post","link":"https:\/\/www.farakostolna.sk\/?p=9166","title":{"rendered":"Farsk\u00e9 oznamy a zamyslenie (06.10.2024)"},"content":{"rendered":"<div class=\"wp-block-image\">\n<figure class=\"aligncenter size-full is-resized\"><img loading=\"lazy\" decoding=\"async\" width=\"600\" height=\"399\" src=\"https:\/\/www.farakostolna.sk\/wp-content\/uploads\/2024\/10\/WhatsApp-Image-2024-10-04-at-21.22.53_573832df.jpg\" alt=\"\" class=\"wp-image-9167\" style=\"width:754px;height:auto\" srcset=\"https:\/\/www.farakostolna.sk\/wp-content\/uploads\/2024\/10\/WhatsApp-Image-2024-10-04-at-21.22.53_573832df.jpg 600w, https:\/\/www.farakostolna.sk\/wp-content\/uploads\/2024\/10\/WhatsApp-Image-2024-10-04-at-21.22.53_573832df-300x200.jpg 300w\" sizes=\"auto, (max-width: 600px) 100vw, 600px\" \/><\/figure>\n<\/div>\n\n\n<p><\/p>\n\n\n\n<p>MD\u017d &#8211; Man\u017eelstvo, Deti a \u017divot. Je\u017ei\u0161 n\u00e1m dnes d\u00e1va lekciu z Bo\u017eieho z\u00e1meru s \u010dlovekom. Do centra na\u0161ej pozornosti d\u00e1va man\u017eelstvo, deti a \u017eivot. \u010co je centrom n\u00e1\u0161ho z\u00e1ujmu? Nem\u00e1me tvrd\u00e9 srdce a nechceme zbori\u0165 sveta star\u00fd z\u00e1klad?<\/p>\n\n\n\n<!--more-->\n\n\n\n<p><strong>Sv\u00e4t\u00e9 om\u0161e u n\u00e1s:<\/strong><\/p>\n\n\n\n<p><strong>sobota \u2013 5. okt\u00f3bra (s nede\u013enou platnos\u0165ou)<\/strong><\/p>\n\n\n\n<ul class=\"wp-block-list\">\n<li><strong>17:00 \u2013 Hrub\u00e1 Bor\u0161a (slov.\/ma\u010f.)<\/strong><\/li>\n\n\n\n<li><strong>18:00 \u2013 Kostoln\u00e1 (slov.)<\/strong><\/li>\n<\/ul>\n\n\n\n<p><strong>nede\u013ea \u2013 6. okt\u00f3bra<\/strong><\/p>\n\n\n\n<ul class=\"wp-block-list\">\n<li><strong>8:00 \u2013 Hrub\u00fd \u0160\u00far (ma\u010f.)<\/strong><\/li>\n\n\n\n<li><strong>9:30 \u2013 Kostoln\u00e1 (ma\u010f.)<\/strong><\/li>\n\n\n\n<li><strong>11:00 \u2013 Kostoln\u00e1 (slov.)<\/strong><\/li>\n<\/ul>\n\n\n\n<p><strong>Teraz v nede\u013eu m\u00e1me v Kostolnej farsk\u00e9 hody. Okrem duchovn\u00e9ho ob\u010derstvenia bud\u00fa na farskom dvore aj koloto\u010de, cukrov\u00e1 vata, kol\u00e1\u010diky, mu\u0161t, bur\u010diak\u2026 Po obidvoch sv\u00e4t\u00fdch om\u0161iach bude hodov\u00e1 ofera. Parkovanie je zabezpe\u010den\u00e9 aj vzadu na farskej z\u00e1hrade. Pr\u00ed\u010fte! Te\u0161\u00edme sa na V\u00c1S!<\/strong><\/p>\n\n\n\n<p>Spoveda\u0165 budem tento t\u00fd\u017ede\u0148 v Kostolnej op\u00e4\u0165 v stredu, \u0161tvrtok a piatok od 16:00 do 17:00 pod pr\u00edstre\u0161kom na farskom dvore. V tom \u010dase bude v kostole ador\u00e1cia.<\/p>\n\n\n\n<p>S \u00factou, <br>Pavol Gajdo\u0161, v\u00e1\u0161 far\u00e1r<\/p>\n\n\n\n<p>\u010eal\u0161ie oznamy z arcidiec\u00e9zy:<\/p>\n\n\n\n<ul class=\"wp-block-list\">\n<li><strong>V sobotu 12. okt\u00f3bra 2024 sa v N\u00e1rodnej bazilike Sedembolestnej Panny M\u00e1rie v \u0160a\u0161t\u00edne uskuto\u010dn\u00ed P\u00fa\u0165 pre rozveden\u00fdch a pre man\u017eelov v odluke<\/strong>. Program za\u010d\u00edna o 9:45 modlitbou posv\u00e4tn\u00e9ho ru\u017eenca, po \u0148om bude nasledova\u0165 sv\u00e4t\u00e1 om\u0161a a moderovan\u00e1 ador\u00e1cia. Viac inform\u00e1cii o programe sa do\u010d\u00edtate na plag\u00e1te. Plag\u00e1t na stiahnutie <a href=\"https:\/\/remote.abuba.sk:8444\/ssf\/s\/readFile\/share\/3524\/6981349603473920225\/publicLink\/P%C3%BA%C5%A5%20rozveden%C3%BDch%20%C5%A0a%C5%A1t%C3%ADn.jpeg\" title=\"\"><strong>na tomto odkaze.<\/strong><\/a><br><\/li>\n\n\n\n<li>Spolo\u010denstvo kres\u0165ansk\u00fdch fotografov <strong>\u010clovek a Viera h\u013ead\u00e1 nov\u00fdch fotografov.<\/strong> Ich cie\u013eom je fotografovanie \u017eivota Cirkvi a evanjeliz\u00e1cia obrazom. Spolo\u010denstvo poskytuje osobn\u00fd rozvoj fotografov, buduje nov\u00e9 priate\u013estv\u00e1, organizuje duchovn\u00e9 obnovy a v\u00fdstavy. Sk\u00fasenosti fotografa nie s\u00fa rozhoduj\u00face. D\u00f4le\u017eit\u00e9 je ma\u0165 vlastn\u00fd fotoapar\u00e1t a srdce otvoren\u00e9 pre slu\u017ebu. Viac inform\u00e1ci\u00ed a kontakty n\u00e1jdete na plag\u00e1te. Plag\u00e1t na stiahnutie <a href=\"https:\/\/remote.abuba.sk:8444\/ssf\/s\/readFile\/share\/3525\/-4813183266508556025\/publicLink\/CaV%20-%20plagat%20-%20farnosti.jpg\" title=\"\"><strong>na tomto odkaze.<\/strong><\/a><br><\/li>\n\n\n\n<li>Spolok sv. Vincenta de Paul na Slovensku \u0165a s rados\u0165ou poz\u00fdva <strong>na Stretnutie mlad\u00fdch<\/strong>, ktor\u00e9 sa uskuto\u010dn\u00ed <strong>v d\u0148och 10.-13. okt\u00f3bra v Bratislave<\/strong>. \u010cak\u00e1 \u0165a in\u0161pirat\u00edvny program, ktor\u00fd bud\u00fa vies\u0165 mlad\u00ed \u013eudia z Filip\u00edn. Spolo\u010dne budeme spieva\u0165 piesne, modli\u0165 sa, rozj\u00edma\u0165 a budova\u0165 nov\u00e9 priate\u013estv\u00e1. Nenechaj si ujs\u0165 tento jedine\u010dn\u00fd \u010das pln\u00fd radosti a hodnotn\u00fdch z\u00e1\u017eitkov. Doprava, strava, aj ubytovanie je zadarmo. Stretnutie bude prebieha\u0165 v angli\u010dtine. Pre viac inform\u00e1ci\u00ed naskenuj QR k\u00f3d na plag\u00e1tiku na n\u00e1stenke v kostole, alebo pozri facebookov\u00fa str\u00e1nku &#8211; Spolok sv. Vincenta de Paul na Slovensku. Te\u0161\u00edme sa na teba.\u201d Plag\u00e1t na stiahnutie <strong><a href=\"https:\/\/remote.abuba.sk:8444\/filr\/public-link\/file-download\/8ae482af8fe51f3701922e8c510c2914\/3508\/3011044008814236586\/pod%20a%20uvidis.png\" title=\"\">na tomto odkaze.<\/a> <\/strong><br><\/li>\n\n\n\n<li>Poz\u00fdvame v\u00e1s na evanjeliza\u010dn\u00fd ve\u010der <strong>Godzone tour 2024 s t\u00e9mou \u201eNie si na to s\u00e1m.\u201c V Bratislave sa uskuto\u010dn\u00ed 25.10. v Incheba Expo Ar\u00e9ne<\/strong> so za\u010diatkom registr\u00e1cie od 17:00 hod. Program za\u010d\u00edna o 18:00 hod. Vstup je zdarma.<\/li>\n<\/ul>\n\n\n\n<p><\/p>\n","protected":false},"excerpt":{"rendered":"<p>MD\u017d &#8211; Man\u017eelstvo, Deti a \u017divot. Je\u017ei\u0161 n\u00e1m dnes d\u00e1va lekciu z Bo\u017eieho z\u00e1meru s \u010dlovekom. Do centra na\u0161ej pozornosti d\u00e1va man\u017eelstvo, deti a \u017eivot. \u010co je centrom n\u00e1\u0161ho z\u00e1ujmu? Nem\u00e1me tvrd\u00e9 srdce a nechceme zbori\u0165 sveta star\u00fd z\u00e1klad?<\/p>\n","protected":false},"author":7,"featured_media":9167,"comment_status":"closed","ping_status":"closed","sticky":false,"template":"","format":"standard","meta":{"footnotes":""},"categories":[13],"tags":[],"class_list":{"0":"entry","1":"post","2":"publish","3":"author-slado89gmail-com","4":"has-more-link","5":"post-9166","7":"format-standard","8":"has-post-thumbnail","9":"category-oznamy"},"_links":{"self":[{"href":"https:\/\/www.farakostolna.sk\/index.php?rest_route=\/wp\/v2\/posts\/9166","targetHints":{"allow":["GET"]}}],"collection":[{"href":"https:\/\/www.farakostolna.sk\/index.php?rest_route=\/wp\/v2\/posts"}],"about":[{"href":"https:\/\/www.farakostolna.sk\/index.php?rest_route=\/wp\/v2\/types\/post"}],"author":[{"embeddable":true,"href":"https:\/\/www.farakostolna.sk\/index.php?rest_route=\/wp\/v2\/users\/7"}],"replies":[{"embeddable":true,"href":"https:\/\/www.farakostolna.sk\/index.php?rest_route=%2Fwp%2Fv2%2Fcomments&post=9166"}],"version-history":[{"count":6,"href":"https:\/\/www.farakostolna.sk\/index.php?rest_route=\/wp\/v2\/posts\/9166\/revisions"}],"predecessor-version":[{"id":9175,"href":"https:\/\/www.farakostolna.sk\/index.php?rest_route=\/wp\/v2\/posts\/9166\/revisions\/9175"}],"wp:featuredmedia":[{"embeddable":true,"href":"https:\/\/www.farakostolna.sk\/index.php?rest_route=\/wp\/v2\/media\/9167"}],"wp:attachment":[{"href":"https:\/\/www.farakostolna.sk\/index.php?rest_route=%2Fwp%2Fv2%2Fmedia&parent=9166"}],"wp:term":[{"taxonomy":"category","embeddable":true,"href":"https:\/\/www.farakostolna.sk\/index.php?rest_route=%2Fwp%2Fv2%2Fcategories&post=9166"},{"taxonomy":"post_tag","embeddable":true,"href":"https:\/\/www.farakostolna.sk\/index.php?rest_route=%2Fwp%2Fv2%2Ftags&post=9166"}],"curies":[{"name":"wp","href":"https:\/\/api.w.org\/{rel}","templated":true}]}}