{"id":9158,"date":"2024-09-28T08:16:50","date_gmt":"2024-09-28T06:16:50","guid":{"rendered":"https:\/\/www.farakostolna.sk\/?p=9158"},"modified":"2024-09-28T08:16:52","modified_gmt":"2024-09-28T06:16:52","slug":"farske-oznamy-a-zamyslenie-29-09-2024","status":"publish","type":"post","link":"https:\/\/www.farakostolna.sk\/?p=9158","title":{"rendered":"Farsk\u00e9 oznamy a zamyslenie (29.09.2024)"},"content":{"rendered":"<div class=\"wp-block-image\">\n<figure class=\"aligncenter size-large\"><img loading=\"lazy\" decoding=\"async\" width=\"1024\" height=\"656\" src=\"https:\/\/www.farakostolna.sk\/wp-content\/uploads\/2024\/09\/WhatsApp-Image-2024-09-27-at-23.46.43_54a0e7de-1024x656.jpg\" alt=\"\" class=\"wp-image-9159\" srcset=\"https:\/\/www.farakostolna.sk\/wp-content\/uploads\/2024\/09\/WhatsApp-Image-2024-09-27-at-23.46.43_54a0e7de-1024x656.jpg 1024w, https:\/\/www.farakostolna.sk\/wp-content\/uploads\/2024\/09\/WhatsApp-Image-2024-09-27-at-23.46.43_54a0e7de-300x192.jpg 300w, https:\/\/www.farakostolna.sk\/wp-content\/uploads\/2024\/09\/WhatsApp-Image-2024-09-27-at-23.46.43_54a0e7de-768x492.jpg 768w, https:\/\/www.farakostolna.sk\/wp-content\/uploads\/2024\/09\/WhatsApp-Image-2024-09-27-at-23.46.43_54a0e7de-1536x985.jpg 1536w, https:\/\/www.farakostolna.sk\/wp-content\/uploads\/2024\/09\/WhatsApp-Image-2024-09-27-at-23.46.43_54a0e7de.jpg 1560w\" sizes=\"auto, (max-width: 1024px) 100vw, 1024px\" \/><\/figure>\n<\/div>\n\n\n<p><\/p>\n\n\n\n<p>Tento k\u0148az je pr\u00edli\u0161 svetsk\u00fd a tento laik zas pr\u00edli\u0161 sv\u00e4t\u00fd\u2026 Neh\u013ea\u010fme na to, kto n\u00e1m ohlasuje Je\u017ei\u0161a &#8211; ve\u010f kto nie je proti n\u00e1m, je za n\u00e1s. Sme schopn\u00ed po\u010d\u00fava\u0165 Bo\u017eie slovo aj od &#8220;nehodn\u00fdch&#8221; ohlasovate\u013eov?<\/p>\n\n\n\n<!--more-->\n\n\n\n<p><strong>Sv\u00e4t\u00e9 om\u0161e u n\u00e1s:<\/strong><\/p>\n\n\n\n<p><strong>sobota \u2013 28. septembra (s nede\u013enou platnos\u0165ou)<\/strong><\/p>\n\n\n\n<ul class=\"wp-block-list\">\n<li><strong>17:00 \u2013 Hrub\u00e1 Bor\u0161a (slov.\/ma\u010f.)<\/strong><\/li>\n\n\n\n<li><strong>18:00 \u2013 Kostoln\u00e1 (slov.)<\/strong><\/li>\n<\/ul>\n\n\n\n<p><strong>nede\u013ea \u2013 29. septembra<\/strong><\/p>\n\n\n\n<ul class=\"wp-block-list\">\n<li><strong>8:00 \u2013 Hrub\u00fd \u0160\u00far (ma\u010f.)<\/strong><\/li>\n\n\n\n<li><strong>9:30 \u2013 Kostoln\u00e1 (ma\u010f.)<\/strong><\/li>\n\n\n\n<li><strong>11:00 \u2013 Kostoln\u00e1 (slov.)<\/strong><\/li>\n<\/ul>\n\n\n\n<p>Spoveda\u0165 budem tento t\u00fd\u017ede\u0148 v Kostolnej op\u00e4\u0165 v stredu, \u0161tvrtok a piatok od 16:00 do 17:00 pod pr\u00edstre\u0161kom na farskom dvore. V tom \u010dase bude v kostole ador\u00e1cia.<\/p>\n\n\n\n<p><strong>Cez tento v\u00edkend prebieha modlitbov\u00e9 trojdnie spolo\u010denstva Modlitby Matiek. V nede\u013eu bude v Kostolnej o 15:00. V\u0161etci sme pozvan\u00ed!<\/strong><\/p>\n\n\n\n<p><strong>O t\u00fd\u017ede\u0148 v sobotu &#8211; 5. okt\u00f3bra &#8211; bude v Marianke pre ma\u010farsky hovoriacich p\u00fa\u0165 ku Kr\u00e1\u013eovnej Ma\u010farov,<\/strong> na ktor\u00fa poz\u00fdvam aj na\u0161ich veriacich. Autobus p\u00f4jde o 8:00 od kostola v Kostolnej a 8:05 od kaplnky v Hrubom \u0160\u00fare. N\u00e1vrat o 13:00. Prihlasujte sa v sakristii. Cena je 10 \u20ac.<\/p>\n\n\n\n<p><strong>O t\u00fd\u017ede\u0148 &#8211; 6. okt\u00f3bra &#8211; bud\u00fa v na\u0161ej farnosti farsk\u00e9 hody<\/strong>. Ako obvykle o 9:30 v ma\u010farskom a o 11:00 v slovenskom jazyku. Okrem duchovn\u00e9ho ob\u010derstvenia bud\u00fa na farskom dvore koloto\u010de, mu\u0161t, bur\u010diak\u2026<\/p>\n\n\n\n<p>Minulot\u00fd\u017ed\u0148ov\u00e1 pravideln\u00e1 mesa\u010dn\u00e1 zbierka na kostol a prev\u00e1dzkov\u00e9 n\u00e1klady vyniesla v Kostolnej 977,50 \u20ac, v Hrubom \u0160\u00fare na prev\u00e1dzkov\u00e9 n\u00e1klady farnosti a potreby \u0161\u00farskej kaplnky 171 \u20ac a v Hrubej Bor\u0161i na splatenie rekon\u0161trukcie bor\u0161anskej kaplnky 186,50 \u20ac. \u00daprimne \u010fakujem.<\/p>\n\n\n\n<p>S \u00factou, <br>Pavol Gajdo\u0161,\u00a0v\u00e1\u0161\u00a0far\u00e1r<\/p>\n","protected":false},"excerpt":{"rendered":"<p>Tento k\u0148az je pr\u00edli\u0161 svetsk\u00fd a tento laik zas pr\u00edli\u0161 sv\u00e4t\u00fd\u2026 Neh\u013ea\u010fme na to, kto n\u00e1m ohlasuje Je\u017ei\u0161a &#8211; ve\u010f kto nie je proti n\u00e1m, je za n\u00e1s. Sme schopn\u00ed po\u010d\u00fava\u0165 Bo\u017eie slovo aj od &#8220;nehodn\u00fdch&#8221; ohlasovate\u013eov?<\/p>\n","protected":false},"author":7,"featured_media":9159,"comment_status":"closed","ping_status":"closed","sticky":false,"template":"","format":"standard","meta":{"footnotes":""},"categories":[13],"tags":[],"class_list":{"0":"entry","1":"post","2":"publish","3":"author-slado89gmail-com","4":"has-more-link","5":"post-9158","7":"format-standard","8":"has-post-thumbnail","9":"category-oznamy"},"_links":{"self":[{"href":"https:\/\/www.farakostolna.sk\/index.php?rest_route=\/wp\/v2\/posts\/9158","targetHints":{"allow":["GET"]}}],"collection":[{"href":"https:\/\/www.farakostolna.sk\/index.php?rest_route=\/wp\/v2\/posts"}],"about":[{"href":"https:\/\/www.farakostolna.sk\/index.php?rest_route=\/wp\/v2\/types\/post"}],"author":[{"embeddable":true,"href":"https:\/\/www.farakostolna.sk\/index.php?rest_route=\/wp\/v2\/users\/7"}],"replies":[{"embeddable":true,"href":"https:\/\/www.farakostolna.sk\/index.php?rest_route=%2Fwp%2Fv2%2Fcomments&post=9158"}],"version-history":[{"count":1,"href":"https:\/\/www.farakostolna.sk\/index.php?rest_route=\/wp\/v2\/posts\/9158\/revisions"}],"predecessor-version":[{"id":9161,"href":"https:\/\/www.farakostolna.sk\/index.php?rest_route=\/wp\/v2\/posts\/9158\/revisions\/9161"}],"wp:featuredmedia":[{"embeddable":true,"href":"https:\/\/www.farakostolna.sk\/index.php?rest_route=\/wp\/v2\/media\/9159"}],"wp:attachment":[{"href":"https:\/\/www.farakostolna.sk\/index.php?rest_route=%2Fwp%2Fv2%2Fmedia&parent=9158"}],"wp:term":[{"taxonomy":"category","embeddable":true,"href":"https:\/\/www.farakostolna.sk\/index.php?rest_route=%2Fwp%2Fv2%2Fcategories&post=9158"},{"taxonomy":"post_tag","embeddable":true,"href":"https:\/\/www.farakostolna.sk\/index.php?rest_route=%2Fwp%2Fv2%2Ftags&post=9158"}],"curies":[{"name":"wp","href":"https:\/\/api.w.org\/{rel}","templated":true}]}}