{"id":9128,"date":"2024-09-13T22:47:24","date_gmt":"2024-09-13T20:47:24","guid":{"rendered":"https:\/\/www.farakostolna.sk\/?p=9128"},"modified":"2024-09-14T12:15:35","modified_gmt":"2024-09-14T10:15:35","slug":"farske-oznamy-a-zamyslenie-15-09-2024","status":"publish","type":"post","link":"https:\/\/www.farakostolna.sk\/?p=9128","title":{"rendered":"Farsk\u00e9 oznamy a zamyslenie (15.09.2024)"},"content":{"rendered":"<div class=\"wp-block-image\">\n<figure class=\"aligncenter size-large\"><img loading=\"lazy\" decoding=\"async\" width=\"1024\" height=\"702\" src=\"https:\/\/www.farakostolna.sk\/wp-content\/uploads\/2024\/09\/WhatsApp-Image-2024-09-13-at-20.55.31_1ab8b826-1024x702.jpg\" alt=\"\" class=\"wp-image-9130\" srcset=\"https:\/\/www.farakostolna.sk\/wp-content\/uploads\/2024\/09\/WhatsApp-Image-2024-09-13-at-20.55.31_1ab8b826-1024x702.jpg 1024w, https:\/\/www.farakostolna.sk\/wp-content\/uploads\/2024\/09\/WhatsApp-Image-2024-09-13-at-20.55.31_1ab8b826-300x206.jpg 300w, https:\/\/www.farakostolna.sk\/wp-content\/uploads\/2024\/09\/WhatsApp-Image-2024-09-13-at-20.55.31_1ab8b826-768x527.jpg 768w, https:\/\/www.farakostolna.sk\/wp-content\/uploads\/2024\/09\/WhatsApp-Image-2024-09-13-at-20.55.31_1ab8b826-1536x1053.jpg 1536w, https:\/\/www.farakostolna.sk\/wp-content\/uploads\/2024\/09\/WhatsApp-Image-2024-09-13-at-20.55.31_1ab8b826.jpg 2048w\" sizes=\"auto, (max-width: 1024px) 100vw, 1024px\" \/><\/figure>\n<\/div>\n\n\n<p><\/p>\n\n\n\n<p>Boh m\u00e1 jedine\u010dn\u00fd sp\u00f4sob otv\u00e1rania na\u0161ich s\u0155dc &#8211; z\u00e1zrakom alebo boles\u0165ou. M\u00e1ria je nielen milostipln\u00e1, ale aj bolestipln\u00e1 &#8211; sedembolestn\u00e1. Sme ochotn\u00ed spozna\u0165 na\u0161e hriechy, ktor\u00fdmi Je\u017ei\u0161ovi a aj jej prebod\u00e1vame srdce?<\/p>\n\n\n\n<!--more-->\n\n\n\n<p><strong>Sv\u00e4t\u00e9 om\u0161e u n\u00e1s:<\/strong><\/p>\n\n\n\n<p><strong>sobota \u2013 14. septembra (s nede\u013enou platnos\u0165ou)<\/strong><\/p>\n\n\n\n<ul class=\"wp-block-list\">\n<li><strong>17:00 \u2013 Hrub\u00e1 Bor\u0161a (slov.\/ma\u010f.)<\/strong><\/li>\n\n\n\n<li><strong>18:00 \u2013 Kostoln\u00e1 (slov.)<\/strong><\/li>\n<\/ul>\n\n\n\n<p><strong>nede\u013ea \u2013 15. septembra<\/strong><\/p>\n\n\n\n<ul class=\"wp-block-list\">\n<li><strong>8:00 \u2013 Hrub\u00fd \u0160\u00far (ma\u010f.)<\/strong><\/li>\n\n\n\n<li><strong>9:30 \u2013 Kostoln\u00e1 (ma\u010f.)<\/strong><\/li>\n\n\n\n<li><strong>11:00 \u2013 Kostoln\u00e1 (slov.)<\/strong><\/li>\n<\/ul>\n\n\n\n<p>Spoveda\u0165 budem tento t\u00fd\u017ede\u0148 v Kostolnej op\u00e4\u0165 v stredu, \u0161tvrtok a piatok od 16:00 do 17:00 pod pr\u00edstre\u0161kom na farskom dvore. V tom \u010dase bude v kostole ador\u00e1cia.<\/p>\n\n\n\n<p>V piatok po sv\u00e4tej om\u0161i v Kostolnej cca o 18:45 bude Modlitba chv\u00e1l. V\u0161etci sme pozvan\u00ed.<\/p>\n\n\n\n<p><strong>Prihl\u00e1\u0161ky na prv\u00e9 sv\u00e4t\u00e9 prij\u00edmanie<\/strong> si m\u00f4\u017eete zobra\u0165 zo sakristie, alebo stiahnu\u0165 na <a href=\"https:\/\/www.farakostolna.sk\/?page_id=2350\" title=\"\"><strong>na\u0161ej farskej webovej str\u00e1nke<\/strong><\/a> (v\u0161etky inform\u00e1cie s\u00fa uveden\u00e9 na prihl\u00e1\u0161ke) a vyplnen\u00e9 ich, pros\u00edm, odovzdajte <strong>do 22. septembra <\/strong>do sakristie, alebo do po\u0161tovej schr\u00e1nky pri br\u00e1nke na farskom \u00farade.<\/p>\n\n\n\n<p>U\u017e o t\u00fd\u017ede\u0148 &#8211;<strong> v nede\u013eu 22. septembra o 14:00 <\/strong>&#8211; sa uskuto\u010dn\u00ed<strong> N\u00e1rodn\u00fd pochod za \u017eivot v Ko\u0161iciach<\/strong>. V\u0161etci sme pozvan\u00ed k osobnej \u00fa\u010dasti.<\/p>\n\n\n\n<p>O t\u00fd\u017ede\u0148 bude pravideln\u00e1 mesa\u010dn\u00e1 zbierka na kostol a prev\u00e1dzkov\u00e9 n\u00e1klady farnosti. Vopred \u010fakujem.<\/p>\n\n\n\n<p>S \u00factou, <br>Pavol Gajdo\u0161,&nbsp;v\u00e1\u0161&nbsp;far\u00e1r<\/p>\n","protected":false},"excerpt":{"rendered":"<p>Boh m\u00e1 jedine\u010dn\u00fd sp\u00f4sob otv\u00e1rania na\u0161ich s\u0155dc &#8211; z\u00e1zrakom alebo boles\u0165ou. M\u00e1ria je nielen milostipln\u00e1, ale aj bolestipln\u00e1 &#8211; sedembolestn\u00e1. Sme ochotn\u00ed spozna\u0165 na\u0161e hriechy, ktor\u00fdmi Je\u017ei\u0161ovi a aj jej prebod\u00e1vame srdce?<\/p>\n","protected":false},"author":7,"featured_media":9130,"comment_status":"closed","ping_status":"closed","sticky":false,"template":"","format":"standard","meta":{"footnotes":""},"categories":[13],"tags":[],"class_list":{"0":"entry","1":"post","2":"publish","3":"author-slado89gmail-com","4":"has-more-link","5":"post-9128","7":"format-standard","8":"has-post-thumbnail","9":"category-oznamy"},"_links":{"self":[{"href":"https:\/\/www.farakostolna.sk\/index.php?rest_route=\/wp\/v2\/posts\/9128","targetHints":{"allow":["GET"]}}],"collection":[{"href":"https:\/\/www.farakostolna.sk\/index.php?rest_route=\/wp\/v2\/posts"}],"about":[{"href":"https:\/\/www.farakostolna.sk\/index.php?rest_route=\/wp\/v2\/types\/post"}],"author":[{"embeddable":true,"href":"https:\/\/www.farakostolna.sk\/index.php?rest_route=\/wp\/v2\/users\/7"}],"replies":[{"embeddable":true,"href":"https:\/\/www.farakostolna.sk\/index.php?rest_route=%2Fwp%2Fv2%2Fcomments&post=9128"}],"version-history":[{"count":7,"href":"https:\/\/www.farakostolna.sk\/index.php?rest_route=\/wp\/v2\/posts\/9128\/revisions"}],"predecessor-version":[{"id":9140,"href":"https:\/\/www.farakostolna.sk\/index.php?rest_route=\/wp\/v2\/posts\/9128\/revisions\/9140"}],"wp:featuredmedia":[{"embeddable":true,"href":"https:\/\/www.farakostolna.sk\/index.php?rest_route=\/wp\/v2\/media\/9130"}],"wp:attachment":[{"href":"https:\/\/www.farakostolna.sk\/index.php?rest_route=%2Fwp%2Fv2%2Fmedia&parent=9128"}],"wp:term":[{"taxonomy":"category","embeddable":true,"href":"https:\/\/www.farakostolna.sk\/index.php?rest_route=%2Fwp%2Fv2%2Fcategories&post=9128"},{"taxonomy":"post_tag","embeddable":true,"href":"https:\/\/www.farakostolna.sk\/index.php?rest_route=%2Fwp%2Fv2%2Ftags&post=9128"}],"curies":[{"name":"wp","href":"https:\/\/api.w.org\/{rel}","templated":true}]}}