{"id":9106,"date":"2024-09-06T22:32:34","date_gmt":"2024-09-06T20:32:34","guid":{"rendered":"https:\/\/www.farakostolna.sk\/?p=9106"},"modified":"2024-09-07T12:52:23","modified_gmt":"2024-09-07T10:52:23","slug":"farske-oznamy-a-zamyslenie-08-09-2024","status":"publish","type":"post","link":"https:\/\/www.farakostolna.sk\/?p=9106","title":{"rendered":"Farsk\u00e9 oznamy a zamyslenie (08.09.2024)"},"content":{"rendered":"<div class=\"wp-block-image\">\n<figure class=\"aligncenter size-large\"><img loading=\"lazy\" decoding=\"async\" width=\"1024\" height=\"613\" src=\"https:\/\/www.farakostolna.sk\/wp-content\/uploads\/2024\/09\/WhatsApp-Image-2024-09-06-at-22.07.35_f7a71797-1024x613.jpg\" alt=\"\" class=\"wp-image-9107\" srcset=\"https:\/\/www.farakostolna.sk\/wp-content\/uploads\/2024\/09\/WhatsApp-Image-2024-09-06-at-22.07.35_f7a71797-1024x613.jpg 1024w, https:\/\/www.farakostolna.sk\/wp-content\/uploads\/2024\/09\/WhatsApp-Image-2024-09-06-at-22.07.35_f7a71797-300x180.jpg 300w, https:\/\/www.farakostolna.sk\/wp-content\/uploads\/2024\/09\/WhatsApp-Image-2024-09-06-at-22.07.35_f7a71797-768x460.jpg 768w, https:\/\/www.farakostolna.sk\/wp-content\/uploads\/2024\/09\/WhatsApp-Image-2024-09-06-at-22.07.35_f7a71797-1536x919.jpg 1536w, https:\/\/www.farakostolna.sk\/wp-content\/uploads\/2024\/09\/WhatsApp-Image-2024-09-06-at-22.07.35_f7a71797.jpg 1873w\" sizes=\"auto, (max-width: 1024px) 100vw, 1024px\" \/><\/figure>\n<\/div>\n\n\n<p><\/p>\n\n\n\n<p>Je\u017ei\u0161 hluchonem\u00fdm otv\u00e1ra u\u0161i a \u00fasta, slep\u00fdm o\u010di. V skuto\u010dnosti mu ide o to, aby n\u00e1m v\u0161etk\u00fdm otvoril srdcia. Aj my medzi sebou komunikujeme \u00fastami, u\u0161ami a o\u010dami, ale pos\u00favame komunik\u00e1ciu k srdcu alebo zost\u00e1vame na povrchu?<\/p>\n\n\n\n<!--more-->\n\n\n\n<p><strong>Sv\u00e4t\u00e9 om\u0161e u n\u00e1s:<\/strong><\/p>\n\n\n\n<p><strong>sobota \u2013 7. septembra (s nede\u013enou platnos\u0165ou)<\/strong><\/p>\n\n\n\n<ul class=\"wp-block-list\">\n<li><strong>17:00 \u2013 Hrub\u00e1 Bor\u0161a (slov.\/ma\u010f.)<\/strong><\/li>\n\n\n\n<li><strong>18:00 \u2013 Kostoln\u00e1 (slov.)<\/strong><\/li>\n<\/ul>\n\n\n\n<p><strong>nede\u013ea \u2013 8. septembra<\/strong><\/p>\n\n\n\n<ul class=\"wp-block-list\">\n<li><strong>8:00 \u2013 Hrub\u00fd \u0160\u00far (ma\u010f.)<\/strong><\/li>\n\n\n\n<li><strong>9:30 \u2013 Kostoln\u00e1 (ma\u010f.)<\/strong><\/li>\n\n\n\n<li><strong>11:00 \u2013 Kostoln\u00e1 (slov.)<\/strong><\/li>\n<\/ul>\n\n\n\n<p>Spoveda\u0165 budem tento t\u00fd\u017ede\u0148 v Kostolnej op\u00e4\u0165 v stredu, \u0161tvrtok a piatok od 16:00 do 17:00 pod pr\u00edstre\u0161kom na farskom dvore. V tom \u010dase bude v kostole ador\u00e1cia.<\/p>\n\n\n\n<p><strong>V t\u00fato nede\u013eu &#8211; 8. septembra &#8211; n\u00e1s na v\u0161etk\u00fdch troch sv\u00e4t\u00fdch om\u0161iach povzbud\u00ed vdp. Peter Majern\u00edk, ktor\u00fd p\u00f4sob\u00ed v Tanz\u00e1nii.<\/strong> Na konci sv\u00e4tej om\u0161i sa bude da\u0165 podpori\u0165 jeho misijn\u00fa \u010dinnos\u0165.<\/p>\n\n\n\n<p>Sme srde\u010dne pozvan\u00ed na <strong>p\u00fa\u0165 k Sedembolestnej Panne M\u00e1rii<\/strong>, patr\u00f3nke Slovenska, ktor\u00e1 sa uskuto\u010dn\u00ed v d\u0148och 14. &#8211; 16. septembra 2024 v na\u0161ej n\u00e1rodnej mari\u00e1nskej sv\u00e4tyni v \u0160a\u0161t\u00edne. Vrcholom p\u00fate bude <strong>sl\u00e1vnostn\u00e1 sv\u00e4t\u00e1 om\u0161a 15. septembra o 10.30<\/strong>, ktor\u00fa bude sl\u00e1vi\u0165 \u017eilinsk\u00fd biskup Mons.\u00a0Tom\u00e1\u0161\u00a0Galis.<\/p>\n\n\n\n<p><strong>Prihl\u00e1\u0161ky na prv\u00e9 sv\u00e4t\u00e9 prij\u00edmanie<\/strong> si m\u00f4\u017eete zobra\u0165 zo sakristie, alebo stiahnu\u0165 <strong><a href=\"https:\/\/www.farakostolna.sk\/?page_id=2350\" title=\"\">na na\u0161ej farskej webovej str\u00e1nke<\/a><\/strong> (v\u0161etky inform\u00e1cie s\u00fa uveden\u00e9 na prihl\u00e1\u0161ke) a vyplnen\u00e9 ich, pros\u00edm, odovzdajte u\u017e <strong>do 22. septembra<\/strong> do sakristie, alebo do po\u0161tovej schr\u00e1nky pri br\u00e1nke na farskom \u00farade.<\/p>\n\n\n\n<p>S \u00factou, <br>Pavol Gajdo\u0161,&nbsp;v\u00e1\u0161&nbsp;far\u00e1r<\/p>\n","protected":false},"excerpt":{"rendered":"<p>Je\u017ei\u0161 hluchonem\u00fdm otv\u00e1ra u\u0161i a \u00fasta, slep\u00fdm o\u010di. V skuto\u010dnosti mu ide o to, aby n\u00e1m v\u0161etk\u00fdm otvoril srdcia. Aj my medzi sebou komunikujeme \u00fastami, u\u0161ami a o\u010dami, ale pos\u00favame komunik\u00e1ciu k srdcu alebo zost\u00e1vame na povrchu?<\/p>\n","protected":false},"author":7,"featured_media":9107,"comment_status":"closed","ping_status":"closed","sticky":false,"template":"","format":"standard","meta":{"footnotes":""},"categories":[13],"tags":[],"class_list":{"0":"entry","1":"post","2":"publish","3":"author-slado89gmail-com","4":"has-more-link","5":"post-9106","7":"format-standard","8":"has-post-thumbnail","9":"category-oznamy"},"_links":{"self":[{"href":"https:\/\/www.farakostolna.sk\/index.php?rest_route=\/wp\/v2\/posts\/9106","targetHints":{"allow":["GET"]}}],"collection":[{"href":"https:\/\/www.farakostolna.sk\/index.php?rest_route=\/wp\/v2\/posts"}],"about":[{"href":"https:\/\/www.farakostolna.sk\/index.php?rest_route=\/wp\/v2\/types\/post"}],"author":[{"embeddable":true,"href":"https:\/\/www.farakostolna.sk\/index.php?rest_route=\/wp\/v2\/users\/7"}],"replies":[{"embeddable":true,"href":"https:\/\/www.farakostolna.sk\/index.php?rest_route=%2Fwp%2Fv2%2Fcomments&post=9106"}],"version-history":[{"count":5,"href":"https:\/\/www.farakostolna.sk\/index.php?rest_route=\/wp\/v2\/posts\/9106\/revisions"}],"predecessor-version":[{"id":9122,"href":"https:\/\/www.farakostolna.sk\/index.php?rest_route=\/wp\/v2\/posts\/9106\/revisions\/9122"}],"wp:featuredmedia":[{"embeddable":true,"href":"https:\/\/www.farakostolna.sk\/index.php?rest_route=\/wp\/v2\/media\/9107"}],"wp:attachment":[{"href":"https:\/\/www.farakostolna.sk\/index.php?rest_route=%2Fwp%2Fv2%2Fmedia&parent=9106"}],"wp:term":[{"taxonomy":"category","embeddable":true,"href":"https:\/\/www.farakostolna.sk\/index.php?rest_route=%2Fwp%2Fv2%2Fcategories&post=9106"},{"taxonomy":"post_tag","embeddable":true,"href":"https:\/\/www.farakostolna.sk\/index.php?rest_route=%2Fwp%2Fv2%2Ftags&post=9106"}],"curies":[{"name":"wp","href":"https:\/\/api.w.org\/{rel}","templated":true}]}}