{"id":9100,"date":"2024-08-31T10:56:42","date_gmt":"2024-08-31T08:56:42","guid":{"rendered":"https:\/\/www.farakostolna.sk\/?p=9100"},"modified":"2024-08-31T10:58:46","modified_gmt":"2024-08-31T08:58:46","slug":"farske-oznamy-a-zamyslenie-01-09-2024","status":"publish","type":"post","link":"https:\/\/www.farakostolna.sk\/?p=9100","title":{"rendered":"Farsk\u00e9 oznamy a zamyslenie (01.09.2024)"},"content":{"rendered":"\n<figure class=\"wp-block-image size-large\"><img loading=\"lazy\" decoding=\"async\" width=\"1024\" height=\"947\" src=\"https:\/\/www.farakostolna.sk\/wp-content\/uploads\/2024\/08\/ecae4ece-0ed8-4454-970f-4983a4573db8-1024x947.jpeg\" alt=\"\" class=\"wp-image-9101\" srcset=\"https:\/\/www.farakostolna.sk\/wp-content\/uploads\/2024\/08\/ecae4ece-0ed8-4454-970f-4983a4573db8-1024x947.jpeg 1024w, https:\/\/www.farakostolna.sk\/wp-content\/uploads\/2024\/08\/ecae4ece-0ed8-4454-970f-4983a4573db8-300x277.jpeg 300w, https:\/\/www.farakostolna.sk\/wp-content\/uploads\/2024\/08\/ecae4ece-0ed8-4454-970f-4983a4573db8-768x710.jpeg 768w, https:\/\/www.farakostolna.sk\/wp-content\/uploads\/2024\/08\/ecae4ece-0ed8-4454-970f-4983a4573db8-1536x1421.jpeg 1536w, https:\/\/www.farakostolna.sk\/wp-content\/uploads\/2024\/08\/ecae4ece-0ed8-4454-970f-4983a4573db8.jpeg 2048w\" sizes=\"auto, (max-width: 1024px) 100vw, 1024px\" \/><\/figure>\n\n\n\n<p><\/p>\n\n\n\n<p>To, \u010do Je\u017ei\u0161 vyslovene zavrhol &#8211; zl\u00e9 my\u0161lienky, smilstv\u00e1, &#8230; hl\u00fapos\u0165 (Mk 7,21), je dnes, vo svete, kde progresivizmus naber\u00e1 na sile, priam &#8220;zlat\u00fdm te\u013ea\u0165om&#8221;. Rozpozn\u00e1vame t\u00fato diablovu taktiku, alebo sme sa \u0148ou nechali oklama\u0165 ako kedysi farizeji?<\/p>\n\n\n\n<!--more-->\n\n\n\n<p><strong>Sv\u00e4t\u00e9 om\u0161e u n\u00e1s:<\/strong><\/p>\n\n\n\n<p><strong>sobota \u2013 31. augusta (s nede\u013enou platnos\u0165ou)<\/strong><\/p>\n\n\n\n<ul class=\"wp-block-list\">\n<li><strong>17:00 \u2013 Hrub\u00e1 Bor\u0161a (slov.\/ma\u010f.)<\/strong><\/li>\n\n\n\n<li><strong>18:00 \u2013 Kostoln\u00e1 (slov.)<\/strong><\/li>\n<\/ul>\n\n\n\n<p><strong>nede\u013ea \u2013 1. septembra\u00a0<\/strong><\/p>\n\n\n\n<ul class=\"wp-block-list\">\n<li><strong>8:00 \u2013 Hrub\u00fd \u0160\u00far (ma\u010f.)<\/strong><\/li>\n\n\n\n<li><strong>9:30 \u2013 Kostoln\u00e1 (ma\u010f.)<\/strong><\/li>\n\n\n\n<li><strong>11:00 \u2013 Kostoln\u00e1 (slov.)<\/strong><\/li>\n<\/ul>\n\n\n\n<p><strong>V t\u00fato nede\u013eu m\u00e1me tzv. \u201cVeni Sancte\u201d, ke\u010f sa modl\u00edme k Duchu Sv\u00e4t\u00e9mu o jeho dary pre na\u0161ich \u017eiakov, \u0161tudentov, pedag\u00f3gov i rodi\u010dov. Na v\u0161etk\u00fdch troch sv\u00e4t\u00fdch om\u0161iach (8:00, 9:30 a 11:00) budem po\u017eehn\u00e1va\u0165 \u0161kolsk\u00e9 ta\u0161ky.<\/strong> O 11:00 bude tzv. \u201crodinn\u00e1\u201d sv\u00e4t\u00e1 om\u0161a vonku na farskom dvore pod pr\u00edstre\u0161kom. Poz\u00fdvame v\u0161etky deti spolu s rodi\u010dmi.<\/p>\n\n\n\n<p>Spoveda\u0165 budem tento t\u00fd\u017ede\u0148 v Kostolnej v stredu, \u0161tvrtok a piatok od 16:00 do 17:00 pod pr\u00edstre\u0161kom na farskom dvore. V tom \u010dase bude v kostole ador\u00e1cia.&nbsp;<\/p>\n\n\n\n<p><strong>O t\u00fd\u017ede\u0148 v nede\u013eu &#8211; 8. septembra &#8211; n\u00e1s na v\u0161etk\u00fdch troch sv\u00e4t\u00fdch om\u0161iach povzbud\u00ed vdp. Peter Majern\u00edk, ktor\u00fd p\u00f4sob\u00ed v Tanz\u00e1nii.<\/strong><\/p>\n\n\n\n<p>D\u00e1vam do pozornosti, \u017ee Sviatos\u0165 birmovania v ma\u010farskom jazyku bude v na\u0161ej farnosti v sobotu 28. septembra o 14:30.&nbsp;<\/p>\n\n\n\n<p>S \u00factou,&nbsp;<\/p>\n\n\n\n<p>Pavol Gajdo\u0161, v\u00e1\u0161 far\u00e1r<\/p>\n","protected":false},"excerpt":{"rendered":"<p>To, \u010do Je\u017ei\u0161 vyslovene zavrhol &#8211; zl\u00e9 my\u0161lienky, smilstv\u00e1, &#8230; hl\u00fapos\u0165 (Mk 7,21), je dnes, vo svete, kde progresivizmus naber\u00e1 na sile, priam &#8220;zlat\u00fdm te\u013ea\u0165om&#8221;. Rozpozn\u00e1vame t\u00fato diablovu taktiku, alebo sme sa \u0148ou nechali oklama\u0165 ako kedysi farizeji?<\/p>\n","protected":false},"author":7,"featured_media":9101,"comment_status":"closed","ping_status":"closed","sticky":false,"template":"","format":"standard","meta":{"footnotes":""},"categories":[13],"tags":[],"class_list":{"0":"entry","1":"post","2":"publish","3":"author-slado89gmail-com","4":"has-more-link","5":"post-9100","7":"format-standard","8":"has-post-thumbnail","9":"category-oznamy"},"_links":{"self":[{"href":"https:\/\/www.farakostolna.sk\/index.php?rest_route=\/wp\/v2\/posts\/9100","targetHints":{"allow":["GET"]}}],"collection":[{"href":"https:\/\/www.farakostolna.sk\/index.php?rest_route=\/wp\/v2\/posts"}],"about":[{"href":"https:\/\/www.farakostolna.sk\/index.php?rest_route=\/wp\/v2\/types\/post"}],"author":[{"embeddable":true,"href":"https:\/\/www.farakostolna.sk\/index.php?rest_route=\/wp\/v2\/users\/7"}],"replies":[{"embeddable":true,"href":"https:\/\/www.farakostolna.sk\/index.php?rest_route=%2Fwp%2Fv2%2Fcomments&post=9100"}],"version-history":[{"count":1,"href":"https:\/\/www.farakostolna.sk\/index.php?rest_route=\/wp\/v2\/posts\/9100\/revisions"}],"predecessor-version":[{"id":9102,"href":"https:\/\/www.farakostolna.sk\/index.php?rest_route=\/wp\/v2\/posts\/9100\/revisions\/9102"}],"wp:featuredmedia":[{"embeddable":true,"href":"https:\/\/www.farakostolna.sk\/index.php?rest_route=\/wp\/v2\/media\/9101"}],"wp:attachment":[{"href":"https:\/\/www.farakostolna.sk\/index.php?rest_route=%2Fwp%2Fv2%2Fmedia&parent=9100"}],"wp:term":[{"taxonomy":"category","embeddable":true,"href":"https:\/\/www.farakostolna.sk\/index.php?rest_route=%2Fwp%2Fv2%2Fcategories&post=9100"},{"taxonomy":"post_tag","embeddable":true,"href":"https:\/\/www.farakostolna.sk\/index.php?rest_route=%2Fwp%2Fv2%2Ftags&post=9100"}],"curies":[{"name":"wp","href":"https:\/\/api.w.org\/{rel}","templated":true}]}}